{"id":156106,"date":"2017-01-25T14:44:20","date_gmt":"2017-01-25T13:44:20","guid":{"rendered":"https:\/\/www.sagafurs.com\/?post_type=news&#038;p=156106\/"},"modified":"2017-01-25T14:44:20","modified_gmt":"2017-01-25T13:44:20","slug":"muutos-saga-furs-oyjn-varsinaisen-yhtiokokouksen-ajankohtaan","status":"publish","type":"news","link":"https:\/\/www.sagafurs.com\/fi\/yhtio\/uutiset\/muutos-saga-furs-oyjn-varsinaisen-yhtiokokouksen-ajankohtaan\/","title":{"rendered":"Muutos Saga Furs Oyj:n varsinaisen yhti\u00f6kokouksen ajankohtaan"},"content":{"rendered":"<p>Saga Fursin hallitus on p\u00e4\u00e4tt\u00e4nyt kutsua varsinainen yhti\u00f6kokouksen koolle Vantaalle 27.4.2017 aiemmin ilmoitetun 30.3.2017 sijasta.<\/p>\n","protected":false},"excerpt":{"rendered":"<p>Saga Fursin hallitus on p\u00e4\u00e4tt\u00e4nyt kutsua varsinainen yhti\u00f6kokouksen koolle Vantaalle 27.4.2017 aiemmin ilmoitetun 30.3.2017 sijasta.<\/p>\n","protected":false},"featured_media":0,"template":"","class_list":["post-156106","news","type-news","status-publish","hentry","news_category-yhtio"],"acf":[],"yoast_head":"<!-- This site is optimized with the Yoast SEO plugin v27.4 - https:\/\/yoast.com\/product\/yoast-seo-wordpress\/ -->\n<title>Muutos Saga Furs Oyj:n varsinaisen yhti\u00f6kokouksen ajankohtaan - Sagafurs<\/title>\n<meta name=\"robots\" content=\"index, follow, max-snippet:-1, max-image-preview:large, max-video-preview:-1\" \/>\n<link rel=\"canonical\" href=\"https:\/\/www.sagafurs.com\/fi\/yhtio\/uutiset\/muutos-saga-furs-oyjn-varsinaisen-yhtiokokouksen-ajankohtaan\/\" \/>\n<meta property=\"og:locale\" content=\"fi_FI\" \/>\n<meta property=\"og:type\" content=\"article\" \/>\n<meta property=\"og:title\" content=\"Muutos Saga Furs Oyj:n varsinaisen yhti\u00f6kokouksen ajankohtaan - Sagafurs\" \/>\n<meta property=\"og:description\" content=\"Saga Fursin hallitus on p\u00e4\u00e4tt\u00e4nyt kutsua varsinainen yhti\u00f6kokouksen koolle Vantaalle 27.4.2017 aiemmin ilmoitetun 30.3.2017 sijasta.\" \/>\n<meta property=\"og:url\" content=\"https:\/\/www.sagafurs.com\/fi\/yhtio\/uutiset\/muutos-saga-furs-oyjn-varsinaisen-yhtiokokouksen-ajankohtaan\/\" \/>\n<meta property=\"og:site_name\" content=\"Sagafurs\" \/>\n<meta name=\"twitter:card\" content=\"summary_large_image\" \/>\n<script type=\"application\/ld+json\" class=\"yoast-schema-graph\">{\"@context\":\"https:\\\/\\\/schema.org\",\"@graph\":[{\"@type\":\"WebPage\",\"@id\":\"https:\\\/\\\/www.sagafurs.com\\\/fi\\\/yhtio\\\/uutiset\\\/muutos-saga-furs-oyjn-varsinaisen-yhtiokokouksen-ajankohtaan\\\/\",\"url\":\"https:\\\/\\\/www.sagafurs.com\\\/fi\\\/yhtio\\\/uutiset\\\/muutos-saga-furs-oyjn-varsinaisen-yhtiokokouksen-ajankohtaan\\\/\",\"name\":\"Muutos Saga Furs Oyj:n varsinaisen yhti\u00f6kokouksen ajankohtaan - Sagafurs\",\"isPartOf\":{\"@id\":\"https:\\\/\\\/www.sagafurs.com\\\/#website\"},\"datePublished\":\"2017-01-25T13:44:20+00:00\",\"breadcrumb\":{\"@id\":\"https:\\\/\\\/www.sagafurs.com\\\/fi\\\/yhtio\\\/uutiset\\\/muutos-saga-furs-oyjn-varsinaisen-yhtiokokouksen-ajankohtaan\\\/#breadcrumb\"},\"inLanguage\":\"fi-FI\",\"potentialAction\":[{\"@type\":\"ReadAction\",\"target\":[\"https:\\\/\\\/www.sagafurs.com\\\/fi\\\/yhtio\\\/uutiset\\\/muutos-saga-furs-oyjn-varsinaisen-yhtiokokouksen-ajankohtaan\\\/\"]}]},{\"@type\":\"BreadcrumbList\",\"@id\":\"https:\\\/\\\/www.sagafurs.com\\\/fi\\\/yhtio\\\/uutiset\\\/muutos-saga-furs-oyjn-varsinaisen-yhtiokokouksen-ajankohtaan\\\/#breadcrumb\",\"itemListElement\":[{\"@type\":\"ListItem\",\"position\":1,\"name\":\"Home\",\"item\":\"https:\\\/\\\/www.sagafurs.com\\\/fi\\\/\"},{\"@type\":\"ListItem\",\"position\":2,\"name\":\"Muutos Saga Furs Oyj:n varsinaisen yhti\u00f6kokouksen ajankohtaan\"}]},{\"@type\":\"WebSite\",\"@id\":\"https:\\\/\\\/www.sagafurs.com\\\/#website\",\"url\":\"https:\\\/\\\/www.sagafurs.com\\\/\",\"name\":\"Sagafurs\",\"description\":\"Sagafurs\",\"potentialAction\":[{\"@type\":\"SearchAction\",\"target\":{\"@type\":\"EntryPoint\",\"urlTemplate\":\"https:\\\/\\\/www.sagafurs.com\\\/?s={search_term_string}\"},\"query-input\":{\"@type\":\"PropertyValueSpecification\",\"valueRequired\":true,\"valueName\":\"search_term_string\"}}],\"inLanguage\":\"fi-FI\"}]}<\/script>\n<!-- \/ Yoast SEO plugin. -->","yoast_head_json":{"title":"Muutos Saga Furs Oyj:n varsinaisen yhti\u00f6kokouksen ajankohtaan - Sagafurs","robots":{"index":"index","follow":"follow","max-snippet":"max-snippet:-1","max-image-preview":"max-image-preview:large","max-video-preview":"max-video-preview:-1"},"canonical":"https:\/\/www.sagafurs.com\/fi\/yhtio\/uutiset\/muutos-saga-furs-oyjn-varsinaisen-yhtiokokouksen-ajankohtaan\/","og_locale":"fi_FI","og_type":"article","og_title":"Muutos Saga Furs Oyj:n varsinaisen yhti\u00f6kokouksen ajankohtaan - Sagafurs","og_description":"Saga Fursin hallitus on p\u00e4\u00e4tt\u00e4nyt kutsua varsinainen yhti\u00f6kokouksen koolle Vantaalle 27.4.2017 aiemmin ilmoitetun 30.3.2017 sijasta.","og_url":"https:\/\/www.sagafurs.com\/fi\/yhtio\/uutiset\/muutos-saga-furs-oyjn-varsinaisen-yhtiokokouksen-ajankohtaan\/","og_site_name":"Sagafurs","twitter_card":"summary_large_image","schema":{"@context":"https:\/\/schema.org","@graph":[{"@type":"WebPage","@id":"https:\/\/www.sagafurs.com\/fi\/yhtio\/uutiset\/muutos-saga-furs-oyjn-varsinaisen-yhtiokokouksen-ajankohtaan\/","url":"https:\/\/www.sagafurs.com\/fi\/yhtio\/uutiset\/muutos-saga-furs-oyjn-varsinaisen-yhtiokokouksen-ajankohtaan\/","name":"Muutos Saga Furs Oyj:n varsinaisen yhti\u00f6kokouksen ajankohtaan - Sagafurs","isPartOf":{"@id":"https:\/\/www.sagafurs.com\/#website"},"datePublished":"2017-01-25T13:44:20+00:00","breadcrumb":{"@id":"https:\/\/www.sagafurs.com\/fi\/yhtio\/uutiset\/muutos-saga-furs-oyjn-varsinaisen-yhtiokokouksen-ajankohtaan\/#breadcrumb"},"inLanguage":"fi-FI","potentialAction":[{"@type":"ReadAction","target":["https:\/\/www.sagafurs.com\/fi\/yhtio\/uutiset\/muutos-saga-furs-oyjn-varsinaisen-yhtiokokouksen-ajankohtaan\/"]}]},{"@type":"BreadcrumbList","@id":"https:\/\/www.sagafurs.com\/fi\/yhtio\/uutiset\/muutos-saga-furs-oyjn-varsinaisen-yhtiokokouksen-ajankohtaan\/#breadcrumb","itemListElement":[{"@type":"ListItem","position":1,"name":"Home","item":"https:\/\/www.sagafurs.com\/fi\/"},{"@type":"ListItem","position":2,"name":"Muutos Saga Furs Oyj:n varsinaisen yhti\u00f6kokouksen ajankohtaan"}]},{"@type":"WebSite","@id":"https:\/\/www.sagafurs.com\/#website","url":"https:\/\/www.sagafurs.com\/","name":"Sagafurs","description":"Sagafurs","potentialAction":[{"@type":"SearchAction","target":{"@type":"EntryPoint","urlTemplate":"https:\/\/www.sagafurs.com\/?s={search_term_string}"},"query-input":{"@type":"PropertyValueSpecification","valueRequired":true,"valueName":"search_term_string"}}],"inLanguage":"fi-FI"}]}},"_links":{"self":[{"href":"https:\/\/www.sagafurs.com\/fi\/wp-json\/wp\/v2\/news\/156106","targetHints":{"allow":["GET"]}}],"collection":[{"href":"https:\/\/www.sagafurs.com\/fi\/wp-json\/wp\/v2\/news"}],"about":[{"href":"https:\/\/www.sagafurs.com\/fi\/wp-json\/wp\/v2\/types\/news"}],"version-history":[{"count":0,"href":"https:\/\/www.sagafurs.com\/fi\/wp-json\/wp\/v2\/news\/156106\/revisions"}],"wp:attachment":[{"href":"https:\/\/www.sagafurs.com\/fi\/wp-json\/wp\/v2\/media?parent=156106"}],"curies":[{"name":"wp","href":"https:\/\/api.w.org\/{rel}","templated":true}]}}