{"id":167732,"date":"2018-05-03T14:31:31","date_gmt":"2018-05-03T12:31:31","guid":{"rendered":"https:\/\/www.sagafurs.com\/?post_type=news&#038;p=167732\/"},"modified":"2018-05-03T14:31:31","modified_gmt":"2018-05-03T12:31:31","slug":"vastuulliset-valinnat-pariisin-seminaari-tarjosi-arvokasta-tietoa-vastuullisuudesta-ja-turkiksen-kaytosta","status":"publish","type":"news","link":"https:\/\/www.sagafurs.com\/fi\/yhtio\/uutiset\/vastuulliset-valinnat-pariisin-seminaari-tarjosi-arvokasta-tietoa-vastuullisuudesta-ja-turkiksen-kaytosta\/","title":{"rendered":"Vastuulliset valinnat \u2013 Pariisin seminaari tarjosi arvokasta tietoa vastuullisuudesta ja turkiksen k\u00e4yt\u00f6st\u00e4"},"content":{"rendered":"<p>Saga Furs is\u00e4nn\u00f6i kaksi puolip\u00e4iv\u00e4ist\u00e4 Pop-up-seminaaria Pariisissa 17. huhtikuuta. Seminaariin osallistuivat kolme suunnittelijaa ja paikalle tullutta muotiyhteis\u00f6\u00e4 pyydettiin osallistumaan turkista koskevaan keskusteluun sek\u00e4 pienimuotoiseen ty\u00f6pajaan.<\/p>\n<h2><strong>Suunnittelijat pyrkiv\u00e4t k\u00e4ytt\u00e4m\u00e4\u00e4n luovasti materiaaleja, joilla on vankka eettinen tausta <\/strong><\/h2>\n<p>Tilaisuuden avasi Tia Matthews, Saga Fursin muotiliiketoiminnasta vastaava johtaja. Kaikilla kolmella seminaariin osallistuneella suunnittelijalla Astrid Andersenilla, Jens Laugesenilla ja Francesca Liberatorella on oma persoonallinen l\u00e4hestymistapa muodin suunnitteluun. Tilaisuuden aikana he puhuivat omista valinnoistaan ja niist\u00e4 prosesseista, jotka liittyv\u00e4t vastuullisen turkistuotannon hy\u00f6dynt\u00e4miseen omissa mallistoissaan.<\/p>\n<p>Kaikki kolme suunnittelijaa ovat k\u00e4ytt\u00e4neet turkista omissa mallistoissaan ja ovat samaa mielt\u00e4 kuin lukuisat muutkin suunnittelijat \u2013 Saga Furs on huutokauppayhti\u00f6, joka on ollut aina edell\u00e4k\u00e4vij\u00e4 ja luonut uusia standardeja niin laadun kuin eettisyydenkin saralla.<\/p>\n<p><img loading=\"lazy\" decoding=\"async\" class=\"alignnone size-medium wp-image-167713\" src=\"http:\/\/www.sagafurs.com\/wp-content\/uploads\/2018\/04\/Saga-Furs-Paris-popup1-683x384.jpg\" alt=\"\" width=\"683\" height=\"384\" \/><\/p>\n<p>&nbsp;<\/p>\n<h2><strong>Saga Fursin j\u00e4rjest\u00e4m\u00e4 ty\u00f6paja n\u00e4ytti, miten erilaiset turkistekniikat n\u00e4kyv\u00e4t muodin catwalkeilla <\/strong><\/h2>\n<p>Seminaarin p\u00e4\u00e4tti Saga Fursin j\u00e4rjest\u00e4m\u00e4 turkiksen k\u00e4sittely\u00e4 ja k\u00e4ytt\u00f6\u00e4 koskeva ty\u00f6paja. Ty\u00f6pajassa esitettiin erilaisia turkistekniikoita, joita k\u00e4ytet\u00e4\u00e4n muotiteollisuudessa. Seminaarin osallistujat saivat paljon mielenkiintoista sis\u00e4piiritietoa siit\u00e4, mik\u00e4 on tehnyt Saga Fursista inspiroivan, luovan turkiksen k\u00e4yt\u00f6n vaikuttajan, jonka j\u00e4lki n\u00e4kyy muodin catwalkeilla joka vuosi.<\/p>\n<p>Seminaarin yhteydess\u00e4 j\u00e4rjestettiin my\u00f6s retrospektiivinen n\u00e4yttely, joka juhlisti Saga Fursin 80-vuotishistoriaa ja Saga Furs Design Centren 30-vuotishistoriaa. Design Centre on juuri se paikka, jossa kaikki innovatiiviset turkistekniikat ovat aikanaan kehitetty ja sitten jaettu muotimaailman kanssa.<\/p>\n<p>Seminaari sai todella paljon positiivista palautetta. Tilaisuuden aikana k\u00e4ytiin avoimesti monia mielenkiintoisia keskusteluja koskien turkiksen k\u00e4ytt\u00f6\u00e4, vastuullisuutta ja muotisuunnittelua.<\/p>\n<p><img loading=\"lazy\" decoding=\"async\" class=\"alignnone size-medium wp-image-167719\" src=\"http:\/\/www.sagafurs.com\/wp-content\/uploads\/2018\/04\/Saga-Furs-popup2-683x384.jpg\" alt=\"\" width=\"683\" height=\"384\" \/><\/p>\n","protected":false},"excerpt":{"rendered":"<p>Saga Furs is\u00e4nn\u00f6i kaksi puolip\u00e4iv\u00e4ist\u00e4 Pop-up-seminaaria Pariisissa 17. huhtikuuta. Seminaariin osallistuivat kolme suunnittelijaa ja paikalle tullutta muotiyhteis\u00f6\u00e4 pyydettiin osallistumaan turkista koskevaan keskusteluun sek\u00e4 pienimuotoiseen ty\u00f6pajaan. Suunnittelijat pyrkiv\u00e4t k\u00e4ytt\u00e4m\u00e4\u00e4n luovasti materiaaleja, joilla on vankka eettinen tausta Tilaisuuden avasi Tia Matthews, Saga Fursin muotiliiketoiminnasta vastaava johtaja. Kaikilla kolmella seminaariin osallistuneella suunnittelijalla Astrid Andersenilla, Jens Laugesenilla ja Francesca<a class=\"excerpt-read-more\" href=\"https:\/\/www.sagafurs.com\/fi\/yhtio\/uutiset\/vastuulliset-valinnat-pariisin-seminaari-tarjosi-arvokasta-tietoa-vastuullisuudesta-ja-turkiksen-kaytosta\/\" title=\"LueVastuulliset valinnat \u2013 Pariisin seminaari tarjosi arvokasta tietoa vastuullisuudesta ja turkiksen k\u00e4yt\u00f6st\u00e4\">\u2026 Lue lis\u00e4\u00e4 &raquo;<\/a><\/p>\n","protected":false},"featured_media":0,"template":"","class_list":["post-167732","news","type-news","status-publish","hentry","news_category-muoti"],"acf":[],"yoast_head":"<!-- This site is optimized with the Yoast SEO plugin v27.4 - https:\/\/yoast.com\/product\/yoast-seo-wordpress\/ -->\n<title>Vastuulliset valinnat \u2013 Pariisin seminaari tarjosi arvokasta tietoa vastuullisuudesta ja turkiksen k\u00e4yt\u00f6st\u00e4 - Sagafurs<\/title>\n<meta name=\"robots\" content=\"index, follow, max-snippet:-1, max-image-preview:large, max-video-preview:-1\" \/>\n<link rel=\"canonical\" href=\"https:\/\/www.sagafurs.com\/fi\/yhtio\/uutiset\/vastuulliset-valinnat-pariisin-seminaari-tarjosi-arvokasta-tietoa-vastuullisuudesta-ja-turkiksen-kaytosta\/\" \/>\n<meta property=\"og:locale\" content=\"fi_FI\" \/>\n<meta property=\"og:type\" content=\"article\" \/>\n<meta property=\"og:title\" content=\"Vastuulliset valinnat \u2013 Pariisin seminaari tarjosi arvokasta tietoa vastuullisuudesta ja turkiksen k\u00e4yt\u00f6st\u00e4 - Sagafurs\" \/>\n<meta property=\"og:description\" content=\"Saga Furs is\u00e4nn\u00f6i kaksi puolip\u00e4iv\u00e4ist\u00e4 Pop-up-seminaaria Pariisissa 17. huhtikuuta. Seminaariin osallistuivat kolme suunnittelijaa ja paikalle tullutta muotiyhteis\u00f6\u00e4 pyydettiin osallistumaan turkista koskevaan keskusteluun sek\u00e4 pienimuotoiseen ty\u00f6pajaan. Suunnittelijat pyrkiv\u00e4t k\u00e4ytt\u00e4m\u00e4\u00e4n luovasti materiaaleja, joilla on vankka eettinen tausta Tilaisuuden avasi Tia Matthews, Saga Fursin muotiliiketoiminnasta vastaava johtaja. Kaikilla kolmella seminaariin osallistuneella suunnittelijalla Astrid Andersenilla, Jens Laugesenilla ja Francesca\u2026 Lue lis\u00e4\u00e4 &raquo;\" \/>\n<meta property=\"og:url\" content=\"https:\/\/www.sagafurs.com\/fi\/yhtio\/uutiset\/vastuulliset-valinnat-pariisin-seminaari-tarjosi-arvokasta-tietoa-vastuullisuudesta-ja-turkiksen-kaytosta\/\" \/>\n<meta property=\"og:site_name\" content=\"Sagafurs\" \/>\n<meta property=\"og:image\" content=\"http:\/\/www.sagafurs.com\/wp-content\/uploads\/2018\/04\/Saga-Furs-Paris-popup1-683x384.jpg\" \/>\n<meta name=\"twitter:card\" content=\"summary_large_image\" \/>\n<meta name=\"twitter:label1\" content=\"Est. reading time\" \/>\n\t<meta name=\"twitter:data1\" content=\"1 minute\" \/>\n<script type=\"application\/ld+json\" class=\"yoast-schema-graph\">{\"@context\":\"https:\\\/\\\/schema.org\",\"@graph\":[{\"@type\":\"WebPage\",\"@id\":\"https:\\\/\\\/www.sagafurs.com\\\/fi\\\/yhtio\\\/uutiset\\\/vastuulliset-valinnat-pariisin-seminaari-tarjosi-arvokasta-tietoa-vastuullisuudesta-ja-turkiksen-kaytosta\\\/\",\"url\":\"https:\\\/\\\/www.sagafurs.com\\\/fi\\\/yhtio\\\/uutiset\\\/vastuulliset-valinnat-pariisin-seminaari-tarjosi-arvokasta-tietoa-vastuullisuudesta-ja-turkiksen-kaytosta\\\/\",\"name\":\"Vastuulliset valinnat \u2013 Pariisin seminaari tarjosi arvokasta tietoa vastuullisuudesta ja turkiksen k\u00e4yt\u00f6st\u00e4 - Sagafurs\",\"isPartOf\":{\"@id\":\"https:\\\/\\\/www.sagafurs.com\\\/#website\"},\"primaryImageOfPage\":{\"@id\":\"https:\\\/\\\/www.sagafurs.com\\\/fi\\\/yhtio\\\/uutiset\\\/vastuulliset-valinnat-pariisin-seminaari-tarjosi-arvokasta-tietoa-vastuullisuudesta-ja-turkiksen-kaytosta\\\/#primaryimage\"},\"image\":{\"@id\":\"https:\\\/\\\/www.sagafurs.com\\\/fi\\\/yhtio\\\/uutiset\\\/vastuulliset-valinnat-pariisin-seminaari-tarjosi-arvokasta-tietoa-vastuullisuudesta-ja-turkiksen-kaytosta\\\/#primaryimage\"},\"thumbnailUrl\":\"http:\\\/\\\/www.sagafurs.com\\\/wp-content\\\/uploads\\\/2018\\\/04\\\/Saga-Furs-Paris-popup1-683x384.jpg\",\"datePublished\":\"2018-05-03T12:31:31+00:00\",\"breadcrumb\":{\"@id\":\"https:\\\/\\\/www.sagafurs.com\\\/fi\\\/yhtio\\\/uutiset\\\/vastuulliset-valinnat-pariisin-seminaari-tarjosi-arvokasta-tietoa-vastuullisuudesta-ja-turkiksen-kaytosta\\\/#breadcrumb\"},\"inLanguage\":\"fi-FI\",\"potentialAction\":[{\"@type\":\"ReadAction\",\"target\":[\"https:\\\/\\\/www.sagafurs.com\\\/fi\\\/yhtio\\\/uutiset\\\/vastuulliset-valinnat-pariisin-seminaari-tarjosi-arvokasta-tietoa-vastuullisuudesta-ja-turkiksen-kaytosta\\\/\"]}]},{\"@type\":\"ImageObject\",\"inLanguage\":\"fi-FI\",\"@id\":\"https:\\\/\\\/www.sagafurs.com\\\/fi\\\/yhtio\\\/uutiset\\\/vastuulliset-valinnat-pariisin-seminaari-tarjosi-arvokasta-tietoa-vastuullisuudesta-ja-turkiksen-kaytosta\\\/#primaryimage\",\"url\":\"http:\\\/\\\/www.sagafurs.com\\\/wp-content\\\/uploads\\\/2018\\\/04\\\/Saga-Furs-Paris-popup1-683x384.jpg\",\"contentUrl\":\"http:\\\/\\\/www.sagafurs.com\\\/wp-content\\\/uploads\\\/2018\\\/04\\\/Saga-Furs-Paris-popup1-683x384.jpg\"},{\"@type\":\"BreadcrumbList\",\"@id\":\"https:\\\/\\\/www.sagafurs.com\\\/fi\\\/yhtio\\\/uutiset\\\/vastuulliset-valinnat-pariisin-seminaari-tarjosi-arvokasta-tietoa-vastuullisuudesta-ja-turkiksen-kaytosta\\\/#breadcrumb\",\"itemListElement\":[{\"@type\":\"ListItem\",\"position\":1,\"name\":\"Home\",\"item\":\"https:\\\/\\\/www.sagafurs.com\\\/fi\\\/\"},{\"@type\":\"ListItem\",\"position\":2,\"name\":\"Vastuulliset valinnat \u2013 Pariisin seminaari tarjosi arvokasta tietoa vastuullisuudesta ja turkiksen k\u00e4yt\u00f6st\u00e4\"}]},{\"@type\":\"WebSite\",\"@id\":\"https:\\\/\\\/www.sagafurs.com\\\/#website\",\"url\":\"https:\\\/\\\/www.sagafurs.com\\\/\",\"name\":\"Sagafurs\",\"description\":\"Sagafurs\",\"potentialAction\":[{\"@type\":\"SearchAction\",\"target\":{\"@type\":\"EntryPoint\",\"urlTemplate\":\"https:\\\/\\\/www.sagafurs.com\\\/?s={search_term_string}\"},\"query-input\":{\"@type\":\"PropertyValueSpecification\",\"valueRequired\":true,\"valueName\":\"search_term_string\"}}],\"inLanguage\":\"fi-FI\"}]}<\/script>\n<!-- \/ Yoast SEO plugin. -->","yoast_head_json":{"title":"Vastuulliset valinnat \u2013 Pariisin seminaari tarjosi arvokasta tietoa vastuullisuudesta ja turkiksen k\u00e4yt\u00f6st\u00e4 - Sagafurs","robots":{"index":"index","follow":"follow","max-snippet":"max-snippet:-1","max-image-preview":"max-image-preview:large","max-video-preview":"max-video-preview:-1"},"canonical":"https:\/\/www.sagafurs.com\/fi\/yhtio\/uutiset\/vastuulliset-valinnat-pariisin-seminaari-tarjosi-arvokasta-tietoa-vastuullisuudesta-ja-turkiksen-kaytosta\/","og_locale":"fi_FI","og_type":"article","og_title":"Vastuulliset valinnat \u2013 Pariisin seminaari tarjosi arvokasta tietoa vastuullisuudesta ja turkiksen k\u00e4yt\u00f6st\u00e4 - Sagafurs","og_description":"Saga Furs is\u00e4nn\u00f6i kaksi puolip\u00e4iv\u00e4ist\u00e4 Pop-up-seminaaria Pariisissa 17. huhtikuuta. Seminaariin osallistuivat kolme suunnittelijaa ja paikalle tullutta muotiyhteis\u00f6\u00e4 pyydettiin osallistumaan turkista koskevaan keskusteluun sek\u00e4 pienimuotoiseen ty\u00f6pajaan. Suunnittelijat pyrkiv\u00e4t k\u00e4ytt\u00e4m\u00e4\u00e4n luovasti materiaaleja, joilla on vankka eettinen tausta Tilaisuuden avasi Tia Matthews, Saga Fursin muotiliiketoiminnasta vastaava johtaja. Kaikilla kolmella seminaariin osallistuneella suunnittelijalla Astrid Andersenilla, Jens Laugesenilla ja Francesca\u2026 Lue lis\u00e4\u00e4 &raquo;","og_url":"https:\/\/www.sagafurs.com\/fi\/yhtio\/uutiset\/vastuulliset-valinnat-pariisin-seminaari-tarjosi-arvokasta-tietoa-vastuullisuudesta-ja-turkiksen-kaytosta\/","og_site_name":"Sagafurs","og_image":[{"url":"http:\/\/www.sagafurs.com\/wp-content\/uploads\/2018\/04\/Saga-Furs-Paris-popup1-683x384.jpg","type":"","width":"","height":""}],"twitter_card":"summary_large_image","twitter_misc":{"Est. reading time":"1 minute"},"schema":{"@context":"https:\/\/schema.org","@graph":[{"@type":"WebPage","@id":"https:\/\/www.sagafurs.com\/fi\/yhtio\/uutiset\/vastuulliset-valinnat-pariisin-seminaari-tarjosi-arvokasta-tietoa-vastuullisuudesta-ja-turkiksen-kaytosta\/","url":"https:\/\/www.sagafurs.com\/fi\/yhtio\/uutiset\/vastuulliset-valinnat-pariisin-seminaari-tarjosi-arvokasta-tietoa-vastuullisuudesta-ja-turkiksen-kaytosta\/","name":"Vastuulliset valinnat \u2013 Pariisin seminaari tarjosi arvokasta tietoa vastuullisuudesta ja turkiksen k\u00e4yt\u00f6st\u00e4 - Sagafurs","isPartOf":{"@id":"https:\/\/www.sagafurs.com\/#website"},"primaryImageOfPage":{"@id":"https:\/\/www.sagafurs.com\/fi\/yhtio\/uutiset\/vastuulliset-valinnat-pariisin-seminaari-tarjosi-arvokasta-tietoa-vastuullisuudesta-ja-turkiksen-kaytosta\/#primaryimage"},"image":{"@id":"https:\/\/www.sagafurs.com\/fi\/yhtio\/uutiset\/vastuulliset-valinnat-pariisin-seminaari-tarjosi-arvokasta-tietoa-vastuullisuudesta-ja-turkiksen-kaytosta\/#primaryimage"},"thumbnailUrl":"http:\/\/www.sagafurs.com\/wp-content\/uploads\/2018\/04\/Saga-Furs-Paris-popup1-683x384.jpg","datePublished":"2018-05-03T12:31:31+00:00","breadcrumb":{"@id":"https:\/\/www.sagafurs.com\/fi\/yhtio\/uutiset\/vastuulliset-valinnat-pariisin-seminaari-tarjosi-arvokasta-tietoa-vastuullisuudesta-ja-turkiksen-kaytosta\/#breadcrumb"},"inLanguage":"fi-FI","potentialAction":[{"@type":"ReadAction","target":["https:\/\/www.sagafurs.com\/fi\/yhtio\/uutiset\/vastuulliset-valinnat-pariisin-seminaari-tarjosi-arvokasta-tietoa-vastuullisuudesta-ja-turkiksen-kaytosta\/"]}]},{"@type":"ImageObject","inLanguage":"fi-FI","@id":"https:\/\/www.sagafurs.com\/fi\/yhtio\/uutiset\/vastuulliset-valinnat-pariisin-seminaari-tarjosi-arvokasta-tietoa-vastuullisuudesta-ja-turkiksen-kaytosta\/#primaryimage","url":"http:\/\/www.sagafurs.com\/wp-content\/uploads\/2018\/04\/Saga-Furs-Paris-popup1-683x384.jpg","contentUrl":"http:\/\/www.sagafurs.com\/wp-content\/uploads\/2018\/04\/Saga-Furs-Paris-popup1-683x384.jpg"},{"@type":"BreadcrumbList","@id":"https:\/\/www.sagafurs.com\/fi\/yhtio\/uutiset\/vastuulliset-valinnat-pariisin-seminaari-tarjosi-arvokasta-tietoa-vastuullisuudesta-ja-turkiksen-kaytosta\/#breadcrumb","itemListElement":[{"@type":"ListItem","position":1,"name":"Home","item":"https:\/\/www.sagafurs.com\/fi\/"},{"@type":"ListItem","position":2,"name":"Vastuulliset valinnat \u2013 Pariisin seminaari tarjosi arvokasta tietoa vastuullisuudesta ja turkiksen k\u00e4yt\u00f6st\u00e4"}]},{"@type":"WebSite","@id":"https:\/\/www.sagafurs.com\/#website","url":"https:\/\/www.sagafurs.com\/","name":"Sagafurs","description":"Sagafurs","potentialAction":[{"@type":"SearchAction","target":{"@type":"EntryPoint","urlTemplate":"https:\/\/www.sagafurs.com\/?s={search_term_string}"},"query-input":{"@type":"PropertyValueSpecification","valueRequired":true,"valueName":"search_term_string"}}],"inLanguage":"fi-FI"}]}},"_links":{"self":[{"href":"https:\/\/www.sagafurs.com\/fi\/wp-json\/wp\/v2\/news\/167732","targetHints":{"allow":["GET"]}}],"collection":[{"href":"https:\/\/www.sagafurs.com\/fi\/wp-json\/wp\/v2\/news"}],"about":[{"href":"https:\/\/www.sagafurs.com\/fi\/wp-json\/wp\/v2\/types\/news"}],"version-history":[{"count":0,"href":"https:\/\/www.sagafurs.com\/fi\/wp-json\/wp\/v2\/news\/167732\/revisions"}],"wp:attachment":[{"href":"https:\/\/www.sagafurs.com\/fi\/wp-json\/wp\/v2\/media?parent=167732"}],"curies":[{"name":"wp","href":"https:\/\/api.w.org\/{rel}","templated":true}]}}