{"id":168921,"date":"2018-09-25T14:10:22","date_gmt":"2018-09-25T12:10:22","guid":{"rendered":"https:\/\/www.sagafurs.com\/corporate\/news\/saga-furs-launched-latest-photoshoot-campaign-aw18\/"},"modified":"2018-10-15T08:55:28","modified_gmt":"2018-10-15T06:55:28","slug":"saga-furs-julkaisi-tuoreimman-syksy-talvi-2018-valokuvakampanjan","status":"publish","type":"news","link":"https:\/\/www.sagafurs.com\/fi\/yhtio\/uutiset\/saga-furs-julkaisi-tuoreimman-syksy-talvi-2018-valokuvakampanjan\/","title":{"rendered":"Saga Furs julkaisi tuoreimman syksy-talvi 2018 valokuvakampanjan"},"content":{"rendered":"<p>Syksyinen tunnelma luo idyllisen ymp\u00e4rist\u00f6n Saga Fursin syksy-talvi 2018 kampanjalle, joka on tuotettu yhteisty\u00f6ss\u00e4 eri kumppaneiden kanssa. Jokainen kuvissa n\u00e4kyv\u00e4 tuote on kauniisti toteutettu Saga Furs Design Centren -tekniikoilla. V\u00e4rit, muodot ja struktuurit sulautuvat saumattomasti luontoon.<\/p>\n<p>Valokuvia tullaan k\u00e4ytt\u00e4m\u00e4\u00e4n mainosjulkaisuissa, myynninedist\u00e4mistoimissa ja sosiaalisessa mediassa.<\/p>\n<p><strong>Suunnittelijat:<\/strong> Amanda Wakeley, Aalto International, Cristiano Burani, Astrid Andersen, Francesca Liberatore, Poiret, Elie Saab, Christopher Kane ja Sandy Liang.<\/p>\n<p><strong>Yhteisty\u00f6kumppanit:<\/strong> Sabatier (Korea), Innov (Kreikka), Wooden (Korea), TF33 (Kiina), KC Fur (Kiina), Elegant Prosper (Kiina) ja Via Cappella (Ven\u00e4j\u00e4).<\/p>\n<p>&nbsp;<\/p>\n<p>&nbsp;<\/p>\n","protected":false},"excerpt":{"rendered":"<p>Syksyinen tunnelma luo idyllisen ymp\u00e4rist\u00f6n Saga Fursin syksy-talvi 2018 kampanjalle, joka on tuotettu yhteisty\u00f6ss\u00e4 eri kumppaneiden kanssa. Jokainen kuvissa n\u00e4kyv\u00e4 tuote on kauniisti toteutettu Saga Furs Design Centren -tekniikoilla. V\u00e4rit, muodot ja struktuurit sulautuvat saumattomasti luontoon. Valokuvia tullaan k\u00e4ytt\u00e4m\u00e4\u00e4n mainosjulkaisuissa, myynninedist\u00e4mistoimissa ja sosiaalisessa mediassa. Suunnittelijat: Amanda Wakeley, Aalto International, Cristiano Burani, Astrid Andersen, Francesca Liberatore,<a class=\"excerpt-read-more\" href=\"https:\/\/www.sagafurs.com\/fi\/yhtio\/uutiset\/saga-furs-julkaisi-tuoreimman-syksy-talvi-2018-valokuvakampanjan\/\" title=\"LueSaga Furs julkaisi tuoreimman syksy-talvi 2018 valokuvakampanjan\">\u2026 Lue lis\u00e4\u00e4 &raquo;<\/a><\/p>\n","protected":false},"featured_media":0,"template":"","class_list":["post-168921","news","type-news","status-publish","hentry","news_category-yhtio","news_category-muoti"],"acf":[],"yoast_head":"<!-- This site is optimized with the Yoast SEO plugin v27.4 - https:\/\/yoast.com\/product\/yoast-seo-wordpress\/ -->\n<title>Saga Furs julkaisi tuoreimman syksy-talvi 2018 valokuvakampanjan - Sagafurs<\/title>\n<meta name=\"robots\" content=\"index, follow, max-snippet:-1, max-image-preview:large, max-video-preview:-1\" \/>\n<link rel=\"canonical\" href=\"https:\/\/www.sagafurs.com\/fi\/yhtio\/uutiset\/saga-furs-julkaisi-tuoreimman-syksy-talvi-2018-valokuvakampanjan\/\" \/>\n<meta property=\"og:locale\" content=\"fi_FI\" \/>\n<meta property=\"og:type\" content=\"article\" \/>\n<meta property=\"og:title\" content=\"Saga Furs julkaisi tuoreimman syksy-talvi 2018 valokuvakampanjan - Sagafurs\" \/>\n<meta property=\"og:description\" content=\"Syksyinen tunnelma luo idyllisen ymp\u00e4rist\u00f6n Saga Fursin syksy-talvi 2018 kampanjalle, joka on tuotettu yhteisty\u00f6ss\u00e4 eri kumppaneiden kanssa. Jokainen kuvissa n\u00e4kyv\u00e4 tuote on kauniisti toteutettu Saga Furs Design Centren -tekniikoilla. V\u00e4rit, muodot ja struktuurit sulautuvat saumattomasti luontoon. Valokuvia tullaan k\u00e4ytt\u00e4m\u00e4\u00e4n mainosjulkaisuissa, myynninedist\u00e4mistoimissa ja sosiaalisessa mediassa. Suunnittelijat: Amanda Wakeley, Aalto International, Cristiano Burani, Astrid Andersen, Francesca Liberatore,\u2026 Lue lis\u00e4\u00e4 &raquo;\" \/>\n<meta property=\"og:url\" content=\"https:\/\/www.sagafurs.com\/fi\/yhtio\/uutiset\/saga-furs-julkaisi-tuoreimman-syksy-talvi-2018-valokuvakampanjan\/\" \/>\n<meta property=\"og:site_name\" content=\"Sagafurs\" \/>\n<meta property=\"article:modified_time\" content=\"2018-10-15T06:55:28+00:00\" \/>\n<meta name=\"twitter:card\" content=\"summary_large_image\" \/>\n<script type=\"application\/ld+json\" class=\"yoast-schema-graph\">{\"@context\":\"https:\\\/\\\/schema.org\",\"@graph\":[{\"@type\":\"WebPage\",\"@id\":\"https:\\\/\\\/www.sagafurs.com\\\/fi\\\/yhtio\\\/uutiset\\\/saga-furs-julkaisi-tuoreimman-syksy-talvi-2018-valokuvakampanjan\\\/\",\"url\":\"https:\\\/\\\/www.sagafurs.com\\\/fi\\\/yhtio\\\/uutiset\\\/saga-furs-julkaisi-tuoreimman-syksy-talvi-2018-valokuvakampanjan\\\/\",\"name\":\"Saga Furs julkaisi tuoreimman syksy-talvi 2018 valokuvakampanjan - Sagafurs\",\"isPartOf\":{\"@id\":\"https:\\\/\\\/www.sagafurs.com\\\/#website\"},\"datePublished\":\"2018-09-25T12:10:22+00:00\",\"dateModified\":\"2018-10-15T06:55:28+00:00\",\"breadcrumb\":{\"@id\":\"https:\\\/\\\/www.sagafurs.com\\\/fi\\\/yhtio\\\/uutiset\\\/saga-furs-julkaisi-tuoreimman-syksy-talvi-2018-valokuvakampanjan\\\/#breadcrumb\"},\"inLanguage\":\"fi-FI\",\"potentialAction\":[{\"@type\":\"ReadAction\",\"target\":[\"https:\\\/\\\/www.sagafurs.com\\\/fi\\\/yhtio\\\/uutiset\\\/saga-furs-julkaisi-tuoreimman-syksy-talvi-2018-valokuvakampanjan\\\/\"]}]},{\"@type\":\"BreadcrumbList\",\"@id\":\"https:\\\/\\\/www.sagafurs.com\\\/fi\\\/yhtio\\\/uutiset\\\/saga-furs-julkaisi-tuoreimman-syksy-talvi-2018-valokuvakampanjan\\\/#breadcrumb\",\"itemListElement\":[{\"@type\":\"ListItem\",\"position\":1,\"name\":\"Home\",\"item\":\"https:\\\/\\\/www.sagafurs.com\\\/fi\\\/\"},{\"@type\":\"ListItem\",\"position\":2,\"name\":\"Saga Furs julkaisi tuoreimman syksy-talvi 2018 valokuvakampanjan\"}]},{\"@type\":\"WebSite\",\"@id\":\"https:\\\/\\\/www.sagafurs.com\\\/#website\",\"url\":\"https:\\\/\\\/www.sagafurs.com\\\/\",\"name\":\"Sagafurs\",\"description\":\"Sagafurs\",\"potentialAction\":[{\"@type\":\"SearchAction\",\"target\":{\"@type\":\"EntryPoint\",\"urlTemplate\":\"https:\\\/\\\/www.sagafurs.com\\\/?s={search_term_string}\"},\"query-input\":{\"@type\":\"PropertyValueSpecification\",\"valueRequired\":true,\"valueName\":\"search_term_string\"}}],\"inLanguage\":\"fi-FI\"}]}<\/script>\n<!-- \/ Yoast SEO plugin. -->","yoast_head_json":{"title":"Saga Furs julkaisi tuoreimman syksy-talvi 2018 valokuvakampanjan - Sagafurs","robots":{"index":"index","follow":"follow","max-snippet":"max-snippet:-1","max-image-preview":"max-image-preview:large","max-video-preview":"max-video-preview:-1"},"canonical":"https:\/\/www.sagafurs.com\/fi\/yhtio\/uutiset\/saga-furs-julkaisi-tuoreimman-syksy-talvi-2018-valokuvakampanjan\/","og_locale":"fi_FI","og_type":"article","og_title":"Saga Furs julkaisi tuoreimman syksy-talvi 2018 valokuvakampanjan - Sagafurs","og_description":"Syksyinen tunnelma luo idyllisen ymp\u00e4rist\u00f6n Saga Fursin syksy-talvi 2018 kampanjalle, joka on tuotettu yhteisty\u00f6ss\u00e4 eri kumppaneiden kanssa. Jokainen kuvissa n\u00e4kyv\u00e4 tuote on kauniisti toteutettu Saga Furs Design Centren -tekniikoilla. V\u00e4rit, muodot ja struktuurit sulautuvat saumattomasti luontoon. Valokuvia tullaan k\u00e4ytt\u00e4m\u00e4\u00e4n mainosjulkaisuissa, myynninedist\u00e4mistoimissa ja sosiaalisessa mediassa. Suunnittelijat: Amanda Wakeley, Aalto International, Cristiano Burani, Astrid Andersen, Francesca Liberatore,\u2026 Lue lis\u00e4\u00e4 &raquo;","og_url":"https:\/\/www.sagafurs.com\/fi\/yhtio\/uutiset\/saga-furs-julkaisi-tuoreimman-syksy-talvi-2018-valokuvakampanjan\/","og_site_name":"Sagafurs","article_modified_time":"2018-10-15T06:55:28+00:00","twitter_card":"summary_large_image","schema":{"@context":"https:\/\/schema.org","@graph":[{"@type":"WebPage","@id":"https:\/\/www.sagafurs.com\/fi\/yhtio\/uutiset\/saga-furs-julkaisi-tuoreimman-syksy-talvi-2018-valokuvakampanjan\/","url":"https:\/\/www.sagafurs.com\/fi\/yhtio\/uutiset\/saga-furs-julkaisi-tuoreimman-syksy-talvi-2018-valokuvakampanjan\/","name":"Saga Furs julkaisi tuoreimman syksy-talvi 2018 valokuvakampanjan - Sagafurs","isPartOf":{"@id":"https:\/\/www.sagafurs.com\/#website"},"datePublished":"2018-09-25T12:10:22+00:00","dateModified":"2018-10-15T06:55:28+00:00","breadcrumb":{"@id":"https:\/\/www.sagafurs.com\/fi\/yhtio\/uutiset\/saga-furs-julkaisi-tuoreimman-syksy-talvi-2018-valokuvakampanjan\/#breadcrumb"},"inLanguage":"fi-FI","potentialAction":[{"@type":"ReadAction","target":["https:\/\/www.sagafurs.com\/fi\/yhtio\/uutiset\/saga-furs-julkaisi-tuoreimman-syksy-talvi-2018-valokuvakampanjan\/"]}]},{"@type":"BreadcrumbList","@id":"https:\/\/www.sagafurs.com\/fi\/yhtio\/uutiset\/saga-furs-julkaisi-tuoreimman-syksy-talvi-2018-valokuvakampanjan\/#breadcrumb","itemListElement":[{"@type":"ListItem","position":1,"name":"Home","item":"https:\/\/www.sagafurs.com\/fi\/"},{"@type":"ListItem","position":2,"name":"Saga Furs julkaisi tuoreimman syksy-talvi 2018 valokuvakampanjan"}]},{"@type":"WebSite","@id":"https:\/\/www.sagafurs.com\/#website","url":"https:\/\/www.sagafurs.com\/","name":"Sagafurs","description":"Sagafurs","potentialAction":[{"@type":"SearchAction","target":{"@type":"EntryPoint","urlTemplate":"https:\/\/www.sagafurs.com\/?s={search_term_string}"},"query-input":{"@type":"PropertyValueSpecification","valueRequired":true,"valueName":"search_term_string"}}],"inLanguage":"fi-FI"}]}},"_links":{"self":[{"href":"https:\/\/www.sagafurs.com\/fi\/wp-json\/wp\/v2\/news\/168921","targetHints":{"allow":["GET"]}}],"collection":[{"href":"https:\/\/www.sagafurs.com\/fi\/wp-json\/wp\/v2\/news"}],"about":[{"href":"https:\/\/www.sagafurs.com\/fi\/wp-json\/wp\/v2\/types\/news"}],"version-history":[{"count":0,"href":"https:\/\/www.sagafurs.com\/fi\/wp-json\/wp\/v2\/news\/168921\/revisions"}],"wp:attachment":[{"href":"https:\/\/www.sagafurs.com\/fi\/wp-json\/wp\/v2\/media?parent=168921"}],"curies":[{"name":"wp","href":"https:\/\/api.w.org\/{rel}","templated":true}]}}