{"id":171956,"date":"2019-09-30T09:43:44","date_gmt":"2019-09-30T06:43:44","guid":{"rendered":"https:\/\/www.sagafurs.com\/corporate\/news\/saga-furs-succeeded-to-inspire-new-people-to-use-fur\/"},"modified":"2019-10-01T13:32:31","modified_gmt":"2019-10-01T10:32:31","slug":"saga-furs-onnistui-innostamaan-ihmisia-kayttamaan-aitoa-turkista","status":"publish","type":"news","link":"https:\/\/www.sagafurs.com\/fi\/yhtio\/uutiset\/saga-furs-onnistui-innostamaan-ihmisia-kayttamaan-aitoa-turkista\/","title":{"rendered":"Saga Furs onnistui innostamaan ihmisi\u00e4 k\u00e4ytt\u00e4m\u00e4\u00e4n aitoa turkista"},"content":{"rendered":"<p><em>Saga Furs osallistui Pariisissa 17.\u201319.\u00a0syyskuuta j\u00e4rjestetyille Premi\u00e8re Vision \u2011messuille. Tapahtumassa Saga Furs esitteli uuden Fur Vision \u2011mallistonsa, joka l\u00e4htee Pariisin j\u00e4lkeen kiertueelle New Yorkiin, Milanoon, Souliin, Tokioon ja useisiin Kiinan eri kaupunkeihin. Saga Fursin oman osaston lis\u00e4ksi Saga Furs edusti Smart Creation \u2011alueella, jossa se jakoi messuosaston Kopenhagen Furin kanssa kertoen messuvierailijoille aidon turkiksen eduista.<\/em><\/p>\n<p>Pariisissa kahdesti vuodessa j\u00e4rjestett\u00e4v\u00e4t Premi\u00e8re Vision \u2011messut kokoavat yhteen l\u00e4hes 2\u00a0000 n\u00e4ytteilleasettajaa kaikkialta maailmasta ja ovat suurimmat materiaaleihin keskittyv\u00e4t messut. Premi\u00e8re Vision \u2011messuilla voi n\u00e4hd\u00e4 kaikkea kankaista nappeihin ja eksoottisista nahkoista Amazonin sademets\u00e4n lehtiin ja valtamerien muovij\u00e4tteest\u00e4 tehtyihin lankoihin. Vahvasti pinnalla olevien vastuullisuus- ja biohajoavuuskysymysten valossa Premi\u00e8re Vision on my\u00f6s Saga Fursille t\u00e4rke\u00e4 paikka olla esill\u00e4 ja esitell\u00e4 uusinta mallistoaan.<\/p>\n<p>Uusimman Fur Vision \u2011malliston tavoitteena on innostaa eri kohderyhmi\u00e4 ja my\u00f6s henkil\u00f6it\u00e4, jotka eiv\u00e4t tavallisesti k\u00e4yt\u00e4 turkista. <em>\u201dPyrimme esimerkiksi uusilla tekniikoilla minimoimaan ylij\u00e4\u00e4mi\u00e4 ja edist\u00e4m\u00e4\u00e4n kiertotaloutta sek\u00e4 nahkan sataprosenttista k\u00e4ytt\u00f6\u00e4. Mallisto sai oikein hyv\u00e4\u00e4 palautetta, ja koemme, ett\u00e4 pystyimme tarjoamaan jotakin mielenkiintoista ja uutta jokaiseen tarpeeseen\u201d<\/em>, sanoo tuotekehityksest\u00e4 vastaava johtaja Thea Larsen.<\/p>\n<p><em>\u201dKolmen pitk\u00e4n vuorokauden aikana Saga Fursin messuosastolla vieraili lukuisia huippu- ja valmisvaatebr\u00e4ndien edustajia, valmistajia ja opiskelijoita. Olen todella tyytyv\u00e4inen n\u00e4iden messujen tuloksiin\u201d<\/em>, lis\u00e4\u00e4 konsepteista ja mallistoista vastaava projektip\u00e4\u00e4llikk\u00f6 Minna Bedretdin.<\/p>\n<p>Pariisin j\u00e4lkeen Fur Vision \u2011mallisto matkaa seuraaviin muodin p\u00e4\u00e4kaupunkeihin, kuten Milanoon, useisiin Aasian kaupunkeihin ja New Yorkiin \u2013 kaupunkiin, jossa Fur Vision \u2011tapahtuma j\u00e4rjestettiin ensimm\u00e4ist\u00e4 kertaa tasan 20 vuotta sitten. Fur Vision \u2011kiertue jatkuu marraskuun viidenteen p\u00e4iv\u00e4\u00e4n saakka.<\/p>\n<p><img loading=\"lazy\" decoding=\"async\" class=\"alignnone wp-image-171933\" src=\"http:\/\/www.sagafurs.com\/wp-content\/uploads\/2019\/09\/Saga-Furs-Premier-Vision-Booth-2019-2-683x384.jpg\" alt=\"Premier-Vision-Paris-2019\" width=\"1024\" height=\"576\" srcset=\"https:\/\/www.sagafurs.com\/wp-content\/uploads\/2019\/09\/Saga-Furs-Premier-Vision-Booth-2019-2-683x384.jpg 683w, https:\/\/www.sagafurs.com\/wp-content\/uploads\/2019\/09\/Saga-Furs-Premier-Vision-Booth-2019-2-768x432.jpg 768w, https:\/\/www.sagafurs.com\/wp-content\/uploads\/2019\/09\/Saga-Furs-Premier-Vision-Booth-2019-2-800x450.jpg 800w, https:\/\/www.sagafurs.com\/wp-content\/uploads\/2019\/09\/Saga-Furs-Premier-Vision-Booth-2019-2-270x153.jpg 270w, https:\/\/www.sagafurs.com\/wp-content\/uploads\/2019\/09\/Saga-Furs-Premier-Vision-Booth-2019-2-400x225.jpg 400w, https:\/\/www.sagafurs.com\/wp-content\/uploads\/2019\/09\/Saga-Furs-Premier-Vision-Booth-2019-2.jpg 1024w\" sizes=\"auto, (max-width: 1024px) 100vw, 1024px\" \/><\/p>\n<h2>Onko aito turkis oikeasti vastuullista?<\/h2>\n<p>T\u00e4m\u00e4 oli usein esitetty kysymys Premi\u00e8re Vision \u2011messujen innovatiivisuuteen ja vastuullisuuteen keskittyv\u00e4ll\u00e4 Smart Creation \u2011alueella. Saga Furs ja Kopenhagen Fur p\u00e4\u00e4ttiv\u00e4t yhdess\u00e4 edustaa aitoa turkista luonnollisena, vastuullisena materiaalina, jakaen yhteisen messuosaston Smart Creation \u2011alueella.<\/p>\n<p>Kun puhutaan aidon turkiksen eduista, kuten biohajoavuudesta, turkiksen tekniset ominaisuudet ja turkisalan kiertotalous auttoivat messuvieraita ymm\u00e4rt\u00e4m\u00e4\u00e4n, ett\u00e4 aito turkis on vastuullinen valinta. Jos Saga Fursin oma messuosasto ker\u00e4si jo turkiksia k\u00e4ytt\u00e4vien ihmisten ja nykyisten asiakkaiden huomion, niin Smart Creation \u2011messuosasto puolestaan oli menestys niiden henkil\u00f6iden keskuudessa, jotka eiv\u00e4t tied\u00e4, k\u00e4ytt\u00e4isik\u00f6 tekoturkista, koska \u201dniin on k\u00e4sketty tehd\u00e4\u201d, vai luonnollista, biohajoavaa ja vastuullista aitoa turkista.<\/p>\n<p>Er\u00e4\u00e4n Smart Creation \u2011alueen n\u00e4ytteilleasettajan sanojen mukaan <em>\u201dt\u00e4m\u00e4 oli mahtava paikka olla paikalla, sill\u00e4 t\u00e4\u00e4lt\u00e4 ihmiset etsiv\u00e4t paitsi jotain uutta my\u00f6s uusia, kest\u00e4vi\u00e4 valintoja\u201d<\/em>. Monet yll\u00e4ttyiv\u00e4t n\u00e4hdess\u00e4\u00e4n turkisyhti\u00f6n Smart Creation \u2011alueella ja viel\u00e4p\u00e4 kaksi kilpailevaa huutokauppayhti\u00f6t\u00e4 yhdess\u00e4. Lopulta kuitenkin my\u00f6s sellaiset henkil\u00f6t, jotka kertoivat olevansa kasvissy\u00f6ji\u00e4 ja eiv\u00e4tk\u00e4 pit\u00e4neet aidosta turkiksesta, tulivat sanomaan, ett\u00e4 t\u00e4m\u00e4 oli rohkea veto, joka todella sai ajattelemaan asiaa.<\/p>\n<p>&nbsp;<\/p>\n","protected":false},"excerpt":{"rendered":"<p>Saga Furs osallistui Pariisissa 17.\u201319.\u00a0syyskuuta j\u00e4rjestetyille Premi\u00e8re Vision \u2011messuille. Tapahtumassa Saga Furs esitteli uuden Fur Vision \u2011mallistonsa, joka l\u00e4htee Pariisin j\u00e4lkeen kiertueelle New Yorkiin, Milanoon, Souliin, Tokioon ja useisiin Kiinan eri kaupunkeihin. Saga Fursin oman osaston lis\u00e4ksi Saga Furs edusti Smart Creation \u2011alueella, jossa se jakoi messuosaston Kopenhagen Furin kanssa kertoen messuvierailijoille aidon turkiksen eduista.<a class=\"excerpt-read-more\" href=\"https:\/\/www.sagafurs.com\/fi\/yhtio\/uutiset\/saga-furs-onnistui-innostamaan-ihmisia-kayttamaan-aitoa-turkista\/\" title=\"LueSaga Furs onnistui innostamaan ihmisi\u00e4 k\u00e4ytt\u00e4m\u00e4\u00e4n aitoa turkista\">\u2026 Lue lis\u00e4\u00e4 &raquo;<\/a><\/p>\n","protected":false},"featured_media":0,"template":"","class_list":["post-171956","news","type-news","status-publish","hentry","news_category-muoti"],"acf":[],"yoast_head":"<!-- This site is optimized with the Yoast SEO plugin v27.4 - https:\/\/yoast.com\/product\/yoast-seo-wordpress\/ -->\n<title>Saga Furs onnistui innostamaan ihmisi\u00e4 k\u00e4ytt\u00e4m\u00e4\u00e4n aitoa turkista - Sagafurs<\/title>\n<meta name=\"description\" content=\"Saga Furs osallistui Pariisissa 17.\u201319.\u00a0syyskuuta j\u00e4rjestetyille Premi\u00e8re Vision \u2011messuille. Tapahtumassa Saga Furs esitteli uuden Fur Vision \u2011mallistonsa. Saga Fursin oman osaston lis\u00e4ksi Saga Furs edusti Smart Creation \u2011alueella, jossa se jakoi messuosaston Kopenhagen Furin kanssa kertoen messuvierailijoille aidon turkiksen eduista ja vastuullisuudesta.\" \/>\n<meta name=\"robots\" content=\"index, follow, max-snippet:-1, max-image-preview:large, max-video-preview:-1\" \/>\n<link rel=\"canonical\" href=\"https:\/\/www.sagafurs.com\/fi\/yhtio\/uutiset\/saga-furs-onnistui-innostamaan-ihmisia-kayttamaan-aitoa-turkista\/\" \/>\n<meta property=\"og:locale\" content=\"fi_FI\" \/>\n<meta property=\"og:type\" content=\"article\" \/>\n<meta property=\"og:title\" content=\"Saga Furs onnistui innostamaan ihmisi\u00e4 k\u00e4ytt\u00e4m\u00e4\u00e4n aitoa turkista - Sagafurs\" \/>\n<meta property=\"og:description\" content=\"Saga Furs osallistui Pariisissa 17.\u201319.\u00a0syyskuuta j\u00e4rjestetyille Premi\u00e8re Vision \u2011messuille. Tapahtumassa Saga Furs esitteli uuden Fur Vision \u2011mallistonsa. Saga Fursin oman osaston lis\u00e4ksi Saga Furs edusti Smart Creation \u2011alueella, jossa se jakoi messuosaston Kopenhagen Furin kanssa kertoen messuvierailijoille aidon turkiksen eduista ja vastuullisuudesta.\" \/>\n<meta property=\"og:url\" content=\"https:\/\/www.sagafurs.com\/fi\/yhtio\/uutiset\/saga-furs-onnistui-innostamaan-ihmisia-kayttamaan-aitoa-turkista\/\" \/>\n<meta property=\"og:site_name\" content=\"Sagafurs\" \/>\n<meta property=\"article:modified_time\" content=\"2019-10-01T10:32:31+00:00\" \/>\n<meta property=\"og:image\" content=\"http:\/\/www.sagafurs.com\/wp-content\/uploads\/2019\/09\/Saga-Furs-Premier-Vision-Booth-2019-2-683x384.jpg\" \/>\n<meta name=\"twitter:card\" content=\"summary_large_image\" \/>\n<meta name=\"twitter:label1\" content=\"Est. reading time\" \/>\n\t<meta name=\"twitter:data1\" content=\"2 minutes\" \/>\n<script type=\"application\/ld+json\" class=\"yoast-schema-graph\">{\"@context\":\"https:\\\/\\\/schema.org\",\"@graph\":[{\"@type\":\"WebPage\",\"@id\":\"https:\\\/\\\/www.sagafurs.com\\\/fi\\\/yhtio\\\/uutiset\\\/saga-furs-onnistui-innostamaan-ihmisia-kayttamaan-aitoa-turkista\\\/\",\"url\":\"https:\\\/\\\/www.sagafurs.com\\\/fi\\\/yhtio\\\/uutiset\\\/saga-furs-onnistui-innostamaan-ihmisia-kayttamaan-aitoa-turkista\\\/\",\"name\":\"Saga Furs onnistui innostamaan ihmisi\u00e4 k\u00e4ytt\u00e4m\u00e4\u00e4n aitoa turkista - Sagafurs\",\"isPartOf\":{\"@id\":\"https:\\\/\\\/www.sagafurs.com\\\/#website\"},\"primaryImageOfPage\":{\"@id\":\"https:\\\/\\\/www.sagafurs.com\\\/fi\\\/yhtio\\\/uutiset\\\/saga-furs-onnistui-innostamaan-ihmisia-kayttamaan-aitoa-turkista\\\/#primaryimage\"},\"image\":{\"@id\":\"https:\\\/\\\/www.sagafurs.com\\\/fi\\\/yhtio\\\/uutiset\\\/saga-furs-onnistui-innostamaan-ihmisia-kayttamaan-aitoa-turkista\\\/#primaryimage\"},\"thumbnailUrl\":\"http:\\\/\\\/www.sagafurs.com\\\/wp-content\\\/uploads\\\/2019\\\/09\\\/Saga-Furs-Premier-Vision-Booth-2019-2-683x384.jpg\",\"datePublished\":\"2019-09-30T06:43:44+00:00\",\"dateModified\":\"2019-10-01T10:32:31+00:00\",\"description\":\"Saga Furs osallistui Pariisissa 17.\u201319.\u00a0syyskuuta j\u00e4rjestetyille Premi\u00e8re Vision \u2011messuille. Tapahtumassa Saga Furs esitteli uuden Fur Vision \u2011mallistonsa. Saga Fursin oman osaston lis\u00e4ksi Saga Furs edusti Smart Creation \u2011alueella, jossa se jakoi messuosaston Kopenhagen Furin kanssa kertoen messuvierailijoille aidon turkiksen eduista ja vastuullisuudesta.\",\"breadcrumb\":{\"@id\":\"https:\\\/\\\/www.sagafurs.com\\\/fi\\\/yhtio\\\/uutiset\\\/saga-furs-onnistui-innostamaan-ihmisia-kayttamaan-aitoa-turkista\\\/#breadcrumb\"},\"inLanguage\":\"fi-FI\",\"potentialAction\":[{\"@type\":\"ReadAction\",\"target\":[\"https:\\\/\\\/www.sagafurs.com\\\/fi\\\/yhtio\\\/uutiset\\\/saga-furs-onnistui-innostamaan-ihmisia-kayttamaan-aitoa-turkista\\\/\"]}]},{\"@type\":\"ImageObject\",\"inLanguage\":\"fi-FI\",\"@id\":\"https:\\\/\\\/www.sagafurs.com\\\/fi\\\/yhtio\\\/uutiset\\\/saga-furs-onnistui-innostamaan-ihmisia-kayttamaan-aitoa-turkista\\\/#primaryimage\",\"url\":\"http:\\\/\\\/www.sagafurs.com\\\/wp-content\\\/uploads\\\/2019\\\/09\\\/Saga-Furs-Premier-Vision-Booth-2019-2-683x384.jpg\",\"contentUrl\":\"http:\\\/\\\/www.sagafurs.com\\\/wp-content\\\/uploads\\\/2019\\\/09\\\/Saga-Furs-Premier-Vision-Booth-2019-2-683x384.jpg\"},{\"@type\":\"BreadcrumbList\",\"@id\":\"https:\\\/\\\/www.sagafurs.com\\\/fi\\\/yhtio\\\/uutiset\\\/saga-furs-onnistui-innostamaan-ihmisia-kayttamaan-aitoa-turkista\\\/#breadcrumb\",\"itemListElement\":[{\"@type\":\"ListItem\",\"position\":1,\"name\":\"Home\",\"item\":\"https:\\\/\\\/www.sagafurs.com\\\/fi\\\/\"},{\"@type\":\"ListItem\",\"position\":2,\"name\":\"Saga Furs onnistui innostamaan ihmisi\u00e4 k\u00e4ytt\u00e4m\u00e4\u00e4n aitoa turkista\"}]},{\"@type\":\"WebSite\",\"@id\":\"https:\\\/\\\/www.sagafurs.com\\\/#website\",\"url\":\"https:\\\/\\\/www.sagafurs.com\\\/\",\"name\":\"Sagafurs\",\"description\":\"Sagafurs\",\"potentialAction\":[{\"@type\":\"SearchAction\",\"target\":{\"@type\":\"EntryPoint\",\"urlTemplate\":\"https:\\\/\\\/www.sagafurs.com\\\/?s={search_term_string}\"},\"query-input\":{\"@type\":\"PropertyValueSpecification\",\"valueRequired\":true,\"valueName\":\"search_term_string\"}}],\"inLanguage\":\"fi-FI\"}]}<\/script>\n<!-- \/ Yoast SEO plugin. -->","yoast_head_json":{"title":"Saga Furs onnistui innostamaan ihmisi\u00e4 k\u00e4ytt\u00e4m\u00e4\u00e4n aitoa turkista - Sagafurs","description":"Saga Furs osallistui Pariisissa 17.\u201319.\u00a0syyskuuta j\u00e4rjestetyille Premi\u00e8re Vision \u2011messuille. Tapahtumassa Saga Furs esitteli uuden Fur Vision \u2011mallistonsa. Saga Fursin oman osaston lis\u00e4ksi Saga Furs edusti Smart Creation \u2011alueella, jossa se jakoi messuosaston Kopenhagen Furin kanssa kertoen messuvierailijoille aidon turkiksen eduista ja vastuullisuudesta.","robots":{"index":"index","follow":"follow","max-snippet":"max-snippet:-1","max-image-preview":"max-image-preview:large","max-video-preview":"max-video-preview:-1"},"canonical":"https:\/\/www.sagafurs.com\/fi\/yhtio\/uutiset\/saga-furs-onnistui-innostamaan-ihmisia-kayttamaan-aitoa-turkista\/","og_locale":"fi_FI","og_type":"article","og_title":"Saga Furs onnistui innostamaan ihmisi\u00e4 k\u00e4ytt\u00e4m\u00e4\u00e4n aitoa turkista - Sagafurs","og_description":"Saga Furs osallistui Pariisissa 17.\u201319.\u00a0syyskuuta j\u00e4rjestetyille Premi\u00e8re Vision \u2011messuille. Tapahtumassa Saga Furs esitteli uuden Fur Vision \u2011mallistonsa. Saga Fursin oman osaston lis\u00e4ksi Saga Furs edusti Smart Creation \u2011alueella, jossa se jakoi messuosaston Kopenhagen Furin kanssa kertoen messuvierailijoille aidon turkiksen eduista ja vastuullisuudesta.","og_url":"https:\/\/www.sagafurs.com\/fi\/yhtio\/uutiset\/saga-furs-onnistui-innostamaan-ihmisia-kayttamaan-aitoa-turkista\/","og_site_name":"Sagafurs","article_modified_time":"2019-10-01T10:32:31+00:00","og_image":[{"url":"http:\/\/www.sagafurs.com\/wp-content\/uploads\/2019\/09\/Saga-Furs-Premier-Vision-Booth-2019-2-683x384.jpg","type":"","width":"","height":""}],"twitter_card":"summary_large_image","twitter_misc":{"Est. reading time":"2 minutes"},"schema":{"@context":"https:\/\/schema.org","@graph":[{"@type":"WebPage","@id":"https:\/\/www.sagafurs.com\/fi\/yhtio\/uutiset\/saga-furs-onnistui-innostamaan-ihmisia-kayttamaan-aitoa-turkista\/","url":"https:\/\/www.sagafurs.com\/fi\/yhtio\/uutiset\/saga-furs-onnistui-innostamaan-ihmisia-kayttamaan-aitoa-turkista\/","name":"Saga Furs onnistui innostamaan ihmisi\u00e4 k\u00e4ytt\u00e4m\u00e4\u00e4n aitoa turkista - Sagafurs","isPartOf":{"@id":"https:\/\/www.sagafurs.com\/#website"},"primaryImageOfPage":{"@id":"https:\/\/www.sagafurs.com\/fi\/yhtio\/uutiset\/saga-furs-onnistui-innostamaan-ihmisia-kayttamaan-aitoa-turkista\/#primaryimage"},"image":{"@id":"https:\/\/www.sagafurs.com\/fi\/yhtio\/uutiset\/saga-furs-onnistui-innostamaan-ihmisia-kayttamaan-aitoa-turkista\/#primaryimage"},"thumbnailUrl":"http:\/\/www.sagafurs.com\/wp-content\/uploads\/2019\/09\/Saga-Furs-Premier-Vision-Booth-2019-2-683x384.jpg","datePublished":"2019-09-30T06:43:44+00:00","dateModified":"2019-10-01T10:32:31+00:00","description":"Saga Furs osallistui Pariisissa 17.\u201319.\u00a0syyskuuta j\u00e4rjestetyille Premi\u00e8re Vision \u2011messuille. Tapahtumassa Saga Furs esitteli uuden Fur Vision \u2011mallistonsa. Saga Fursin oman osaston lis\u00e4ksi Saga Furs edusti Smart Creation \u2011alueella, jossa se jakoi messuosaston Kopenhagen Furin kanssa kertoen messuvierailijoille aidon turkiksen eduista ja vastuullisuudesta.","breadcrumb":{"@id":"https:\/\/www.sagafurs.com\/fi\/yhtio\/uutiset\/saga-furs-onnistui-innostamaan-ihmisia-kayttamaan-aitoa-turkista\/#breadcrumb"},"inLanguage":"fi-FI","potentialAction":[{"@type":"ReadAction","target":["https:\/\/www.sagafurs.com\/fi\/yhtio\/uutiset\/saga-furs-onnistui-innostamaan-ihmisia-kayttamaan-aitoa-turkista\/"]}]},{"@type":"ImageObject","inLanguage":"fi-FI","@id":"https:\/\/www.sagafurs.com\/fi\/yhtio\/uutiset\/saga-furs-onnistui-innostamaan-ihmisia-kayttamaan-aitoa-turkista\/#primaryimage","url":"http:\/\/www.sagafurs.com\/wp-content\/uploads\/2019\/09\/Saga-Furs-Premier-Vision-Booth-2019-2-683x384.jpg","contentUrl":"http:\/\/www.sagafurs.com\/wp-content\/uploads\/2019\/09\/Saga-Furs-Premier-Vision-Booth-2019-2-683x384.jpg"},{"@type":"BreadcrumbList","@id":"https:\/\/www.sagafurs.com\/fi\/yhtio\/uutiset\/saga-furs-onnistui-innostamaan-ihmisia-kayttamaan-aitoa-turkista\/#breadcrumb","itemListElement":[{"@type":"ListItem","position":1,"name":"Home","item":"https:\/\/www.sagafurs.com\/fi\/"},{"@type":"ListItem","position":2,"name":"Saga Furs onnistui innostamaan ihmisi\u00e4 k\u00e4ytt\u00e4m\u00e4\u00e4n aitoa turkista"}]},{"@type":"WebSite","@id":"https:\/\/www.sagafurs.com\/#website","url":"https:\/\/www.sagafurs.com\/","name":"Sagafurs","description":"Sagafurs","potentialAction":[{"@type":"SearchAction","target":{"@type":"EntryPoint","urlTemplate":"https:\/\/www.sagafurs.com\/?s={search_term_string}"},"query-input":{"@type":"PropertyValueSpecification","valueRequired":true,"valueName":"search_term_string"}}],"inLanguage":"fi-FI"}]}},"_links":{"self":[{"href":"https:\/\/www.sagafurs.com\/fi\/wp-json\/wp\/v2\/news\/171956","targetHints":{"allow":["GET"]}}],"collection":[{"href":"https:\/\/www.sagafurs.com\/fi\/wp-json\/wp\/v2\/news"}],"about":[{"href":"https:\/\/www.sagafurs.com\/fi\/wp-json\/wp\/v2\/types\/news"}],"version-history":[{"count":0,"href":"https:\/\/www.sagafurs.com\/fi\/wp-json\/wp\/v2\/news\/171956\/revisions"}],"wp:attachment":[{"href":"https:\/\/www.sagafurs.com\/fi\/wp-json\/wp\/v2\/media?parent=171956"}],"curies":[{"name":"wp","href":"https:\/\/api.w.org\/{rel}","templated":true}]}}