{"id":172670,"date":"2020-01-15T09:26:36","date_gmt":"2020-01-15T07:26:36","guid":{"rendered":"https:\/\/www.sagafurs.com\/?post_type=news&#038;p=172670\/"},"modified":"2020-01-15T09:26:36","modified_gmt":"2020-01-15T07:26:36","slug":"uudet-urasivut-julki-tervetuloa-tutustumaan-saga-fursiin-tyonantajana","status":"publish","type":"news","link":"https:\/\/www.sagafurs.com\/fi\/yhtio\/uutiset\/uudet-urasivut-julki-tervetuloa-tutustumaan-saga-fursiin-tyonantajana\/","title":{"rendered":"Uudet urasivut julki \u2013 Tervetuloa tutustumaan Saga Fursiin ty\u00f6nantajana"},"content":{"rendered":"<p><strong>Saga Fursin uudet urasivut on nyt julkistettu. Urasivut ovat syntyneet tiiviiss\u00e4 yhteisty\u00f6ss\u00e4 Saga Fursin henkil\u00f6kunnan kanssa ja ovat seurausta vuosi sitten k\u00e4ynnistetyst\u00e4 ty\u00f6nantajamielikuvaprojektista.<\/strong><\/p>\n<p>V\u00e4h\u00e4n reilu vuosi sitten, marraskuussa 2018, Saga Fursilla k\u00e4ynnistyi ty\u00f6nantajamielikuvaprojekti, jonka tavoitteena oli vahvistaa sek\u00e4 sis\u00e4ist\u00e4 tai ulkoista ty\u00f6nantajamielikuvaa. Projektin alusta alkaen oma henkil\u00f6kunta otettiin vahvasti mukaan suunnitteluun. Projektissa haastateltiin ihmisi\u00e4 eri puolilta organisaatiota, mink\u00e4 j\u00e4lkeen l\u00f6yd\u00f6ksi\u00e4 ty\u00f6stettiin useammassa ty\u00f6pajassa. Lopputuloksena syntyi ty\u00f6nantajalupaus, joka pohjautuu henkil\u00f6kunnan arvoihin.<\/p>\n<p><em>\u201dProjektin aikana tuli selv\u00e4ksi, ett\u00e4 tarvitsemme urasivut, joissa voimme kertoa yrityksemme erityispiirteist\u00e4 ja niist\u00e4 asioista, miksi t\u00e4\u00e4ll\u00e4 on niin hyv\u00e4 olla t\u00f6iss\u00e4. Alaan liittyy paljon ennakkoluuloja ja v\u00e4\u00e4ri\u00e4 uskomuksia, mutta uskomme, ett\u00e4 tiedon lis\u00e4\u00e4ntyess\u00e4, my\u00f6s asenteet turkisalaa ja yrityst\u00e4mme kohtaan voivat muuttua\u201d,<\/em> kertoo henkil\u00f6st\u00f6johtaja Marjatta Paunonen.<\/p>\n<p>Koska henkil\u00f6kuntamme koki, ett\u00e4 paras ja uskottavin tapa kertoa asioista on oman henkil\u00f6kunnan kautta, haimme ty\u00f6ntekij\u00e4l\u00e4hettil\u00e4it\u00e4 eri puolilta organisaatiota. Oman henkil\u00f6kunnan esiin nostamat kulttuurin erityispiirteet, uratarinat ja l\u00e4hettil\u00e4svideo, joka syntyi projektin lomassa, muodostavat urasivujen kivijalan. Kiitokseksi uratarinan antamisesta ty\u00f6ntekij\u00e4l\u00e4hettil\u00e4\u00e4t p\u00e4\u00e4siv\u00e4t tutustumaan Saga Design Centreen ja K\u00f6\u00f6penhaminaan.<\/p>\n<p><img loading=\"lazy\" decoding=\"async\" class=\"alignnone wp-image-172664 size-full\" src=\"http:\/\/www.sagafurs.com\/wp-content\/uploads\/2020\/01\/Saga-Furs-emplyee-ambassadors-image.jpg\" alt=\"\" width=\"1024\" height=\"576\" srcset=\"https:\/\/www.sagafurs.com\/wp-content\/uploads\/2020\/01\/Saga-Furs-emplyee-ambassadors-image.jpg 1024w, https:\/\/www.sagafurs.com\/wp-content\/uploads\/2020\/01\/Saga-Furs-emplyee-ambassadors-image-683x384.jpg 683w, https:\/\/www.sagafurs.com\/wp-content\/uploads\/2020\/01\/Saga-Furs-emplyee-ambassadors-image-768x432.jpg 768w, https:\/\/www.sagafurs.com\/wp-content\/uploads\/2020\/01\/Saga-Furs-emplyee-ambassadors-image-800x450.jpg 800w, https:\/\/www.sagafurs.com\/wp-content\/uploads\/2020\/01\/Saga-Furs-emplyee-ambassadors-image-270x153.jpg 270w, https:\/\/www.sagafurs.com\/wp-content\/uploads\/2020\/01\/Saga-Furs-emplyee-ambassadors-image-400x225.jpg 400w\" sizes=\"auto, (max-width: 1024px) 100vw, 1024px\" \/><\/p>\n<p><em>\u201dKoen, ett\u00e4 projekti on antanut minulle todella paljon. Vaikka olen ollut talossa jo yli 20 vuotta, opin paljon lis\u00e4\u00e4 sek\u00e4 yrityksest\u00e4mme, turkisalasta ett\u00e4 inspiraatiosta, jota maailman designerit Saga Fursissa arvostavat. Olen tutustunut paremmin kollegoihin ja sanoisin, ett\u00e4 yhteishenki on sit\u00e4 kautta parantunut. Mielest\u00e4ni urasivut n\u00e4ytt\u00e4v\u00e4t mahtavalta ja olen kuullut j\u00e4lkeenp\u00e4in, ett\u00e4 moni muukin olisi halunnut olla mukana l\u00e4hettil\u00e4svideolla\u201d,<\/em> kertoo lajittelijana toimiva Giuliano hymyillen.<\/p>\n<p>Urasivut ovat vasta alkua, vaikka kova pohjaty\u00f6 onkin vienyt aikaa. Kuten talokin vaatii hyv\u00e4t perustukset, my\u00f6s ty\u00f6nantajamielikuva on sellainen asia, joka ei synny yhdess\u00e4 y\u00f6ss\u00e4.<em> \u201dOli t\u00e4rke\u00e4\u00e4, ett\u00e4 ulkoinen ty\u00f6nantajamielikuva edustaisi my\u00f6s sis\u00e4ist\u00e4 ty\u00f6nantajamielikuvaa ja ett\u00e4 henkil\u00f6kunta voisi sitoutua yhteisiin arvoihin. Tarkoituksemme on jatkossa panostaa my\u00f6s muihin sosiaalisen median kanaviin\u201d,<\/em> jatkaa Paunonen.<\/p>\n<p>Urasivut ja ty\u00f6nantajamielikuvaprojekti ovat osa Saga Fursin strategiaa ja vaikuttavat omalta osaltaan turkisalan imagoon sek\u00e4 Suomessa ett\u00e4 kansainv\u00e4lisesti. Voit tutustua urasivuihin oheisesta <a href=\"https:\/\/sagafursurasivut.teamtailor.com\/\">linkist\u00e4<\/a>, mutta l\u00f6yd\u00e4t ne my\u00f6s sagafurs.com etusivulla kohdasta <em>Yritys &gt; Ura Saga Fursilla.<\/em><\/p>\n<p>&nbsp;<\/p>\n<p><iframe loading=\"lazy\" src=\"https:\/\/www.youtube.com\/embed\/4_wCJCBrCIo\" width=\"560\" height=\"315\" frameborder=\"0\" allowfullscreen=\"allowfullscreen\"><\/iframe><\/p>\n<p>&nbsp;<\/p>\n<p>Muistathan tutustua my\u00f6s Saga Fursin <a href=\"https:\/\/www.sagafurs.com\/fi\/kestavyys\/\">vastuullisuussivuihin<\/a>!<\/p>\n<p>&nbsp;<\/p>\n<p>&nbsp;<\/p>\n","protected":false},"excerpt":{"rendered":"<p>Saga Fursin uudet urasivut on nyt julkistettu. Urasivut ovat syntyneet tiiviiss\u00e4 yhteisty\u00f6ss\u00e4 Saga Fursin henkil\u00f6kunnan kanssa ja ovat seurausta vuosi sitten k\u00e4ynnistetyst\u00e4 ty\u00f6nantajamielikuvaprojektista. V\u00e4h\u00e4n reilu vuosi sitten, marraskuussa 2018, Saga Fursilla k\u00e4ynnistyi ty\u00f6nantajamielikuvaprojekti, jonka tavoitteena oli vahvistaa sek\u00e4 sis\u00e4ist\u00e4 tai ulkoista ty\u00f6nantajamielikuvaa. Projektin alusta alkaen oma henkil\u00f6kunta otettiin vahvasti mukaan suunnitteluun. Projektissa haastateltiin ihmisi\u00e4 eri<a class=\"excerpt-read-more\" href=\"https:\/\/www.sagafurs.com\/fi\/yhtio\/uutiset\/uudet-urasivut-julki-tervetuloa-tutustumaan-saga-fursiin-tyonantajana\/\" title=\"LueUudet urasivut julki \u2013 Tervetuloa tutustumaan Saga Fursiin ty\u00f6nantajana\">\u2026 Lue lis\u00e4\u00e4 &raquo;<\/a><\/p>\n","protected":false},"featured_media":0,"template":"","class_list":["post-172670","news","type-news","status-publish","hentry","news_category-yhtio"],"acf":[],"yoast_head":"<!-- This site is optimized with the Yoast SEO plugin v27.4 - https:\/\/yoast.com\/product\/yoast-seo-wordpress\/ -->\n<title>Uudet urasivut julki \u2013 Tervetuloa tutustumaan Saga Fursiin ty\u00f6nantajana - Sagafurs<\/title>\n<meta name=\"description\" content=\"Saga Fursin uudet urasivut on nyt julkistettu. Henkil\u00f6kunnan kanssa tiiviiss\u00e4 yhteisty\u00f6ss\u00e4 syntyneet sivut ovat seurausta ty\u00f6nantajamielikuvaprojektista.\" \/>\n<meta name=\"robots\" content=\"index, follow, max-snippet:-1, max-image-preview:large, max-video-preview:-1\" \/>\n<link rel=\"canonical\" href=\"https:\/\/www.sagafurs.com\/fi\/yhtio\/uutiset\/uudet-urasivut-julki-tervetuloa-tutustumaan-saga-fursiin-tyonantajana\/\" \/>\n<meta property=\"og:locale\" content=\"fi_FI\" \/>\n<meta property=\"og:type\" content=\"article\" \/>\n<meta property=\"og:title\" content=\"Uudet urasivut julki \u2013 Tervetuloa tutustumaan Saga Fursiin ty\u00f6nantajana - Sagafurs\" \/>\n<meta property=\"og:description\" content=\"Saga Fursin uudet urasivut on nyt julkistettu. Henkil\u00f6kunnan kanssa tiiviiss\u00e4 yhteisty\u00f6ss\u00e4 syntyneet sivut ovat seurausta ty\u00f6nantajamielikuvaprojektista.\" \/>\n<meta property=\"og:url\" content=\"https:\/\/www.sagafurs.com\/fi\/yhtio\/uutiset\/uudet-urasivut-julki-tervetuloa-tutustumaan-saga-fursiin-tyonantajana\/\" \/>\n<meta property=\"og:site_name\" content=\"Sagafurs\" \/>\n<meta property=\"og:image\" content=\"http:\/\/www.sagafurs.com\/wp-content\/uploads\/2020\/01\/Saga-Furs-emplyee-ambassadors-image.jpg\" \/>\n<meta name=\"twitter:card\" content=\"summary_large_image\" \/>\n<meta name=\"twitter:label1\" content=\"Est. reading time\" \/>\n\t<meta name=\"twitter:data1\" content=\"2 minutes\" \/>\n<script type=\"application\/ld+json\" class=\"yoast-schema-graph\">{\"@context\":\"https:\\\/\\\/schema.org\",\"@graph\":[{\"@type\":\"WebPage\",\"@id\":\"https:\\\/\\\/www.sagafurs.com\\\/fi\\\/yhtio\\\/uutiset\\\/uudet-urasivut-julki-tervetuloa-tutustumaan-saga-fursiin-tyonantajana\\\/\",\"url\":\"https:\\\/\\\/www.sagafurs.com\\\/fi\\\/yhtio\\\/uutiset\\\/uudet-urasivut-julki-tervetuloa-tutustumaan-saga-fursiin-tyonantajana\\\/\",\"name\":\"Uudet urasivut julki \u2013 Tervetuloa tutustumaan Saga Fursiin ty\u00f6nantajana - Sagafurs\",\"isPartOf\":{\"@id\":\"https:\\\/\\\/www.sagafurs.com\\\/#website\"},\"primaryImageOfPage\":{\"@id\":\"https:\\\/\\\/www.sagafurs.com\\\/fi\\\/yhtio\\\/uutiset\\\/uudet-urasivut-julki-tervetuloa-tutustumaan-saga-fursiin-tyonantajana\\\/#primaryimage\"},\"image\":{\"@id\":\"https:\\\/\\\/www.sagafurs.com\\\/fi\\\/yhtio\\\/uutiset\\\/uudet-urasivut-julki-tervetuloa-tutustumaan-saga-fursiin-tyonantajana\\\/#primaryimage\"},\"thumbnailUrl\":\"http:\\\/\\\/www.sagafurs.com\\\/wp-content\\\/uploads\\\/2020\\\/01\\\/Saga-Furs-emplyee-ambassadors-image.jpg\",\"datePublished\":\"2020-01-15T07:26:36+00:00\",\"description\":\"Saga Fursin uudet urasivut on nyt julkistettu. Henkil\u00f6kunnan kanssa tiiviiss\u00e4 yhteisty\u00f6ss\u00e4 syntyneet sivut ovat seurausta ty\u00f6nantajamielikuvaprojektista.\",\"breadcrumb\":{\"@id\":\"https:\\\/\\\/www.sagafurs.com\\\/fi\\\/yhtio\\\/uutiset\\\/uudet-urasivut-julki-tervetuloa-tutustumaan-saga-fursiin-tyonantajana\\\/#breadcrumb\"},\"inLanguage\":\"fi-FI\",\"potentialAction\":[{\"@type\":\"ReadAction\",\"target\":[\"https:\\\/\\\/www.sagafurs.com\\\/fi\\\/yhtio\\\/uutiset\\\/uudet-urasivut-julki-tervetuloa-tutustumaan-saga-fursiin-tyonantajana\\\/\"]}]},{\"@type\":\"ImageObject\",\"inLanguage\":\"fi-FI\",\"@id\":\"https:\\\/\\\/www.sagafurs.com\\\/fi\\\/yhtio\\\/uutiset\\\/uudet-urasivut-julki-tervetuloa-tutustumaan-saga-fursiin-tyonantajana\\\/#primaryimage\",\"url\":\"http:\\\/\\\/www.sagafurs.com\\\/wp-content\\\/uploads\\\/2020\\\/01\\\/Saga-Furs-emplyee-ambassadors-image.jpg\",\"contentUrl\":\"http:\\\/\\\/www.sagafurs.com\\\/wp-content\\\/uploads\\\/2020\\\/01\\\/Saga-Furs-emplyee-ambassadors-image.jpg\"},{\"@type\":\"BreadcrumbList\",\"@id\":\"https:\\\/\\\/www.sagafurs.com\\\/fi\\\/yhtio\\\/uutiset\\\/uudet-urasivut-julki-tervetuloa-tutustumaan-saga-fursiin-tyonantajana\\\/#breadcrumb\",\"itemListElement\":[{\"@type\":\"ListItem\",\"position\":1,\"name\":\"Home\",\"item\":\"https:\\\/\\\/www.sagafurs.com\\\/fi\\\/\"},{\"@type\":\"ListItem\",\"position\":2,\"name\":\"Uudet urasivut julki \u2013 Tervetuloa tutustumaan Saga Fursiin ty\u00f6nantajana\"}]},{\"@type\":\"WebSite\",\"@id\":\"https:\\\/\\\/www.sagafurs.com\\\/#website\",\"url\":\"https:\\\/\\\/www.sagafurs.com\\\/\",\"name\":\"Sagafurs\",\"description\":\"Sagafurs\",\"potentialAction\":[{\"@type\":\"SearchAction\",\"target\":{\"@type\":\"EntryPoint\",\"urlTemplate\":\"https:\\\/\\\/www.sagafurs.com\\\/?s={search_term_string}\"},\"query-input\":{\"@type\":\"PropertyValueSpecification\",\"valueRequired\":true,\"valueName\":\"search_term_string\"}}],\"inLanguage\":\"fi-FI\"}]}<\/script>\n<!-- \/ Yoast SEO plugin. -->","yoast_head_json":{"title":"Uudet urasivut julki \u2013 Tervetuloa tutustumaan Saga Fursiin ty\u00f6nantajana - Sagafurs","description":"Saga Fursin uudet urasivut on nyt julkistettu. Henkil\u00f6kunnan kanssa tiiviiss\u00e4 yhteisty\u00f6ss\u00e4 syntyneet sivut ovat seurausta ty\u00f6nantajamielikuvaprojektista.","robots":{"index":"index","follow":"follow","max-snippet":"max-snippet:-1","max-image-preview":"max-image-preview:large","max-video-preview":"max-video-preview:-1"},"canonical":"https:\/\/www.sagafurs.com\/fi\/yhtio\/uutiset\/uudet-urasivut-julki-tervetuloa-tutustumaan-saga-fursiin-tyonantajana\/","og_locale":"fi_FI","og_type":"article","og_title":"Uudet urasivut julki \u2013 Tervetuloa tutustumaan Saga Fursiin ty\u00f6nantajana - Sagafurs","og_description":"Saga Fursin uudet urasivut on nyt julkistettu. Henkil\u00f6kunnan kanssa tiiviiss\u00e4 yhteisty\u00f6ss\u00e4 syntyneet sivut ovat seurausta ty\u00f6nantajamielikuvaprojektista.","og_url":"https:\/\/www.sagafurs.com\/fi\/yhtio\/uutiset\/uudet-urasivut-julki-tervetuloa-tutustumaan-saga-fursiin-tyonantajana\/","og_site_name":"Sagafurs","og_image":[{"url":"http:\/\/www.sagafurs.com\/wp-content\/uploads\/2020\/01\/Saga-Furs-emplyee-ambassadors-image.jpg","type":"","width":"","height":""}],"twitter_card":"summary_large_image","twitter_misc":{"Est. reading time":"2 minutes"},"schema":{"@context":"https:\/\/schema.org","@graph":[{"@type":"WebPage","@id":"https:\/\/www.sagafurs.com\/fi\/yhtio\/uutiset\/uudet-urasivut-julki-tervetuloa-tutustumaan-saga-fursiin-tyonantajana\/","url":"https:\/\/www.sagafurs.com\/fi\/yhtio\/uutiset\/uudet-urasivut-julki-tervetuloa-tutustumaan-saga-fursiin-tyonantajana\/","name":"Uudet urasivut julki \u2013 Tervetuloa tutustumaan Saga Fursiin ty\u00f6nantajana - Sagafurs","isPartOf":{"@id":"https:\/\/www.sagafurs.com\/#website"},"primaryImageOfPage":{"@id":"https:\/\/www.sagafurs.com\/fi\/yhtio\/uutiset\/uudet-urasivut-julki-tervetuloa-tutustumaan-saga-fursiin-tyonantajana\/#primaryimage"},"image":{"@id":"https:\/\/www.sagafurs.com\/fi\/yhtio\/uutiset\/uudet-urasivut-julki-tervetuloa-tutustumaan-saga-fursiin-tyonantajana\/#primaryimage"},"thumbnailUrl":"http:\/\/www.sagafurs.com\/wp-content\/uploads\/2020\/01\/Saga-Furs-emplyee-ambassadors-image.jpg","datePublished":"2020-01-15T07:26:36+00:00","description":"Saga Fursin uudet urasivut on nyt julkistettu. Henkil\u00f6kunnan kanssa tiiviiss\u00e4 yhteisty\u00f6ss\u00e4 syntyneet sivut ovat seurausta ty\u00f6nantajamielikuvaprojektista.","breadcrumb":{"@id":"https:\/\/www.sagafurs.com\/fi\/yhtio\/uutiset\/uudet-urasivut-julki-tervetuloa-tutustumaan-saga-fursiin-tyonantajana\/#breadcrumb"},"inLanguage":"fi-FI","potentialAction":[{"@type":"ReadAction","target":["https:\/\/www.sagafurs.com\/fi\/yhtio\/uutiset\/uudet-urasivut-julki-tervetuloa-tutustumaan-saga-fursiin-tyonantajana\/"]}]},{"@type":"ImageObject","inLanguage":"fi-FI","@id":"https:\/\/www.sagafurs.com\/fi\/yhtio\/uutiset\/uudet-urasivut-julki-tervetuloa-tutustumaan-saga-fursiin-tyonantajana\/#primaryimage","url":"http:\/\/www.sagafurs.com\/wp-content\/uploads\/2020\/01\/Saga-Furs-emplyee-ambassadors-image.jpg","contentUrl":"http:\/\/www.sagafurs.com\/wp-content\/uploads\/2020\/01\/Saga-Furs-emplyee-ambassadors-image.jpg"},{"@type":"BreadcrumbList","@id":"https:\/\/www.sagafurs.com\/fi\/yhtio\/uutiset\/uudet-urasivut-julki-tervetuloa-tutustumaan-saga-fursiin-tyonantajana\/#breadcrumb","itemListElement":[{"@type":"ListItem","position":1,"name":"Home","item":"https:\/\/www.sagafurs.com\/fi\/"},{"@type":"ListItem","position":2,"name":"Uudet urasivut julki \u2013 Tervetuloa tutustumaan Saga Fursiin ty\u00f6nantajana"}]},{"@type":"WebSite","@id":"https:\/\/www.sagafurs.com\/#website","url":"https:\/\/www.sagafurs.com\/","name":"Sagafurs","description":"Sagafurs","potentialAction":[{"@type":"SearchAction","target":{"@type":"EntryPoint","urlTemplate":"https:\/\/www.sagafurs.com\/?s={search_term_string}"},"query-input":{"@type":"PropertyValueSpecification","valueRequired":true,"valueName":"search_term_string"}}],"inLanguage":"fi-FI"}]}},"_links":{"self":[{"href":"https:\/\/www.sagafurs.com\/fi\/wp-json\/wp\/v2\/news\/172670","targetHints":{"allow":["GET"]}}],"collection":[{"href":"https:\/\/www.sagafurs.com\/fi\/wp-json\/wp\/v2\/news"}],"about":[{"href":"https:\/\/www.sagafurs.com\/fi\/wp-json\/wp\/v2\/types\/news"}],"version-history":[{"count":0,"href":"https:\/\/www.sagafurs.com\/fi\/wp-json\/wp\/v2\/news\/172670\/revisions"}],"wp:attachment":[{"href":"https:\/\/www.sagafurs.com\/fi\/wp-json\/wp\/v2\/media?parent=172670"}],"curies":[{"name":"wp","href":"https:\/\/api.w.org\/{rel}","templated":true}]}}