{"id":173626,"date":"2020-05-06T19:50:06","date_gmt":"2020-05-06T16:50:06","guid":{"rendered":"https:\/\/www.sagafurs.com\/?post_type=news&#038;p=173626\/"},"modified":"2020-05-06T19:50:06","modified_gmt":"2020-05-06T16:50:06","slug":"saga-furs-oyjn-toimitusjohtaja-vaihtuu","status":"publish","type":"news","link":"https:\/\/www.sagafurs.com\/fi\/yhtio\/uutiset\/saga-furs-oyjn-toimitusjohtaja-vaihtuu\/","title":{"rendered":"Saga Furs Oyj:n toimitusjohtaja vaihtuu"},"content":{"rendered":"<p>&nbsp;<\/p>\n<p>Saga Furs Oyj, p\u00f6rssitiedote, 6.5.2020 klo\u00a019.15<\/p>\n<p>Saga Furs Oyj:n toimitusjohtaja\u00a0<strong>Pertti Fallenius<\/strong>\u00a0j\u00e4tt\u00e4\u00e4 teht\u00e4v\u00e4ns\u00e4, ja yhti\u00f6 on nimitt\u00e4nyt uudeksi toimitusjohtajaksi DI <strong>Magnus Ljungin<\/strong>. Yhti\u00f6t\u00e4 vuodesta 2009 johtanut Fallenius j\u00e4\u00e4 v\u00e4litt\u00f6m\u00e4sti pois yhti\u00f6n operatiivisesta johdosta.<\/p>\n<p>Turkisala on jo usean vuoden ajan el\u00e4nyt haasteellisia aikoja. Covid-19 -pandemia on vaikuttanut dramaattisesti yhti\u00f6n v\u00e4litysmyyntiin ja tuottajien taloudelliseen tilanteeseen. T\u00e4m\u00e4n seurauksena turkistuotannon odotetaan laskevan merkitt\u00e4v\u00e4sti niin Euroopassa kuin Pohjos-Amerikassa. Laskevat tuotantom\u00e4\u00e4r\u00e4t edellytt\u00e4v\u00e4t yhti\u00f6n toiminnan tehostamista ja rakenneuudistuksia. Nopeuttaakseen prosessia ja kehitt\u00e4\u00e4kseen yhti\u00f6lle uuden strategian yhti\u00f6n hallitus on p\u00e4\u00e4tt\u00e4nyt nimitt\u00e4\u00e4 uudeksi toimitusjohtajaksi Magnus Ljungin, jolla on 20 vuoden kokemus turkisalalta ja joka on toiminut eri teht\u00e4viss\u00e4 Saga Furs Oyj:ss\u00e4 ja sen p\u00e4\u00e4omistajassa Suomen Turkisel\u00e4inten Kasvattajain Liitto ry:ss\u00e4. Lis\u00e4ksi h\u00e4n on toiminut mm. toimitusjohtajana tilitoimisto Norlic Oy:ssa, jonka asiakkaina on iso osa Suomen turkistuottajista.<\/p>\n<p>\u201dHaluan kiitt\u00e4\u00e4 Pertti Falleniusta h\u00e4nen ty\u00f6st\u00e4\u00e4n Saga Fursin johdossa. H\u00e4nen johdollaan yhti\u00f6n toimintaa on kehitetty p\u00e4\u00e4m\u00e4\u00e4r\u00e4tietoisesti eteenp\u00e4in, ja p\u00e4\u00e4t\u00f6ksenteon avoimuutta on lis\u00e4tty. Saga Furs Oyj on vakaalla pohjalla, mutta viime vuosina yhti\u00f6n taloudellinen tulos ei kuitenkaan ole ollut odotusten mukainen\u201d, sanoo Saga Fursin hallituksen varapuheenjohtaja\u00a0Kenneth Ingman.<\/p>\n<p>Yhti\u00f6n varatoimitusjohtajana ja toimitusjohtajan sijaisena jatkaa Juha Huttunen.<\/p>\n<p><strong>Lis\u00e4tietoja:<\/strong><\/p>\n<p>Hallituksen varapuheenjohtaja Kenneth Ingman, p. 040\u00a0759 1600<br \/>\nToimitusjohtaja Magnus Ljung, p. 040\u00a0705 4595<\/p>\n<p>&nbsp;<\/p>\n<p>&nbsp;<\/p>\n<p>&nbsp;<\/p>\n","protected":false},"excerpt":{"rendered":"<p>&nbsp; Saga Furs Oyj, p\u00f6rssitiedote, 6.5.2020 klo\u00a019.15 Saga Furs Oyj:n toimitusjohtaja\u00a0Pertti Fallenius\u00a0j\u00e4tt\u00e4\u00e4 teht\u00e4v\u00e4ns\u00e4, ja yhti\u00f6 on nimitt\u00e4nyt uudeksi toimitusjohtajaksi DI Magnus Ljungin. Yhti\u00f6t\u00e4 vuodesta 2009 johtanut Fallenius j\u00e4\u00e4 v\u00e4litt\u00f6m\u00e4sti pois yhti\u00f6n operatiivisesta johdosta. Turkisala on jo usean vuoden ajan el\u00e4nyt haasteellisia aikoja. Covid-19 -pandemia on vaikuttanut dramaattisesti yhti\u00f6n v\u00e4litysmyyntiin ja tuottajien taloudelliseen tilanteeseen. T\u00e4m\u00e4n seurauksena<a class=\"excerpt-read-more\" href=\"https:\/\/www.sagafurs.com\/fi\/yhtio\/uutiset\/saga-furs-oyjn-toimitusjohtaja-vaihtuu\/\" title=\"LueSaga Furs Oyj:n toimitusjohtaja vaihtuu\">\u2026 Lue lis\u00e4\u00e4 &raquo;<\/a><\/p>\n","protected":false},"featured_media":0,"template":"","class_list":["post-173626","news","type-news","status-publish","hentry","news_category-yhtio"],"acf":[],"yoast_head":"<!-- This site is optimized with the Yoast SEO plugin v27.4 - https:\/\/yoast.com\/product\/yoast-seo-wordpress\/ -->\n<title>Saga Furs Oyj:n toimitusjohtaja vaihtuu - Sagafurs<\/title>\n<meta name=\"robots\" content=\"index, follow, max-snippet:-1, max-image-preview:large, max-video-preview:-1\" \/>\n<link rel=\"canonical\" href=\"https:\/\/www.sagafurs.com\/fi\/yhtio\/uutiset\/saga-furs-oyjn-toimitusjohtaja-vaihtuu\/\" \/>\n<meta property=\"og:locale\" content=\"fi_FI\" \/>\n<meta property=\"og:type\" content=\"article\" \/>\n<meta property=\"og:title\" content=\"Saga Furs Oyj:n toimitusjohtaja vaihtuu - Sagafurs\" \/>\n<meta property=\"og:description\" content=\"&nbsp; Saga Furs Oyj, p\u00f6rssitiedote, 6.5.2020 klo\u00a019.15 Saga Furs Oyj:n toimitusjohtaja\u00a0Pertti Fallenius\u00a0j\u00e4tt\u00e4\u00e4 teht\u00e4v\u00e4ns\u00e4, ja yhti\u00f6 on nimitt\u00e4nyt uudeksi toimitusjohtajaksi DI Magnus Ljungin. Yhti\u00f6t\u00e4 vuodesta 2009 johtanut Fallenius j\u00e4\u00e4 v\u00e4litt\u00f6m\u00e4sti pois yhti\u00f6n operatiivisesta johdosta. Turkisala on jo usean vuoden ajan el\u00e4nyt haasteellisia aikoja. Covid-19 -pandemia on vaikuttanut dramaattisesti yhti\u00f6n v\u00e4litysmyyntiin ja tuottajien taloudelliseen tilanteeseen. T\u00e4m\u00e4n seurauksena\u2026 Lue lis\u00e4\u00e4 &raquo;\" \/>\n<meta property=\"og:url\" content=\"https:\/\/www.sagafurs.com\/fi\/yhtio\/uutiset\/saga-furs-oyjn-toimitusjohtaja-vaihtuu\/\" \/>\n<meta property=\"og:site_name\" content=\"Sagafurs\" \/>\n<meta name=\"twitter:card\" content=\"summary_large_image\" \/>\n<meta name=\"twitter:label1\" content=\"Est. reading time\" \/>\n\t<meta name=\"twitter:data1\" content=\"1 minute\" \/>\n<script type=\"application\/ld+json\" class=\"yoast-schema-graph\">{\"@context\":\"https:\\\/\\\/schema.org\",\"@graph\":[{\"@type\":\"WebPage\",\"@id\":\"https:\\\/\\\/www.sagafurs.com\\\/fi\\\/yhtio\\\/uutiset\\\/saga-furs-oyjn-toimitusjohtaja-vaihtuu\\\/\",\"url\":\"https:\\\/\\\/www.sagafurs.com\\\/fi\\\/yhtio\\\/uutiset\\\/saga-furs-oyjn-toimitusjohtaja-vaihtuu\\\/\",\"name\":\"Saga Furs Oyj:n toimitusjohtaja vaihtuu - Sagafurs\",\"isPartOf\":{\"@id\":\"https:\\\/\\\/www.sagafurs.com\\\/#website\"},\"datePublished\":\"2020-05-06T16:50:06+00:00\",\"breadcrumb\":{\"@id\":\"https:\\\/\\\/www.sagafurs.com\\\/fi\\\/yhtio\\\/uutiset\\\/saga-furs-oyjn-toimitusjohtaja-vaihtuu\\\/#breadcrumb\"},\"inLanguage\":\"fi-FI\",\"potentialAction\":[{\"@type\":\"ReadAction\",\"target\":[\"https:\\\/\\\/www.sagafurs.com\\\/fi\\\/yhtio\\\/uutiset\\\/saga-furs-oyjn-toimitusjohtaja-vaihtuu\\\/\"]}]},{\"@type\":\"BreadcrumbList\",\"@id\":\"https:\\\/\\\/www.sagafurs.com\\\/fi\\\/yhtio\\\/uutiset\\\/saga-furs-oyjn-toimitusjohtaja-vaihtuu\\\/#breadcrumb\",\"itemListElement\":[{\"@type\":\"ListItem\",\"position\":1,\"name\":\"Home\",\"item\":\"https:\\\/\\\/www.sagafurs.com\\\/fi\\\/\"},{\"@type\":\"ListItem\",\"position\":2,\"name\":\"Saga Furs Oyj:n toimitusjohtaja vaihtuu\"}]},{\"@type\":\"WebSite\",\"@id\":\"https:\\\/\\\/www.sagafurs.com\\\/#website\",\"url\":\"https:\\\/\\\/www.sagafurs.com\\\/\",\"name\":\"Sagafurs\",\"description\":\"Sagafurs\",\"potentialAction\":[{\"@type\":\"SearchAction\",\"target\":{\"@type\":\"EntryPoint\",\"urlTemplate\":\"https:\\\/\\\/www.sagafurs.com\\\/?s={search_term_string}\"},\"query-input\":{\"@type\":\"PropertyValueSpecification\",\"valueRequired\":true,\"valueName\":\"search_term_string\"}}],\"inLanguage\":\"fi-FI\"}]}<\/script>\n<!-- \/ Yoast SEO plugin. -->","yoast_head_json":{"title":"Saga Furs Oyj:n toimitusjohtaja vaihtuu - Sagafurs","robots":{"index":"index","follow":"follow","max-snippet":"max-snippet:-1","max-image-preview":"max-image-preview:large","max-video-preview":"max-video-preview:-1"},"canonical":"https:\/\/www.sagafurs.com\/fi\/yhtio\/uutiset\/saga-furs-oyjn-toimitusjohtaja-vaihtuu\/","og_locale":"fi_FI","og_type":"article","og_title":"Saga Furs Oyj:n toimitusjohtaja vaihtuu - Sagafurs","og_description":"&nbsp; Saga Furs Oyj, p\u00f6rssitiedote, 6.5.2020 klo\u00a019.15 Saga Furs Oyj:n toimitusjohtaja\u00a0Pertti Fallenius\u00a0j\u00e4tt\u00e4\u00e4 teht\u00e4v\u00e4ns\u00e4, ja yhti\u00f6 on nimitt\u00e4nyt uudeksi toimitusjohtajaksi DI Magnus Ljungin. Yhti\u00f6t\u00e4 vuodesta 2009 johtanut Fallenius j\u00e4\u00e4 v\u00e4litt\u00f6m\u00e4sti pois yhti\u00f6n operatiivisesta johdosta. Turkisala on jo usean vuoden ajan el\u00e4nyt haasteellisia aikoja. Covid-19 -pandemia on vaikuttanut dramaattisesti yhti\u00f6n v\u00e4litysmyyntiin ja tuottajien taloudelliseen tilanteeseen. T\u00e4m\u00e4n seurauksena\u2026 Lue lis\u00e4\u00e4 &raquo;","og_url":"https:\/\/www.sagafurs.com\/fi\/yhtio\/uutiset\/saga-furs-oyjn-toimitusjohtaja-vaihtuu\/","og_site_name":"Sagafurs","twitter_card":"summary_large_image","twitter_misc":{"Est. reading time":"1 minute"},"schema":{"@context":"https:\/\/schema.org","@graph":[{"@type":"WebPage","@id":"https:\/\/www.sagafurs.com\/fi\/yhtio\/uutiset\/saga-furs-oyjn-toimitusjohtaja-vaihtuu\/","url":"https:\/\/www.sagafurs.com\/fi\/yhtio\/uutiset\/saga-furs-oyjn-toimitusjohtaja-vaihtuu\/","name":"Saga Furs Oyj:n toimitusjohtaja vaihtuu - Sagafurs","isPartOf":{"@id":"https:\/\/www.sagafurs.com\/#website"},"datePublished":"2020-05-06T16:50:06+00:00","breadcrumb":{"@id":"https:\/\/www.sagafurs.com\/fi\/yhtio\/uutiset\/saga-furs-oyjn-toimitusjohtaja-vaihtuu\/#breadcrumb"},"inLanguage":"fi-FI","potentialAction":[{"@type":"ReadAction","target":["https:\/\/www.sagafurs.com\/fi\/yhtio\/uutiset\/saga-furs-oyjn-toimitusjohtaja-vaihtuu\/"]}]},{"@type":"BreadcrumbList","@id":"https:\/\/www.sagafurs.com\/fi\/yhtio\/uutiset\/saga-furs-oyjn-toimitusjohtaja-vaihtuu\/#breadcrumb","itemListElement":[{"@type":"ListItem","position":1,"name":"Home","item":"https:\/\/www.sagafurs.com\/fi\/"},{"@type":"ListItem","position":2,"name":"Saga Furs Oyj:n toimitusjohtaja vaihtuu"}]},{"@type":"WebSite","@id":"https:\/\/www.sagafurs.com\/#website","url":"https:\/\/www.sagafurs.com\/","name":"Sagafurs","description":"Sagafurs","potentialAction":[{"@type":"SearchAction","target":{"@type":"EntryPoint","urlTemplate":"https:\/\/www.sagafurs.com\/?s={search_term_string}"},"query-input":{"@type":"PropertyValueSpecification","valueRequired":true,"valueName":"search_term_string"}}],"inLanguage":"fi-FI"}]}},"_links":{"self":[{"href":"https:\/\/www.sagafurs.com\/fi\/wp-json\/wp\/v2\/news\/173626","targetHints":{"allow":["GET"]}}],"collection":[{"href":"https:\/\/www.sagafurs.com\/fi\/wp-json\/wp\/v2\/news"}],"about":[{"href":"https:\/\/www.sagafurs.com\/fi\/wp-json\/wp\/v2\/types\/news"}],"version-history":[{"count":0,"href":"https:\/\/www.sagafurs.com\/fi\/wp-json\/wp\/v2\/news\/173626\/revisions"}],"wp:attachment":[{"href":"https:\/\/www.sagafurs.com\/fi\/wp-json\/wp\/v2\/media?parent=173626"}],"curies":[{"name":"wp","href":"https:\/\/api.w.org\/{rel}","templated":true}]}}