{"id":183265,"date":"2023-05-10T09:55:00","date_gmt":"2023-05-10T06:55:00","guid":{"rendered":"https:\/\/www.sagafurs.com\/?post_type=news&#038;p=183265"},"modified":"2023-05-10T09:55:53","modified_gmt":"2023-05-10T06:55:53","slug":"saga-fursin-toimiston-aukioloajat-kevaalla-ja-kesalla-2023","status":"publish","type":"news","link":"https:\/\/www.sagafurs.com\/fi\/yhtio\/uutiset\/saga-fursin-toimiston-aukioloajat-kevaalla-ja-kesalla-2023\/","title":{"rendered":"Saga Fursin toimiston aukioloajat kev\u00e4\u00e4ll\u00e4 ja kes\u00e4ll\u00e4 2023"},"content":{"rendered":"<p>Saga Fursin toimistolla on poikkeukselliset aukioloajat kev\u00e4\u00e4ll\u00e4 ja kes\u00e4ll\u00e4 pyhien sek\u00e4 lomakauden aikana.<\/p>\n<p>Saga Fursin toimisto on suljettu helatorstaina 18.5. ja sen j\u00e4lkeisen\u00e4 perjantaina 19.5., sek\u00e4 juhannusaattona perjantaina 23.6.<\/p>\n<p>Toimisto on suljettu kokonaan viikolla 31 (ajalla 31.7. \u2013 6.8.2023) ja lis\u00e4ksi toimisto on suljettu perjantaisin 30.6. &#8211; 25.8.2023 v\u00e4lisen\u00e4 aikana.<\/p>\n<p>&nbsp;<\/p>\n<p><em>Toivotamme kaikille aurinkoista kev\u00e4tt\u00e4 ja kes\u00e4\u00e4!<\/em><\/p>\n<p>Saga Furs<\/p>\n<p>&nbsp;<\/p>\n","protected":false},"excerpt":{"rendered":"<p>Saga Fursin toimistolla on poikkeukselliset aukioloajat kev\u00e4\u00e4ll\u00e4 ja kes\u00e4ll\u00e4 pyhien sek\u00e4 lomakauden aikana. Saga Fursin toimisto on suljettu helatorstaina 18.5. ja sen j\u00e4lkeisen\u00e4 perjantaina 19.5., sek\u00e4 juhannusaattona perjantaina 23.6. Toimisto on suljettu kokonaan viikolla 31 (ajalla 31.7. \u2013 6.8.2023) ja lis\u00e4ksi toimisto on suljettu perjantaisin 30.6. &#8211; 25.8.2023 v\u00e4lisen\u00e4 aikana. &nbsp; Toivotamme kaikille aurinkoista kev\u00e4tt\u00e4<a class=\"excerpt-read-more\" href=\"https:\/\/www.sagafurs.com\/fi\/yhtio\/uutiset\/saga-fursin-toimiston-aukioloajat-kevaalla-ja-kesalla-2023\/\" title=\"LueSaga Fursin toimiston aukioloajat kev\u00e4\u00e4ll\u00e4 ja kes\u00e4ll\u00e4 2023\">\u2026 Lue lis\u00e4\u00e4 &raquo;<\/a><\/p>\n","protected":false},"featured_media":0,"template":"","class_list":["post-183265","news","type-news","status-publish","hentry","news_category-yhtio"],"acf":[],"yoast_head":"<!-- This site is optimized with the Yoast SEO plugin v27.4 - https:\/\/yoast.com\/product\/yoast-seo-wordpress\/ -->\n<title>Saga Fursin toimiston aukioloajat kev\u00e4\u00e4ll\u00e4 ja kes\u00e4ll\u00e4 2023 - Sagafurs<\/title>\n<meta name=\"robots\" content=\"index, follow, max-snippet:-1, max-image-preview:large, max-video-preview:-1\" \/>\n<link rel=\"canonical\" href=\"https:\/\/www.sagafurs.com\/fi\/yhtio\/uutiset\/saga-fursin-toimiston-aukioloajat-kevaalla-ja-kesalla-2023\/\" \/>\n<meta property=\"og:locale\" content=\"fi_FI\" \/>\n<meta property=\"og:type\" content=\"article\" \/>\n<meta property=\"og:title\" content=\"Saga Fursin toimiston aukioloajat kev\u00e4\u00e4ll\u00e4 ja kes\u00e4ll\u00e4 2023 - Sagafurs\" \/>\n<meta property=\"og:description\" content=\"Saga Fursin toimistolla on poikkeukselliset aukioloajat kev\u00e4\u00e4ll\u00e4 ja kes\u00e4ll\u00e4 pyhien sek\u00e4 lomakauden aikana. Saga Fursin toimisto on suljettu helatorstaina 18.5. ja sen j\u00e4lkeisen\u00e4 perjantaina 19.5., sek\u00e4 juhannusaattona perjantaina 23.6. Toimisto on suljettu kokonaan viikolla 31 (ajalla 31.7. \u2013 6.8.2023) ja lis\u00e4ksi toimisto on suljettu perjantaisin 30.6. &#8211; 25.8.2023 v\u00e4lisen\u00e4 aikana. &nbsp; Toivotamme kaikille aurinkoista kev\u00e4tt\u00e4\u2026 Lue lis\u00e4\u00e4 &raquo;\" \/>\n<meta property=\"og:url\" content=\"https:\/\/www.sagafurs.com\/fi\/yhtio\/uutiset\/saga-fursin-toimiston-aukioloajat-kevaalla-ja-kesalla-2023\/\" \/>\n<meta property=\"og:site_name\" content=\"Sagafurs\" \/>\n<meta property=\"article:modified_time\" content=\"2023-05-10T06:55:53+00:00\" \/>\n<meta name=\"twitter:card\" content=\"summary_large_image\" \/>\n<meta name=\"twitter:label1\" content=\"Est. reading time\" \/>\n\t<meta name=\"twitter:data1\" content=\"1 minute\" \/>\n<script type=\"application\/ld+json\" class=\"yoast-schema-graph\">{\"@context\":\"https:\\\/\\\/schema.org\",\"@graph\":[{\"@type\":\"WebPage\",\"@id\":\"https:\\\/\\\/www.sagafurs.com\\\/fi\\\/yhtio\\\/uutiset\\\/saga-fursin-toimiston-aukioloajat-kevaalla-ja-kesalla-2023\\\/\",\"url\":\"https:\\\/\\\/www.sagafurs.com\\\/fi\\\/yhtio\\\/uutiset\\\/saga-fursin-toimiston-aukioloajat-kevaalla-ja-kesalla-2023\\\/\",\"name\":\"Saga Fursin toimiston aukioloajat kev\u00e4\u00e4ll\u00e4 ja kes\u00e4ll\u00e4 2023 - Sagafurs\",\"isPartOf\":{\"@id\":\"https:\\\/\\\/www.sagafurs.com\\\/#website\"},\"datePublished\":\"2023-05-10T06:55:00+00:00\",\"dateModified\":\"2023-05-10T06:55:53+00:00\",\"breadcrumb\":{\"@id\":\"https:\\\/\\\/www.sagafurs.com\\\/fi\\\/yhtio\\\/uutiset\\\/saga-fursin-toimiston-aukioloajat-kevaalla-ja-kesalla-2023\\\/#breadcrumb\"},\"inLanguage\":\"fi-FI\",\"potentialAction\":[{\"@type\":\"ReadAction\",\"target\":[\"https:\\\/\\\/www.sagafurs.com\\\/fi\\\/yhtio\\\/uutiset\\\/saga-fursin-toimiston-aukioloajat-kevaalla-ja-kesalla-2023\\\/\"]}]},{\"@type\":\"BreadcrumbList\",\"@id\":\"https:\\\/\\\/www.sagafurs.com\\\/fi\\\/yhtio\\\/uutiset\\\/saga-fursin-toimiston-aukioloajat-kevaalla-ja-kesalla-2023\\\/#breadcrumb\",\"itemListElement\":[{\"@type\":\"ListItem\",\"position\":1,\"name\":\"Home\",\"item\":\"https:\\\/\\\/www.sagafurs.com\\\/fi\\\/\"},{\"@type\":\"ListItem\",\"position\":2,\"name\":\"Saga Fursin toimiston aukioloajat kev\u00e4\u00e4ll\u00e4 ja kes\u00e4ll\u00e4 2023\"}]},{\"@type\":\"WebSite\",\"@id\":\"https:\\\/\\\/www.sagafurs.com\\\/#website\",\"url\":\"https:\\\/\\\/www.sagafurs.com\\\/\",\"name\":\"Sagafurs\",\"description\":\"Sagafurs\",\"potentialAction\":[{\"@type\":\"SearchAction\",\"target\":{\"@type\":\"EntryPoint\",\"urlTemplate\":\"https:\\\/\\\/www.sagafurs.com\\\/?s={search_term_string}\"},\"query-input\":{\"@type\":\"PropertyValueSpecification\",\"valueRequired\":true,\"valueName\":\"search_term_string\"}}],\"inLanguage\":\"fi-FI\"}]}<\/script>\n<!-- \/ Yoast SEO plugin. -->","yoast_head_json":{"title":"Saga Fursin toimiston aukioloajat kev\u00e4\u00e4ll\u00e4 ja kes\u00e4ll\u00e4 2023 - Sagafurs","robots":{"index":"index","follow":"follow","max-snippet":"max-snippet:-1","max-image-preview":"max-image-preview:large","max-video-preview":"max-video-preview:-1"},"canonical":"https:\/\/www.sagafurs.com\/fi\/yhtio\/uutiset\/saga-fursin-toimiston-aukioloajat-kevaalla-ja-kesalla-2023\/","og_locale":"fi_FI","og_type":"article","og_title":"Saga Fursin toimiston aukioloajat kev\u00e4\u00e4ll\u00e4 ja kes\u00e4ll\u00e4 2023 - Sagafurs","og_description":"Saga Fursin toimistolla on poikkeukselliset aukioloajat kev\u00e4\u00e4ll\u00e4 ja kes\u00e4ll\u00e4 pyhien sek\u00e4 lomakauden aikana. Saga Fursin toimisto on suljettu helatorstaina 18.5. ja sen j\u00e4lkeisen\u00e4 perjantaina 19.5., sek\u00e4 juhannusaattona perjantaina 23.6. Toimisto on suljettu kokonaan viikolla 31 (ajalla 31.7. \u2013 6.8.2023) ja lis\u00e4ksi toimisto on suljettu perjantaisin 30.6. &#8211; 25.8.2023 v\u00e4lisen\u00e4 aikana. &nbsp; Toivotamme kaikille aurinkoista kev\u00e4tt\u00e4\u2026 Lue lis\u00e4\u00e4 &raquo;","og_url":"https:\/\/www.sagafurs.com\/fi\/yhtio\/uutiset\/saga-fursin-toimiston-aukioloajat-kevaalla-ja-kesalla-2023\/","og_site_name":"Sagafurs","article_modified_time":"2023-05-10T06:55:53+00:00","twitter_card":"summary_large_image","twitter_misc":{"Est. reading time":"1 minute"},"schema":{"@context":"https:\/\/schema.org","@graph":[{"@type":"WebPage","@id":"https:\/\/www.sagafurs.com\/fi\/yhtio\/uutiset\/saga-fursin-toimiston-aukioloajat-kevaalla-ja-kesalla-2023\/","url":"https:\/\/www.sagafurs.com\/fi\/yhtio\/uutiset\/saga-fursin-toimiston-aukioloajat-kevaalla-ja-kesalla-2023\/","name":"Saga Fursin toimiston aukioloajat kev\u00e4\u00e4ll\u00e4 ja kes\u00e4ll\u00e4 2023 - Sagafurs","isPartOf":{"@id":"https:\/\/www.sagafurs.com\/#website"},"datePublished":"2023-05-10T06:55:00+00:00","dateModified":"2023-05-10T06:55:53+00:00","breadcrumb":{"@id":"https:\/\/www.sagafurs.com\/fi\/yhtio\/uutiset\/saga-fursin-toimiston-aukioloajat-kevaalla-ja-kesalla-2023\/#breadcrumb"},"inLanguage":"fi-FI","potentialAction":[{"@type":"ReadAction","target":["https:\/\/www.sagafurs.com\/fi\/yhtio\/uutiset\/saga-fursin-toimiston-aukioloajat-kevaalla-ja-kesalla-2023\/"]}]},{"@type":"BreadcrumbList","@id":"https:\/\/www.sagafurs.com\/fi\/yhtio\/uutiset\/saga-fursin-toimiston-aukioloajat-kevaalla-ja-kesalla-2023\/#breadcrumb","itemListElement":[{"@type":"ListItem","position":1,"name":"Home","item":"https:\/\/www.sagafurs.com\/fi\/"},{"@type":"ListItem","position":2,"name":"Saga Fursin toimiston aukioloajat kev\u00e4\u00e4ll\u00e4 ja kes\u00e4ll\u00e4 2023"}]},{"@type":"WebSite","@id":"https:\/\/www.sagafurs.com\/#website","url":"https:\/\/www.sagafurs.com\/","name":"Sagafurs","description":"Sagafurs","potentialAction":[{"@type":"SearchAction","target":{"@type":"EntryPoint","urlTemplate":"https:\/\/www.sagafurs.com\/?s={search_term_string}"},"query-input":{"@type":"PropertyValueSpecification","valueRequired":true,"valueName":"search_term_string"}}],"inLanguage":"fi-FI"}]}},"_links":{"self":[{"href":"https:\/\/www.sagafurs.com\/fi\/wp-json\/wp\/v2\/news\/183265","targetHints":{"allow":["GET"]}}],"collection":[{"href":"https:\/\/www.sagafurs.com\/fi\/wp-json\/wp\/v2\/news"}],"about":[{"href":"https:\/\/www.sagafurs.com\/fi\/wp-json\/wp\/v2\/types\/news"}],"version-history":[{"count":0,"href":"https:\/\/www.sagafurs.com\/fi\/wp-json\/wp\/v2\/news\/183265\/revisions"}],"wp:attachment":[{"href":"https:\/\/www.sagafurs.com\/fi\/wp-json\/wp\/v2\/media?parent=183265"}],"curies":[{"name":"wp","href":"https:\/\/api.w.org\/{rel}","templated":true}]}}