{"id":187285,"date":"2025-03-25T12:00:29","date_gmt":"2025-03-25T10:00:29","guid":{"rendered":"https:\/\/www.sagafurs.com\/?post_type=news&#038;p=187285"},"modified":"2025-03-25T12:00:29","modified_gmt":"2025-03-25T10:00:29","slug":"turkisten-lajittelukoulutukseen-osallistui-alan-uutta-sukupolvea","status":"publish","type":"news","link":"https:\/\/www.sagafurs.com\/fi\/yhtio\/uutiset\/turkisten-lajittelukoulutukseen-osallistui-alan-uutta-sukupolvea\/","title":{"rendered":"Turkisten lajittelukoulutukseen osallistui alan uutta sukupolvea"},"content":{"rendered":"<p><strong>Juuri ennen maaliskuun huutokaupan alkamista j\u00e4rjestettiin turkisten lajittelukoulutus. Kurssille osallistui alan nuorta sukupolvea Kreikasta, Italiasta ja Koreasta. Kyseess\u00e4 oli toinen l\u00e4hikoulutus vuoden 2019 j\u00e4lkeen.<\/strong><\/p>\n<p>Nuorten sitoutuminen on merkitt\u00e4v\u00e4 asia.<\/p>\n<p>\u2013 Nuoret tuovat alalle optimismia ja raikkaita n\u00e4k\u00f6kulmia. Osallistujissa oli toisen ja kolmannen sukupolven turkisvalmistajia ja -myyji\u00e4, jotka valmistautuvat jatkamaan perheyrityksi\u00e4\u00e4n. Mukana oli my\u00f6s uusia alalle tulleita itsen\u00e4isi\u00e4 yritt\u00e4ji\u00e4, Saga Fursin lajittelun tuotep\u00e4\u00e4llikk\u00f6 <strong>Kari Huotari <\/strong>kertoo.<\/p>\n<p><img loading=\"lazy\" decoding=\"async\" class=\"alignnone size-medium wp-image-187280\" src=\"https:\/\/www.sagafurs.com\/wp-content\/uploads\/2025\/03\/3-2-1024x384.png\" alt=\"\" width=\"1024\" height=\"384\" srcset=\"https:\/\/www.sagafurs.com\/wp-content\/uploads\/2025\/03\/3-2-1024x384.png 1024w, https:\/\/www.sagafurs.com\/wp-content\/uploads\/2025\/03\/3-2-768x288.png 768w, https:\/\/www.sagafurs.com\/wp-content\/uploads\/2025\/03\/3-2-640x240.png 640w, https:\/\/www.sagafurs.com\/wp-content\/uploads\/2025\/03\/3-2.png 1200w\" sizes=\"auto, (max-width: 1024px) 100vw, 1024px\" \/><\/p>\n<p><strong>Syv\u00e4llist\u00e4 osaamista minkin, ketun ja Swakaran lajittelusta<\/strong><\/p>\n<p>Tiivis viiden p\u00e4iv\u00e4n koulutus keskittyi Swakaran-, minkin- ja ketunnahkojen lajitteluun sek\u00e4 huutokauppaan liittyviin aiheisiin. Osallistujat saivat perusteellisen ymm\u00e4rryksen turkisten laadunarvioinnista, luokittelusta, alan standardeista ja huutokauppaprosesseista. Opetuksesta vastasivat kokeneet asiantuntijat.<\/p>\n<p>Osallistujilta tuli positiivista palautetta kurssista. He arvostivat sek\u00e4 koulutuksen sis\u00e4lt\u00f6\u00e4 ett\u00e4 kouluttajien osaamista. Koulutuksen p\u00e4\u00e4tteeksi huutokauppasalissa j\u00e4rjestettiin tilaisuus, jossa jokainen osallistuja sai diplomin osoituksena sitoutumisestaan ja koulutuksen suorittamisesta.<\/p>\n<p><img loading=\"lazy\" decoding=\"async\" class=\"alignnone size-medium wp-image-187274\" src=\"https:\/\/www.sagafurs.com\/wp-content\/uploads\/2025\/03\/2-2-1024x384.png\" alt=\"\" width=\"1024\" height=\"384\" srcset=\"https:\/\/www.sagafurs.com\/wp-content\/uploads\/2025\/03\/2-2-1024x384.png 1024w, https:\/\/www.sagafurs.com\/wp-content\/uploads\/2025\/03\/2-2-768x288.png 768w, https:\/\/www.sagafurs.com\/wp-content\/uploads\/2025\/03\/2-2-640x240.png 640w, https:\/\/www.sagafurs.com\/wp-content\/uploads\/2025\/03\/2-2.png 1200w\" sizes=\"auto, (max-width: 1024px) 100vw, 1024px\" \/><\/p>\n<p><strong>Saga Furs on turkisten lajittelun markkinajohtaja<\/strong><\/p>\n<p>Saga\u00ae-minkin-, -ketun- ja -suomensupinnahkojen lajittelua pidet\u00e4\u00e4n alan parhaana. Huippuunsa kehitetty lajittelu varmistaa, ett\u00e4 nahoista maksetaan oikea hinta. Asiakkaat voivat luottaa siihen, ett\u00e4 jokainen myyt\u00e4v\u00e4 er\u00e4 vastaa annettua laatukuvausta. Automatisoidussa lajittelussa nahat mitataan ja lajitellaan koon, ketunturkin paksuuden, minkinnahan pituuden, v\u00e4ris\u00e4vyn ja kirkkauden perusteella. Lopullisen laatulajittelun tekev\u00e4t k\u00e4sity\u00f6n\u00e4 Saga Fursin harjaantuneet ammattilaiset.<\/p>\n","protected":false},"excerpt":{"rendered":"<p>Juuri ennen maaliskuun huutokaupan alkamista j\u00e4rjestettiin turkisten lajittelukoulutus. Kurssille osallistui alan nuorta sukupolvea Kreikasta, Italiasta ja Koreasta. Kyseess\u00e4 oli toinen l\u00e4hikoulutus vuoden 2019 j\u00e4lkeen. Nuorten sitoutuminen on merkitt\u00e4v\u00e4 asia. \u2013 Nuoret tuovat alalle optimismia ja raikkaita n\u00e4k\u00f6kulmia. Osallistujissa oli toisen ja kolmannen sukupolven turkisvalmistajia ja -myyji\u00e4, jotka valmistautuvat jatkamaan perheyrityksi\u00e4\u00e4n. Mukana oli my\u00f6s uusia alalle<a class=\"excerpt-read-more\" href=\"https:\/\/www.sagafurs.com\/fi\/yhtio\/uutiset\/turkisten-lajittelukoulutukseen-osallistui-alan-uutta-sukupolvea\/\" title=\"LueTurkisten lajittelukoulutukseen osallistui alan uutta sukupolvea\">\u2026 Lue lis\u00e4\u00e4 &raquo;<\/a><\/p>\n","protected":false},"featured_media":0,"template":"","class_list":["post-187285","news","type-news","status-publish","hentry"],"acf":[],"yoast_head":"<!-- This site is optimized with the Yoast SEO plugin v27.4 - https:\/\/yoast.com\/product\/yoast-seo-wordpress\/ -->\n<title>Turkisten lajittelukoulutukseen osallistui alan uutta sukupolvea - Sagafurs<\/title>\n<meta name=\"robots\" content=\"index, follow, max-snippet:-1, max-image-preview:large, max-video-preview:-1\" \/>\n<link rel=\"canonical\" href=\"https:\/\/www.sagafurs.com\/fi\/yhtio\/uutiset\/turkisten-lajittelukoulutukseen-osallistui-alan-uutta-sukupolvea\/\" \/>\n<meta property=\"og:locale\" content=\"fi_FI\" \/>\n<meta property=\"og:type\" content=\"article\" \/>\n<meta property=\"og:title\" content=\"Turkisten lajittelukoulutukseen osallistui alan uutta sukupolvea - Sagafurs\" \/>\n<meta property=\"og:description\" content=\"Juuri ennen maaliskuun huutokaupan alkamista j\u00e4rjestettiin turkisten lajittelukoulutus. Kurssille osallistui alan nuorta sukupolvea Kreikasta, Italiasta ja Koreasta. Kyseess\u00e4 oli toinen l\u00e4hikoulutus vuoden 2019 j\u00e4lkeen. Nuorten sitoutuminen on merkitt\u00e4v\u00e4 asia. \u2013 Nuoret tuovat alalle optimismia ja raikkaita n\u00e4k\u00f6kulmia. Osallistujissa oli toisen ja kolmannen sukupolven turkisvalmistajia ja -myyji\u00e4, jotka valmistautuvat jatkamaan perheyrityksi\u00e4\u00e4n. Mukana oli my\u00f6s uusia alalle\u2026 Lue lis\u00e4\u00e4 &raquo;\" \/>\n<meta property=\"og:url\" content=\"https:\/\/www.sagafurs.com\/fi\/yhtio\/uutiset\/turkisten-lajittelukoulutukseen-osallistui-alan-uutta-sukupolvea\/\" \/>\n<meta property=\"og:site_name\" content=\"Sagafurs\" \/>\n<meta property=\"og:image\" content=\"https:\/\/www.sagafurs.com\/wp-content\/uploads\/2025\/03\/3-2.png\" \/>\n\t<meta property=\"og:image:width\" content=\"1200\" \/>\n\t<meta property=\"og:image:height\" content=\"450\" \/>\n\t<meta property=\"og:image:type\" content=\"image\/png\" \/>\n<meta name=\"twitter:card\" content=\"summary_large_image\" \/>\n<meta name=\"twitter:label1\" content=\"Est. reading time\" \/>\n\t<meta name=\"twitter:data1\" content=\"2 minutes\" \/>\n<script type=\"application\/ld+json\" class=\"yoast-schema-graph\">{\"@context\":\"https:\\\/\\\/schema.org\",\"@graph\":[{\"@type\":\"WebPage\",\"@id\":\"https:\\\/\\\/www.sagafurs.com\\\/fi\\\/yhtio\\\/uutiset\\\/turkisten-lajittelukoulutukseen-osallistui-alan-uutta-sukupolvea\\\/\",\"url\":\"https:\\\/\\\/www.sagafurs.com\\\/fi\\\/yhtio\\\/uutiset\\\/turkisten-lajittelukoulutukseen-osallistui-alan-uutta-sukupolvea\\\/\",\"name\":\"Turkisten lajittelukoulutukseen osallistui alan uutta sukupolvea - Sagafurs\",\"isPartOf\":{\"@id\":\"https:\\\/\\\/www.sagafurs.com\\\/#website\"},\"primaryImageOfPage\":{\"@id\":\"https:\\\/\\\/www.sagafurs.com\\\/fi\\\/yhtio\\\/uutiset\\\/turkisten-lajittelukoulutukseen-osallistui-alan-uutta-sukupolvea\\\/#primaryimage\"},\"image\":{\"@id\":\"https:\\\/\\\/www.sagafurs.com\\\/fi\\\/yhtio\\\/uutiset\\\/turkisten-lajittelukoulutukseen-osallistui-alan-uutta-sukupolvea\\\/#primaryimage\"},\"thumbnailUrl\":\"https:\\\/\\\/www.sagafurs.com\\\/wp-content\\\/uploads\\\/2025\\\/03\\\/3-2-1024x384.png\",\"datePublished\":\"2025-03-25T10:00:29+00:00\",\"breadcrumb\":{\"@id\":\"https:\\\/\\\/www.sagafurs.com\\\/fi\\\/yhtio\\\/uutiset\\\/turkisten-lajittelukoulutukseen-osallistui-alan-uutta-sukupolvea\\\/#breadcrumb\"},\"inLanguage\":\"fi-FI\",\"potentialAction\":[{\"@type\":\"ReadAction\",\"target\":[\"https:\\\/\\\/www.sagafurs.com\\\/fi\\\/yhtio\\\/uutiset\\\/turkisten-lajittelukoulutukseen-osallistui-alan-uutta-sukupolvea\\\/\"]}]},{\"@type\":\"ImageObject\",\"inLanguage\":\"fi-FI\",\"@id\":\"https:\\\/\\\/www.sagafurs.com\\\/fi\\\/yhtio\\\/uutiset\\\/turkisten-lajittelukoulutukseen-osallistui-alan-uutta-sukupolvea\\\/#primaryimage\",\"url\":\"https:\\\/\\\/www.sagafurs.com\\\/wp-content\\\/uploads\\\/2025\\\/03\\\/3-2-1024x384.png\",\"contentUrl\":\"https:\\\/\\\/www.sagafurs.com\\\/wp-content\\\/uploads\\\/2025\\\/03\\\/3-2-1024x384.png\"},{\"@type\":\"BreadcrumbList\",\"@id\":\"https:\\\/\\\/www.sagafurs.com\\\/fi\\\/yhtio\\\/uutiset\\\/turkisten-lajittelukoulutukseen-osallistui-alan-uutta-sukupolvea\\\/#breadcrumb\",\"itemListElement\":[{\"@type\":\"ListItem\",\"position\":1,\"name\":\"Home\",\"item\":\"https:\\\/\\\/www.sagafurs.com\\\/fi\\\/\"},{\"@type\":\"ListItem\",\"position\":2,\"name\":\"Turkisten lajittelukoulutukseen osallistui alan uutta sukupolvea\"}]},{\"@type\":\"WebSite\",\"@id\":\"https:\\\/\\\/www.sagafurs.com\\\/#website\",\"url\":\"https:\\\/\\\/www.sagafurs.com\\\/\",\"name\":\"Sagafurs\",\"description\":\"Sagafurs\",\"potentialAction\":[{\"@type\":\"SearchAction\",\"target\":{\"@type\":\"EntryPoint\",\"urlTemplate\":\"https:\\\/\\\/www.sagafurs.com\\\/?s={search_term_string}\"},\"query-input\":{\"@type\":\"PropertyValueSpecification\",\"valueRequired\":true,\"valueName\":\"search_term_string\"}}],\"inLanguage\":\"fi-FI\"}]}<\/script>\n<!-- \/ Yoast SEO plugin. -->","yoast_head_json":{"title":"Turkisten lajittelukoulutukseen osallistui alan uutta sukupolvea - Sagafurs","robots":{"index":"index","follow":"follow","max-snippet":"max-snippet:-1","max-image-preview":"max-image-preview:large","max-video-preview":"max-video-preview:-1"},"canonical":"https:\/\/www.sagafurs.com\/fi\/yhtio\/uutiset\/turkisten-lajittelukoulutukseen-osallistui-alan-uutta-sukupolvea\/","og_locale":"fi_FI","og_type":"article","og_title":"Turkisten lajittelukoulutukseen osallistui alan uutta sukupolvea - Sagafurs","og_description":"Juuri ennen maaliskuun huutokaupan alkamista j\u00e4rjestettiin turkisten lajittelukoulutus. Kurssille osallistui alan nuorta sukupolvea Kreikasta, Italiasta ja Koreasta. Kyseess\u00e4 oli toinen l\u00e4hikoulutus vuoden 2019 j\u00e4lkeen. Nuorten sitoutuminen on merkitt\u00e4v\u00e4 asia. \u2013 Nuoret tuovat alalle optimismia ja raikkaita n\u00e4k\u00f6kulmia. Osallistujissa oli toisen ja kolmannen sukupolven turkisvalmistajia ja -myyji\u00e4, jotka valmistautuvat jatkamaan perheyrityksi\u00e4\u00e4n. Mukana oli my\u00f6s uusia alalle\u2026 Lue lis\u00e4\u00e4 &raquo;","og_url":"https:\/\/www.sagafurs.com\/fi\/yhtio\/uutiset\/turkisten-lajittelukoulutukseen-osallistui-alan-uutta-sukupolvea\/","og_site_name":"Sagafurs","og_image":[{"width":1200,"height":450,"url":"https:\/\/www.sagafurs.com\/wp-content\/uploads\/2025\/03\/3-2.png","type":"image\/png"}],"twitter_card":"summary_large_image","twitter_misc":{"Est. reading time":"2 minutes"},"schema":{"@context":"https:\/\/schema.org","@graph":[{"@type":"WebPage","@id":"https:\/\/www.sagafurs.com\/fi\/yhtio\/uutiset\/turkisten-lajittelukoulutukseen-osallistui-alan-uutta-sukupolvea\/","url":"https:\/\/www.sagafurs.com\/fi\/yhtio\/uutiset\/turkisten-lajittelukoulutukseen-osallistui-alan-uutta-sukupolvea\/","name":"Turkisten lajittelukoulutukseen osallistui alan uutta sukupolvea - Sagafurs","isPartOf":{"@id":"https:\/\/www.sagafurs.com\/#website"},"primaryImageOfPage":{"@id":"https:\/\/www.sagafurs.com\/fi\/yhtio\/uutiset\/turkisten-lajittelukoulutukseen-osallistui-alan-uutta-sukupolvea\/#primaryimage"},"image":{"@id":"https:\/\/www.sagafurs.com\/fi\/yhtio\/uutiset\/turkisten-lajittelukoulutukseen-osallistui-alan-uutta-sukupolvea\/#primaryimage"},"thumbnailUrl":"https:\/\/www.sagafurs.com\/wp-content\/uploads\/2025\/03\/3-2-1024x384.png","datePublished":"2025-03-25T10:00:29+00:00","breadcrumb":{"@id":"https:\/\/www.sagafurs.com\/fi\/yhtio\/uutiset\/turkisten-lajittelukoulutukseen-osallistui-alan-uutta-sukupolvea\/#breadcrumb"},"inLanguage":"fi-FI","potentialAction":[{"@type":"ReadAction","target":["https:\/\/www.sagafurs.com\/fi\/yhtio\/uutiset\/turkisten-lajittelukoulutukseen-osallistui-alan-uutta-sukupolvea\/"]}]},{"@type":"ImageObject","inLanguage":"fi-FI","@id":"https:\/\/www.sagafurs.com\/fi\/yhtio\/uutiset\/turkisten-lajittelukoulutukseen-osallistui-alan-uutta-sukupolvea\/#primaryimage","url":"https:\/\/www.sagafurs.com\/wp-content\/uploads\/2025\/03\/3-2-1024x384.png","contentUrl":"https:\/\/www.sagafurs.com\/wp-content\/uploads\/2025\/03\/3-2-1024x384.png"},{"@type":"BreadcrumbList","@id":"https:\/\/www.sagafurs.com\/fi\/yhtio\/uutiset\/turkisten-lajittelukoulutukseen-osallistui-alan-uutta-sukupolvea\/#breadcrumb","itemListElement":[{"@type":"ListItem","position":1,"name":"Home","item":"https:\/\/www.sagafurs.com\/fi\/"},{"@type":"ListItem","position":2,"name":"Turkisten lajittelukoulutukseen osallistui alan uutta sukupolvea"}]},{"@type":"WebSite","@id":"https:\/\/www.sagafurs.com\/#website","url":"https:\/\/www.sagafurs.com\/","name":"Sagafurs","description":"Sagafurs","potentialAction":[{"@type":"SearchAction","target":{"@type":"EntryPoint","urlTemplate":"https:\/\/www.sagafurs.com\/?s={search_term_string}"},"query-input":{"@type":"PropertyValueSpecification","valueRequired":true,"valueName":"search_term_string"}}],"inLanguage":"fi-FI"}]}},"_links":{"self":[{"href":"https:\/\/www.sagafurs.com\/fi\/wp-json\/wp\/v2\/news\/187285","targetHints":{"allow":["GET"]}}],"collection":[{"href":"https:\/\/www.sagafurs.com\/fi\/wp-json\/wp\/v2\/news"}],"about":[{"href":"https:\/\/www.sagafurs.com\/fi\/wp-json\/wp\/v2\/types\/news"}],"version-history":[{"count":0,"href":"https:\/\/www.sagafurs.com\/fi\/wp-json\/wp\/v2\/news\/187285\/revisions"}],"wp:attachment":[{"href":"https:\/\/www.sagafurs.com\/fi\/wp-json\/wp\/v2\/media?parent=187285"}],"curies":[{"name":"wp","href":"https:\/\/api.w.org\/{rel}","templated":true}]}}