{"id":187406,"date":"2025-04-01T09:59:08","date_gmt":"2025-04-01T06:59:08","guid":{"rendered":"https:\/\/www.sagafurs.com\/?post_type=news&#038;p=187406"},"modified":"2025-04-01T10:05:13","modified_gmt":"2025-04-01T07:05:13","slug":"intoa-ja-keskittyneisyytta-creative-hubin-tyopajassa","status":"publish","type":"news","link":"https:\/\/www.sagafurs.com\/fi\/yhtio\/uutiset\/intoa-ja-keskittyneisyytta-creative-hubin-tyopajassa\/","title":{"rendered":"Intoa ja keskittyneisyytt\u00e4 Creative Hubin ty\u00f6pajassa"},"content":{"rendered":"<p><strong>Maaliskuussa Saga Furs Creative Hub j\u00e4rjesti ty\u00f6pajan motivoituneelle ryhm\u00e4lle, joka edelleen lujittaa kumppanuutta muotiin ja muotoiluun keskittyvien oppilaitosten kanssa. Yhteisty\u00f6t\u00e4 Paris College of Artin sek\u00e4 Fashion and Design School of Copenhagenin kanssa on tehty pari vuotta. N\u00e4iden organisaatioiden edustajien lis\u00e4ksi turkiksen monimuotoisuuteen ja vastuullisuuteen syventyi kaksi italialaisia, aiempien oppilaitoskontaktien paikalle siivitt\u00e4m\u00e4\u00e4 suunnittelijaa.<\/strong><\/p>\n<p>Se tapahtui j\u00e4lleen: jo Creative Hubin ovella aisti ty\u00f6pajaan osallistuneiden t\u00e4ydellisen keskittymisen materiaaliin ja sen mahdollisuuksiin.<\/p>\n<p>\u201dOn hienoa n\u00e4hd\u00e4, miten onnellisia opiskelijat ovat saadessaan syventy\u00e4 k\u00e4yt\u00e4nn\u00f6n tekemiseen ja uuden oppimiseen. Tunnemme olevamme todella tervetulleita, ja kokonaisuus on hyvin j\u00e4rjestetty\u201d, kertoi <strong>Claire Jochum<\/strong>, Paris College of Artin professori ja tekstiilisuunnittelija.<\/p>\n<p>H\u00e4nen oma suhteensa turkikseen painottuu vuosikymmeni\u00e4 sitten valmistettuihin vaatteisiin, niiden kierr\u00e4tt\u00e4miseen ja muokkaamiseen. Materiaalin kest\u00e4vyysn\u00e4k\u00f6kohdat ovat avainasemassa.<\/p>\n<p>\u201cKaikki materiaalit voivat periaatteessa olla ongelmallisia. Kyse on siit\u00e4, miten ne on tuotettu. Itse\u00e4ni kiehtoo eri turkistyyppien moninaisuus, josta luovuuteen yhdistettyn\u00e4 syntyy vaikka mit\u00e4.\u201d<\/p>\n<p>Vastuullisuuden lis\u00e4ksi Claire korostaa turkiksen vaativan tuntumaa.<\/p>\n<p>\u201cMateriaalia pit\u00e4\u00e4 koskettaa sen hienouden tunteakseen. Siksi verkkokauppa ei mielest\u00e4ni parhaiten palvele turkista.\u201d<\/p>\n<p><strong>Ammatillista monimuotoisuutta uusin n\u00e4k\u00f6kulmin<\/strong><\/p>\n<p><strong>Charlotte Biancardi<\/strong> on hyv\u00e4 esimerkki ryhm\u00e4n kansainv\u00e4lisyydest\u00e4 ja ammatillisesta monialaisuudesta. Kaliforniasta kotoisin oleva nuori nainen opiskelee Paris College of Artissa muotivalokuvausta ja valmistuu pian.<\/p>\n<p>\u201cAlaani ovat muoti, musiikki ja vaatesuunnittelu yhdistettyin\u00e4 kierr\u00e4tettyihin ja k\u00e4ytettyihin materiaaleihin. Haluan rikkoa perinteisen valokuvauksen rajoja ja tuoda tilalle uudenlaisia tunneper\u00e4isi\u00e4 kokemuksia\u201d, h\u00e4n kuvailee.<\/p>\n<p>Charlotte halusi n\u00e4hd\u00e4, miten turkiksen kanssa jo pidemp\u00e4\u00e4n ty\u00f6skennelleet sit\u00e4 muokkaavat. H\u00e4n n\u00e4kee materiaalin eritt\u00e4in haastavana, mutta lukemattomia yhdistely- ja uudistamismahdollisuuksia tarjoavana. Kaikki t\u00e4m\u00e4 kumpuaa turkiksen pitk\u00e4ik\u00e4isyydest\u00e4.<\/p>\n<p>Valmistumisensa j\u00e4lkeen Charlotte haluaa pysy\u00e4 Euroopassa. Ty\u00f6pajan p\u00e4\u00e4tytty\u00e4 h\u00e4n oli suuntaamassa sukulaistensa luo Oulun l\u00e4hettyville. Ensi kertaa sinnekin.<\/p>\n<p><strong>Vastuullisuustietoa tarpeeseen<\/strong><\/p>\n<p>Saga Furs Creative Hubin ammattitaitoiset turkkurit j\u00e4rjest\u00e4v\u00e4t ty\u00f6pajoja ja seminaareja. Samalla Hub toimii turkisalan innovaatiokeskuksena. Opiskelijat ja muodin ammattilaiset p\u00e4\u00e4sev\u00e4t syvent\u00e4m\u00e4\u00e4n taitojaan ja oppimaan uusia innovatiivisia tekniikoita.<\/p>\n<p>Vastuullisuustietouden levitt\u00e4minen on aina kiinte\u00e4 osa ohjelmaa. Sen avulla opettajat voivat vastata oppilaitaan mietittyviin kysymyksiin, ja oppilaat levitt\u00e4v\u00e4t sanomaa omissa verkostoissaan. Osallistujat kuulevat esimerkiksi siit\u00e4, miten turkisel\u00e4imi\u00e4 kasvatetaan, miten el\u00e4inten hyvinvoinnista huolehditaan ja mit\u00e4 sertifiointi kertoo.<\/p>\n<p>Saga Fursin vastuullisuusp\u00e4\u00e4llikk\u00f6 <strong>Marika Peuhkuri-Gr\u00f6n<\/strong> kertoi osallistujille turkiksen liitynn\u00f6ist\u00e4 kest\u00e4v\u00e4\u00e4n kehitykseen koko arvoketjun osalta. Ryhm\u00e4 arvosti my\u00f6s Saga Fursin hallituksen puheenjohtaja <strong>Jari Isosaaren<\/strong> tapaamista, mik\u00e4 antoi mahdollisuuden kysy\u00e4 kaikesta alassa mietitytt\u00e4v\u00e4st\u00e4 suoraan turkistuottajalta.<\/p>\n<p><img loading=\"lazy\" decoding=\"async\" class=\"alignnone size-medium wp-image-187396\" src=\"https:\/\/www.sagafurs.com\/wp-content\/uploads\/2025\/04\/1-1024x384.png\" alt=\"\" width=\"1024\" height=\"384\" srcset=\"https:\/\/www.sagafurs.com\/wp-content\/uploads\/2025\/04\/1-1024x384.png 1024w, https:\/\/www.sagafurs.com\/wp-content\/uploads\/2025\/04\/1-768x288.png 768w, https:\/\/www.sagafurs.com\/wp-content\/uploads\/2025\/04\/1-640x240.png 640w, https:\/\/www.sagafurs.com\/wp-content\/uploads\/2025\/04\/1.png 1200w\" sizes=\"auto, (max-width: 1024px) 100vw, 1024px\" \/><\/p>\n<p>Kiitos k\u00e4ynnist\u00e4nne <strong>Claire, Amina<\/strong> ja <strong>Charlotte<\/strong> (Paris College of Art); <strong>Vilde<\/strong> ja <strong>Alfredo<\/strong> (Fashion and Design School of Copenhagen), sek\u00e4 <strong>Domenico<\/strong> and <strong>Teresa<\/strong>.<\/p>\n","protected":false},"excerpt":{"rendered":"<p>Maaliskuussa Saga Furs Creative Hub j\u00e4rjesti ty\u00f6pajan motivoituneelle ryhm\u00e4lle, joka edelleen lujittaa kumppanuutta muotiin ja muotoiluun keskittyvien oppilaitosten kanssa. Yhteisty\u00f6t\u00e4 Paris College of Artin sek\u00e4 Fashion and Design School of Copenhagenin kanssa on tehty pari vuotta. N\u00e4iden organisaatioiden edustajien lis\u00e4ksi turkiksen monimuotoisuuteen ja vastuullisuuteen syventyi kaksi italialaisia, aiempien oppilaitoskontaktien paikalle siivitt\u00e4m\u00e4\u00e4 suunnittelijaa. Se tapahtui j\u00e4lleen:<a class=\"excerpt-read-more\" href=\"https:\/\/www.sagafurs.com\/fi\/yhtio\/uutiset\/intoa-ja-keskittyneisyytta-creative-hubin-tyopajassa\/\" title=\"LueIntoa ja keskittyneisyytt\u00e4 Creative Hubin ty\u00f6pajassa\">\u2026 Lue lis\u00e4\u00e4 &raquo;<\/a><\/p>\n","protected":false},"featured_media":0,"template":"","class_list":["post-187406","news","type-news","status-publish","hentry"],"acf":[],"yoast_head":"<!-- This site is optimized with the Yoast SEO plugin v27.4 - https:\/\/yoast.com\/product\/yoast-seo-wordpress\/ -->\n<title>Intoa ja keskittyneisyytt\u00e4 Creative Hubin ty\u00f6pajassa - Sagafurs<\/title>\n<meta name=\"description\" content=\"Maaliskuussa Saga Furs Creative Hub j\u00e4rjesti ty\u00f6pajan muotiin ja muotoiluun keskittyvien oppilaitosten kanssa. Yhteisty\u00f6t\u00e4 Paris College of Artin sek\u00e4 Fashion and Design School of Copenhagenin kanssa on tehty pari vuotta. Lis\u00e4ksi turkiksen monimuotoisuuteen ja vastuullisuuteen syventyi kaksi italialaisia, aiempien oppilaitoskontaktien paikalle siivitt\u00e4m\u00e4\u00e4 suunnittelijaa.\" \/>\n<meta name=\"robots\" content=\"index, follow, max-snippet:-1, max-image-preview:large, max-video-preview:-1\" \/>\n<link rel=\"canonical\" href=\"https:\/\/www.sagafurs.com\/fi\/yhtio\/uutiset\/intoa-ja-keskittyneisyytta-creative-hubin-tyopajassa\/\" \/>\n<meta property=\"og:locale\" content=\"fi_FI\" \/>\n<meta property=\"og:type\" content=\"article\" \/>\n<meta property=\"og:title\" content=\"Intoa ja keskittyneisyytt\u00e4 Creative Hubin ty\u00f6pajassa - Sagafurs\" \/>\n<meta property=\"og:description\" content=\"Maaliskuussa Saga Furs Creative Hub j\u00e4rjesti ty\u00f6pajan muotiin ja muotoiluun keskittyvien oppilaitosten kanssa. Yhteisty\u00f6t\u00e4 Paris College of Artin sek\u00e4 Fashion and Design School of Copenhagenin kanssa on tehty pari vuotta. Lis\u00e4ksi turkiksen monimuotoisuuteen ja vastuullisuuteen syventyi kaksi italialaisia, aiempien oppilaitoskontaktien paikalle siivitt\u00e4m\u00e4\u00e4 suunnittelijaa.\" \/>\n<meta property=\"og:url\" content=\"https:\/\/www.sagafurs.com\/fi\/yhtio\/uutiset\/intoa-ja-keskittyneisyytta-creative-hubin-tyopajassa\/\" \/>\n<meta property=\"og:site_name\" content=\"Sagafurs\" \/>\n<meta property=\"article:modified_time\" content=\"2025-04-01T07:05:13+00:00\" \/>\n<meta property=\"og:image\" content=\"https:\/\/www.sagafurs.com\/wp-content\/uploads\/2025\/04\/1.png\" \/>\n\t<meta property=\"og:image:width\" content=\"1200\" \/>\n\t<meta property=\"og:image:height\" content=\"450\" \/>\n\t<meta property=\"og:image:type\" content=\"image\/png\" \/>\n<meta name=\"twitter:card\" content=\"summary_large_image\" \/>\n<meta name=\"twitter:label1\" content=\"Est. reading time\" \/>\n\t<meta name=\"twitter:data1\" content=\"2 minutes\" \/>\n<script type=\"application\/ld+json\" class=\"yoast-schema-graph\">{\"@context\":\"https:\\\/\\\/schema.org\",\"@graph\":[{\"@type\":\"WebPage\",\"@id\":\"https:\\\/\\\/www.sagafurs.com\\\/fi\\\/yhtio\\\/uutiset\\\/intoa-ja-keskittyneisyytta-creative-hubin-tyopajassa\\\/\",\"url\":\"https:\\\/\\\/www.sagafurs.com\\\/fi\\\/yhtio\\\/uutiset\\\/intoa-ja-keskittyneisyytta-creative-hubin-tyopajassa\\\/\",\"name\":\"Intoa ja keskittyneisyytt\u00e4 Creative Hubin ty\u00f6pajassa - Sagafurs\",\"isPartOf\":{\"@id\":\"https:\\\/\\\/www.sagafurs.com\\\/#website\"},\"primaryImageOfPage\":{\"@id\":\"https:\\\/\\\/www.sagafurs.com\\\/fi\\\/yhtio\\\/uutiset\\\/intoa-ja-keskittyneisyytta-creative-hubin-tyopajassa\\\/#primaryimage\"},\"image\":{\"@id\":\"https:\\\/\\\/www.sagafurs.com\\\/fi\\\/yhtio\\\/uutiset\\\/intoa-ja-keskittyneisyytta-creative-hubin-tyopajassa\\\/#primaryimage\"},\"thumbnailUrl\":\"https:\\\/\\\/www.sagafurs.com\\\/wp-content\\\/uploads\\\/2025\\\/04\\\/1-1024x384.png\",\"datePublished\":\"2025-04-01T06:59:08+00:00\",\"dateModified\":\"2025-04-01T07:05:13+00:00\",\"description\":\"Maaliskuussa Saga Furs Creative Hub j\u00e4rjesti ty\u00f6pajan muotiin ja muotoiluun keskittyvien oppilaitosten kanssa. Yhteisty\u00f6t\u00e4 Paris College of Artin sek\u00e4 Fashion and Design School of Copenhagenin kanssa on tehty pari vuotta. Lis\u00e4ksi turkiksen monimuotoisuuteen ja vastuullisuuteen syventyi kaksi italialaisia, aiempien oppilaitoskontaktien paikalle siivitt\u00e4m\u00e4\u00e4 suunnittelijaa.\",\"breadcrumb\":{\"@id\":\"https:\\\/\\\/www.sagafurs.com\\\/fi\\\/yhtio\\\/uutiset\\\/intoa-ja-keskittyneisyytta-creative-hubin-tyopajassa\\\/#breadcrumb\"},\"inLanguage\":\"fi-FI\",\"potentialAction\":[{\"@type\":\"ReadAction\",\"target\":[\"https:\\\/\\\/www.sagafurs.com\\\/fi\\\/yhtio\\\/uutiset\\\/intoa-ja-keskittyneisyytta-creative-hubin-tyopajassa\\\/\"]}]},{\"@type\":\"ImageObject\",\"inLanguage\":\"fi-FI\",\"@id\":\"https:\\\/\\\/www.sagafurs.com\\\/fi\\\/yhtio\\\/uutiset\\\/intoa-ja-keskittyneisyytta-creative-hubin-tyopajassa\\\/#primaryimage\",\"url\":\"https:\\\/\\\/www.sagafurs.com\\\/wp-content\\\/uploads\\\/2025\\\/04\\\/1-1024x384.png\",\"contentUrl\":\"https:\\\/\\\/www.sagafurs.com\\\/wp-content\\\/uploads\\\/2025\\\/04\\\/1-1024x384.png\"},{\"@type\":\"BreadcrumbList\",\"@id\":\"https:\\\/\\\/www.sagafurs.com\\\/fi\\\/yhtio\\\/uutiset\\\/intoa-ja-keskittyneisyytta-creative-hubin-tyopajassa\\\/#breadcrumb\",\"itemListElement\":[{\"@type\":\"ListItem\",\"position\":1,\"name\":\"Home\",\"item\":\"https:\\\/\\\/www.sagafurs.com\\\/fi\\\/\"},{\"@type\":\"ListItem\",\"position\":2,\"name\":\"Intoa ja keskittyneisyytt\u00e4 Creative Hubin ty\u00f6pajassa\"}]},{\"@type\":\"WebSite\",\"@id\":\"https:\\\/\\\/www.sagafurs.com\\\/#website\",\"url\":\"https:\\\/\\\/www.sagafurs.com\\\/\",\"name\":\"Sagafurs\",\"description\":\"Sagafurs\",\"potentialAction\":[{\"@type\":\"SearchAction\",\"target\":{\"@type\":\"EntryPoint\",\"urlTemplate\":\"https:\\\/\\\/www.sagafurs.com\\\/?s={search_term_string}\"},\"query-input\":{\"@type\":\"PropertyValueSpecification\",\"valueRequired\":true,\"valueName\":\"search_term_string\"}}],\"inLanguage\":\"fi-FI\"}]}<\/script>\n<!-- \/ Yoast SEO plugin. -->","yoast_head_json":{"title":"Intoa ja keskittyneisyytt\u00e4 Creative Hubin ty\u00f6pajassa - Sagafurs","description":"Maaliskuussa Saga Furs Creative Hub j\u00e4rjesti ty\u00f6pajan muotiin ja muotoiluun keskittyvien oppilaitosten kanssa. Yhteisty\u00f6t\u00e4 Paris College of Artin sek\u00e4 Fashion and Design School of Copenhagenin kanssa on tehty pari vuotta. Lis\u00e4ksi turkiksen monimuotoisuuteen ja vastuullisuuteen syventyi kaksi italialaisia, aiempien oppilaitoskontaktien paikalle siivitt\u00e4m\u00e4\u00e4 suunnittelijaa.","robots":{"index":"index","follow":"follow","max-snippet":"max-snippet:-1","max-image-preview":"max-image-preview:large","max-video-preview":"max-video-preview:-1"},"canonical":"https:\/\/www.sagafurs.com\/fi\/yhtio\/uutiset\/intoa-ja-keskittyneisyytta-creative-hubin-tyopajassa\/","og_locale":"fi_FI","og_type":"article","og_title":"Intoa ja keskittyneisyytt\u00e4 Creative Hubin ty\u00f6pajassa - Sagafurs","og_description":"Maaliskuussa Saga Furs Creative Hub j\u00e4rjesti ty\u00f6pajan muotiin ja muotoiluun keskittyvien oppilaitosten kanssa. Yhteisty\u00f6t\u00e4 Paris College of Artin sek\u00e4 Fashion and Design School of Copenhagenin kanssa on tehty pari vuotta. Lis\u00e4ksi turkiksen monimuotoisuuteen ja vastuullisuuteen syventyi kaksi italialaisia, aiempien oppilaitoskontaktien paikalle siivitt\u00e4m\u00e4\u00e4 suunnittelijaa.","og_url":"https:\/\/www.sagafurs.com\/fi\/yhtio\/uutiset\/intoa-ja-keskittyneisyytta-creative-hubin-tyopajassa\/","og_site_name":"Sagafurs","article_modified_time":"2025-04-01T07:05:13+00:00","og_image":[{"width":1200,"height":450,"url":"https:\/\/www.sagafurs.com\/wp-content\/uploads\/2025\/04\/1.png","type":"image\/png"}],"twitter_card":"summary_large_image","twitter_misc":{"Est. reading time":"2 minutes"},"schema":{"@context":"https:\/\/schema.org","@graph":[{"@type":"WebPage","@id":"https:\/\/www.sagafurs.com\/fi\/yhtio\/uutiset\/intoa-ja-keskittyneisyytta-creative-hubin-tyopajassa\/","url":"https:\/\/www.sagafurs.com\/fi\/yhtio\/uutiset\/intoa-ja-keskittyneisyytta-creative-hubin-tyopajassa\/","name":"Intoa ja keskittyneisyytt\u00e4 Creative Hubin ty\u00f6pajassa - Sagafurs","isPartOf":{"@id":"https:\/\/www.sagafurs.com\/#website"},"primaryImageOfPage":{"@id":"https:\/\/www.sagafurs.com\/fi\/yhtio\/uutiset\/intoa-ja-keskittyneisyytta-creative-hubin-tyopajassa\/#primaryimage"},"image":{"@id":"https:\/\/www.sagafurs.com\/fi\/yhtio\/uutiset\/intoa-ja-keskittyneisyytta-creative-hubin-tyopajassa\/#primaryimage"},"thumbnailUrl":"https:\/\/www.sagafurs.com\/wp-content\/uploads\/2025\/04\/1-1024x384.png","datePublished":"2025-04-01T06:59:08+00:00","dateModified":"2025-04-01T07:05:13+00:00","description":"Maaliskuussa Saga Furs Creative Hub j\u00e4rjesti ty\u00f6pajan muotiin ja muotoiluun keskittyvien oppilaitosten kanssa. Yhteisty\u00f6t\u00e4 Paris College of Artin sek\u00e4 Fashion and Design School of Copenhagenin kanssa on tehty pari vuotta. Lis\u00e4ksi turkiksen monimuotoisuuteen ja vastuullisuuteen syventyi kaksi italialaisia, aiempien oppilaitoskontaktien paikalle siivitt\u00e4m\u00e4\u00e4 suunnittelijaa.","breadcrumb":{"@id":"https:\/\/www.sagafurs.com\/fi\/yhtio\/uutiset\/intoa-ja-keskittyneisyytta-creative-hubin-tyopajassa\/#breadcrumb"},"inLanguage":"fi-FI","potentialAction":[{"@type":"ReadAction","target":["https:\/\/www.sagafurs.com\/fi\/yhtio\/uutiset\/intoa-ja-keskittyneisyytta-creative-hubin-tyopajassa\/"]}]},{"@type":"ImageObject","inLanguage":"fi-FI","@id":"https:\/\/www.sagafurs.com\/fi\/yhtio\/uutiset\/intoa-ja-keskittyneisyytta-creative-hubin-tyopajassa\/#primaryimage","url":"https:\/\/www.sagafurs.com\/wp-content\/uploads\/2025\/04\/1-1024x384.png","contentUrl":"https:\/\/www.sagafurs.com\/wp-content\/uploads\/2025\/04\/1-1024x384.png"},{"@type":"BreadcrumbList","@id":"https:\/\/www.sagafurs.com\/fi\/yhtio\/uutiset\/intoa-ja-keskittyneisyytta-creative-hubin-tyopajassa\/#breadcrumb","itemListElement":[{"@type":"ListItem","position":1,"name":"Home","item":"https:\/\/www.sagafurs.com\/fi\/"},{"@type":"ListItem","position":2,"name":"Intoa ja keskittyneisyytt\u00e4 Creative Hubin ty\u00f6pajassa"}]},{"@type":"WebSite","@id":"https:\/\/www.sagafurs.com\/#website","url":"https:\/\/www.sagafurs.com\/","name":"Sagafurs","description":"Sagafurs","potentialAction":[{"@type":"SearchAction","target":{"@type":"EntryPoint","urlTemplate":"https:\/\/www.sagafurs.com\/?s={search_term_string}"},"query-input":{"@type":"PropertyValueSpecification","valueRequired":true,"valueName":"search_term_string"}}],"inLanguage":"fi-FI"}]}},"_links":{"self":[{"href":"https:\/\/www.sagafurs.com\/fi\/wp-json\/wp\/v2\/news\/187406","targetHints":{"allow":["GET"]}}],"collection":[{"href":"https:\/\/www.sagafurs.com\/fi\/wp-json\/wp\/v2\/news"}],"about":[{"href":"https:\/\/www.sagafurs.com\/fi\/wp-json\/wp\/v2\/types\/news"}],"version-history":[{"count":0,"href":"https:\/\/www.sagafurs.com\/fi\/wp-json\/wp\/v2\/news\/187406\/revisions"}],"wp:attachment":[{"href":"https:\/\/www.sagafurs.com\/fi\/wp-json\/wp\/v2\/media?parent=187406"}],"curies":[{"name":"wp","href":"https:\/\/api.w.org\/{rel}","templated":true}]}}