{"id":196682,"date":"2026-01-22T15:48:56","date_gmt":"2026-01-22T13:48:56","guid":{"rendered":"https:\/\/www.sagafurs.com\/?post_type=news&#038;p=196682"},"modified":"2026-01-26T09:33:39","modified_gmt":"2026-01-26T07:33:39","slug":"saga-fursin-ja-paris-college-of-artin-yhteistyo-on-kestanyt-jo-kolme-vuotta","status":"publish","type":"news","link":"https:\/\/www.sagafurs.com\/fi\/yhtio\/uutiset\/saga-fursin-ja-paris-college-of-artin-yhteistyo-on-kestanyt-jo-kolme-vuotta\/","title":{"rendered":"Saga Fursin ja Paris College of Artin yhteisty\u00f6 on kest\u00e4nyt jo kolme vuotta"},"content":{"rendered":"<p><strong>Saga Furs Creative Hubin tiimi vieraili Paris College of Artissa tammikuussa osana pitk\u00e4aikaista kumppanuutta. Vierailun tavoitteena oli jakaa n\u00e4kemyksi\u00e4 kansainv\u00e4lisest\u00e4 turkisalasta, turkkurien k\u00e4sity\u00f6taidosta ja turkisinnovaatioista, vastuullisuudesta ja muuttuvista markkinan\u00e4kymist\u00e4. Samalla vierailu tarjosi mahdollisuuden avoimeen vuoropuheluun muotialan seuraavan sukupolven tekij\u00f6iden kanssa.<\/strong><\/p>\n<p>Vierailu kokosi yhteen kansainv\u00e4lisen opiskelijaryhm\u00e4n, joka edusti erilaisia kulttuurisia ja luovia taustoja. Mukana oli opiskelijoita muun muassa Yhdysvalloista, Japanista, Koreasta ja Meksikosta. My\u00f6s akateeminen ymp\u00e4rist\u00f6 heijasti t\u00e4t\u00e4 kansainv\u00e4lisyytt\u00e4. Yksi opettajista oli Coll\u00e8ge LaSalle Montrealin alumni. Monimuotoisuus loi erinomaisen pohjan merkitykselliselle keskustelulle ja ajatustenvaihdolle.<\/p>\n<p><img loading=\"lazy\" decoding=\"async\" class=\"alignnone size-medium wp-image-196678\" src=\"https:\/\/www.sagafurs.com\/wp-content\/uploads\/2026\/01\/Saga-Furs-verkkoartikkeli-922x384.jpg\" alt=\"\" width=\"922\" height=\"384\" srcset=\"https:\/\/www.sagafurs.com\/wp-content\/uploads\/2026\/01\/Saga-Furs-verkkoartikkeli-922x384.jpg 922w, https:\/\/www.sagafurs.com\/wp-content\/uploads\/2026\/01\/Saga-Furs-verkkoartikkeli-1080x450.jpg 1080w, https:\/\/www.sagafurs.com\/wp-content\/uploads\/2026\/01\/Saga-Furs-verkkoartikkeli-768x320.jpg 768w, https:\/\/www.sagafurs.com\/wp-content\/uploads\/2026\/01\/Saga-Furs-verkkoartikkeli.jpg 1200w\" sizes=\"auto, (max-width: 922px) 100vw, 922px\" \/><\/p>\n<p>Tilaisuuden aikana opiskelijat osoittivat kiinnostusta el\u00e4inten kasvatukseen ja elinolosuhteisiin maatiloilla, mik\u00e4 korostaa l\u00e4pin\u00e4kyvyyden ja vastuullisuuden merkityst\u00e4 nykyp\u00e4iv\u00e4n muotiteollisuudessa. Opiskelijat arvostivat mahdollisuutta perehty\u00e4 turkikseen materiaalina. He saivat k\u00e4sityksen sen ainutlaatuisista ominaisuuksista, k\u00e4sity\u00f6vaatimuksista sek\u00e4 roolista nykyaikaisessa muotoilussa.<\/p>\n<p>Yhteisty\u00f6n osana opiskelijat osallistuvat kilpailuun, jonka voittajat kutsutaan osallistumaan ty\u00f6pajaan Saga Furs Creative Hubiin Vantaalle maaliskuussa. Ty\u00f6paja tarjoaa k\u00e4yt\u00e4nn\u00f6nl\u00e4heisen mahdollisuuden tutustua edistyneisiin turkistekniikoihin, erilaisiin materiaaleihin ja ammatillisiin k\u00e4yt\u00e4nt\u00f6ihin.<\/p>\n<p>Kaiken kaikkiaan vierailu Paris College of Artissa vahvisti Saga Fursin sitoutumista koulutukseen, l\u00e4pin\u00e4kyvyyteen ja luovaan vuorovaikutukseen.<\/p>\n","protected":false},"excerpt":{"rendered":"<p>Saga Furs Creative Hubin tiimi vieraili Paris College of Artissa tammikuussa osana pitk\u00e4aikaista kumppanuutta. Vierailun tavoitteena oli jakaa n\u00e4kemyksi\u00e4 kansainv\u00e4lisest\u00e4 turkisalasta, turkkurien k\u00e4sity\u00f6taidosta ja turkisinnovaatioista, vastuullisuudesta ja muuttuvista markkinan\u00e4kymist\u00e4. Samalla vierailu tarjosi mahdollisuuden avoimeen vuoropuheluun muotialan seuraavan sukupolven tekij\u00f6iden kanssa. Vierailu kokosi yhteen kansainv\u00e4lisen opiskelijaryhm\u00e4n, joka edusti erilaisia kulttuurisia ja luovia taustoja. Mukana oli opiskelijoita<a class=\"excerpt-read-more\" href=\"https:\/\/www.sagafurs.com\/fi\/yhtio\/uutiset\/saga-fursin-ja-paris-college-of-artin-yhteistyo-on-kestanyt-jo-kolme-vuotta\/\" title=\"LueSaga Fursin ja Paris College of Artin yhteisty\u00f6 on kest\u00e4nyt jo kolme vuotta\">\u2026 Lue lis\u00e4\u00e4 &raquo;<\/a><\/p>\n","protected":false},"featured_media":0,"template":"","class_list":["post-196682","news","type-news","status-publish","hentry"],"acf":[],"yoast_head":"<!-- This site is optimized with the Yoast SEO plugin v27.4 - https:\/\/yoast.com\/product\/yoast-seo-wordpress\/ -->\n<title>Saga Fursin ja Paris College of Artin yhteisty\u00f6 on kest\u00e4nyt jo kolme vuotta - Sagafurs<\/title>\n<meta name=\"robots\" content=\"index, follow, max-snippet:-1, max-image-preview:large, max-video-preview:-1\" \/>\n<link rel=\"canonical\" href=\"https:\/\/www.sagafurs.com\/fi\/yhtio\/uutiset\/saga-fursin-ja-paris-college-of-artin-yhteistyo-on-kestanyt-jo-kolme-vuotta\/\" \/>\n<meta property=\"og:locale\" content=\"fi_FI\" \/>\n<meta property=\"og:type\" content=\"article\" \/>\n<meta property=\"og:title\" content=\"Saga Fursin ja Paris College of Artin yhteisty\u00f6 on kest\u00e4nyt jo kolme vuotta - Sagafurs\" \/>\n<meta property=\"og:description\" content=\"Saga Furs Creative Hubin tiimi vieraili Paris College of Artissa tammikuussa osana pitk\u00e4aikaista kumppanuutta. Vierailun tavoitteena oli jakaa n\u00e4kemyksi\u00e4 kansainv\u00e4lisest\u00e4 turkisalasta, turkkurien k\u00e4sity\u00f6taidosta ja turkisinnovaatioista, vastuullisuudesta ja muuttuvista markkinan\u00e4kymist\u00e4. Samalla vierailu tarjosi mahdollisuuden avoimeen vuoropuheluun muotialan seuraavan sukupolven tekij\u00f6iden kanssa. Vierailu kokosi yhteen kansainv\u00e4lisen opiskelijaryhm\u00e4n, joka edusti erilaisia kulttuurisia ja luovia taustoja. Mukana oli opiskelijoita\u2026 Lue lis\u00e4\u00e4 &raquo;\" \/>\n<meta property=\"og:url\" content=\"https:\/\/www.sagafurs.com\/fi\/yhtio\/uutiset\/saga-fursin-ja-paris-college-of-artin-yhteistyo-on-kestanyt-jo-kolme-vuotta\/\" \/>\n<meta property=\"og:site_name\" content=\"Sagafurs\" \/>\n<meta property=\"article:modified_time\" content=\"2026-01-26T07:33:39+00:00\" \/>\n<meta property=\"og:image\" content=\"https:\/\/www.sagafurs.com\/wp-content\/uploads\/2026\/01\/Saga-Furs-verkkoartikkeli.jpg\" \/>\n\t<meta property=\"og:image:width\" content=\"1200\" \/>\n\t<meta property=\"og:image:height\" content=\"500\" \/>\n\t<meta property=\"og:image:type\" content=\"image\/jpeg\" \/>\n<meta name=\"twitter:card\" content=\"summary_large_image\" \/>\n<meta name=\"twitter:label1\" content=\"Est. reading time\" \/>\n\t<meta name=\"twitter:data1\" content=\"1 minute\" \/>\n<script type=\"application\/ld+json\" class=\"yoast-schema-graph\">{\"@context\":\"https:\\\/\\\/schema.org\",\"@graph\":[{\"@type\":\"WebPage\",\"@id\":\"https:\\\/\\\/www.sagafurs.com\\\/fi\\\/yhtio\\\/uutiset\\\/saga-fursin-ja-paris-college-of-artin-yhteistyo-on-kestanyt-jo-kolme-vuotta\\\/\",\"url\":\"https:\\\/\\\/www.sagafurs.com\\\/fi\\\/yhtio\\\/uutiset\\\/saga-fursin-ja-paris-college-of-artin-yhteistyo-on-kestanyt-jo-kolme-vuotta\\\/\",\"name\":\"Saga Fursin ja Paris College of Artin yhteisty\u00f6 on kest\u00e4nyt jo kolme vuotta - Sagafurs\",\"isPartOf\":{\"@id\":\"https:\\\/\\\/www.sagafurs.com\\\/#website\"},\"primaryImageOfPage\":{\"@id\":\"https:\\\/\\\/www.sagafurs.com\\\/fi\\\/yhtio\\\/uutiset\\\/saga-fursin-ja-paris-college-of-artin-yhteistyo-on-kestanyt-jo-kolme-vuotta\\\/#primaryimage\"},\"image\":{\"@id\":\"https:\\\/\\\/www.sagafurs.com\\\/fi\\\/yhtio\\\/uutiset\\\/saga-fursin-ja-paris-college-of-artin-yhteistyo-on-kestanyt-jo-kolme-vuotta\\\/#primaryimage\"},\"thumbnailUrl\":\"https:\\\/\\\/www.sagafurs.com\\\/wp-content\\\/uploads\\\/2026\\\/01\\\/Saga-Furs-verkkoartikkeli-922x384.jpg\",\"datePublished\":\"2026-01-22T13:48:56+00:00\",\"dateModified\":\"2026-01-26T07:33:39+00:00\",\"breadcrumb\":{\"@id\":\"https:\\\/\\\/www.sagafurs.com\\\/fi\\\/yhtio\\\/uutiset\\\/saga-fursin-ja-paris-college-of-artin-yhteistyo-on-kestanyt-jo-kolme-vuotta\\\/#breadcrumb\"},\"inLanguage\":\"fi-FI\",\"potentialAction\":[{\"@type\":\"ReadAction\",\"target\":[\"https:\\\/\\\/www.sagafurs.com\\\/fi\\\/yhtio\\\/uutiset\\\/saga-fursin-ja-paris-college-of-artin-yhteistyo-on-kestanyt-jo-kolme-vuotta\\\/\"]}]},{\"@type\":\"ImageObject\",\"inLanguage\":\"fi-FI\",\"@id\":\"https:\\\/\\\/www.sagafurs.com\\\/fi\\\/yhtio\\\/uutiset\\\/saga-fursin-ja-paris-college-of-artin-yhteistyo-on-kestanyt-jo-kolme-vuotta\\\/#primaryimage\",\"url\":\"https:\\\/\\\/www.sagafurs.com\\\/wp-content\\\/uploads\\\/2026\\\/01\\\/Saga-Furs-verkkoartikkeli-922x384.jpg\",\"contentUrl\":\"https:\\\/\\\/www.sagafurs.com\\\/wp-content\\\/uploads\\\/2026\\\/01\\\/Saga-Furs-verkkoartikkeli-922x384.jpg\"},{\"@type\":\"BreadcrumbList\",\"@id\":\"https:\\\/\\\/www.sagafurs.com\\\/fi\\\/yhtio\\\/uutiset\\\/saga-fursin-ja-paris-college-of-artin-yhteistyo-on-kestanyt-jo-kolme-vuotta\\\/#breadcrumb\",\"itemListElement\":[{\"@type\":\"ListItem\",\"position\":1,\"name\":\"Home\",\"item\":\"https:\\\/\\\/www.sagafurs.com\\\/fi\\\/\"},{\"@type\":\"ListItem\",\"position\":2,\"name\":\"Saga Fursin ja Paris College of Artin yhteisty\u00f6 on kest\u00e4nyt jo kolme vuotta\"}]},{\"@type\":\"WebSite\",\"@id\":\"https:\\\/\\\/www.sagafurs.com\\\/#website\",\"url\":\"https:\\\/\\\/www.sagafurs.com\\\/\",\"name\":\"Sagafurs\",\"description\":\"Sagafurs\",\"potentialAction\":[{\"@type\":\"SearchAction\",\"target\":{\"@type\":\"EntryPoint\",\"urlTemplate\":\"https:\\\/\\\/www.sagafurs.com\\\/?s={search_term_string}\"},\"query-input\":{\"@type\":\"PropertyValueSpecification\",\"valueRequired\":true,\"valueName\":\"search_term_string\"}}],\"inLanguage\":\"fi-FI\"}]}<\/script>\n<!-- \/ Yoast SEO plugin. -->","yoast_head_json":{"title":"Saga Fursin ja Paris College of Artin yhteisty\u00f6 on kest\u00e4nyt jo kolme vuotta - Sagafurs","robots":{"index":"index","follow":"follow","max-snippet":"max-snippet:-1","max-image-preview":"max-image-preview:large","max-video-preview":"max-video-preview:-1"},"canonical":"https:\/\/www.sagafurs.com\/fi\/yhtio\/uutiset\/saga-fursin-ja-paris-college-of-artin-yhteistyo-on-kestanyt-jo-kolme-vuotta\/","og_locale":"fi_FI","og_type":"article","og_title":"Saga Fursin ja Paris College of Artin yhteisty\u00f6 on kest\u00e4nyt jo kolme vuotta - Sagafurs","og_description":"Saga Furs Creative Hubin tiimi vieraili Paris College of Artissa tammikuussa osana pitk\u00e4aikaista kumppanuutta. Vierailun tavoitteena oli jakaa n\u00e4kemyksi\u00e4 kansainv\u00e4lisest\u00e4 turkisalasta, turkkurien k\u00e4sity\u00f6taidosta ja turkisinnovaatioista, vastuullisuudesta ja muuttuvista markkinan\u00e4kymist\u00e4. Samalla vierailu tarjosi mahdollisuuden avoimeen vuoropuheluun muotialan seuraavan sukupolven tekij\u00f6iden kanssa. Vierailu kokosi yhteen kansainv\u00e4lisen opiskelijaryhm\u00e4n, joka edusti erilaisia kulttuurisia ja luovia taustoja. Mukana oli opiskelijoita\u2026 Lue lis\u00e4\u00e4 &raquo;","og_url":"https:\/\/www.sagafurs.com\/fi\/yhtio\/uutiset\/saga-fursin-ja-paris-college-of-artin-yhteistyo-on-kestanyt-jo-kolme-vuotta\/","og_site_name":"Sagafurs","article_modified_time":"2026-01-26T07:33:39+00:00","og_image":[{"width":1200,"height":500,"url":"https:\/\/www.sagafurs.com\/wp-content\/uploads\/2026\/01\/Saga-Furs-verkkoartikkeli.jpg","type":"image\/jpeg"}],"twitter_card":"summary_large_image","twitter_misc":{"Est. reading time":"1 minute"},"schema":{"@context":"https:\/\/schema.org","@graph":[{"@type":"WebPage","@id":"https:\/\/www.sagafurs.com\/fi\/yhtio\/uutiset\/saga-fursin-ja-paris-college-of-artin-yhteistyo-on-kestanyt-jo-kolme-vuotta\/","url":"https:\/\/www.sagafurs.com\/fi\/yhtio\/uutiset\/saga-fursin-ja-paris-college-of-artin-yhteistyo-on-kestanyt-jo-kolme-vuotta\/","name":"Saga Fursin ja Paris College of Artin yhteisty\u00f6 on kest\u00e4nyt jo kolme vuotta - Sagafurs","isPartOf":{"@id":"https:\/\/www.sagafurs.com\/#website"},"primaryImageOfPage":{"@id":"https:\/\/www.sagafurs.com\/fi\/yhtio\/uutiset\/saga-fursin-ja-paris-college-of-artin-yhteistyo-on-kestanyt-jo-kolme-vuotta\/#primaryimage"},"image":{"@id":"https:\/\/www.sagafurs.com\/fi\/yhtio\/uutiset\/saga-fursin-ja-paris-college-of-artin-yhteistyo-on-kestanyt-jo-kolme-vuotta\/#primaryimage"},"thumbnailUrl":"https:\/\/www.sagafurs.com\/wp-content\/uploads\/2026\/01\/Saga-Furs-verkkoartikkeli-922x384.jpg","datePublished":"2026-01-22T13:48:56+00:00","dateModified":"2026-01-26T07:33:39+00:00","breadcrumb":{"@id":"https:\/\/www.sagafurs.com\/fi\/yhtio\/uutiset\/saga-fursin-ja-paris-college-of-artin-yhteistyo-on-kestanyt-jo-kolme-vuotta\/#breadcrumb"},"inLanguage":"fi-FI","potentialAction":[{"@type":"ReadAction","target":["https:\/\/www.sagafurs.com\/fi\/yhtio\/uutiset\/saga-fursin-ja-paris-college-of-artin-yhteistyo-on-kestanyt-jo-kolme-vuotta\/"]}]},{"@type":"ImageObject","inLanguage":"fi-FI","@id":"https:\/\/www.sagafurs.com\/fi\/yhtio\/uutiset\/saga-fursin-ja-paris-college-of-artin-yhteistyo-on-kestanyt-jo-kolme-vuotta\/#primaryimage","url":"https:\/\/www.sagafurs.com\/wp-content\/uploads\/2026\/01\/Saga-Furs-verkkoartikkeli-922x384.jpg","contentUrl":"https:\/\/www.sagafurs.com\/wp-content\/uploads\/2026\/01\/Saga-Furs-verkkoartikkeli-922x384.jpg"},{"@type":"BreadcrumbList","@id":"https:\/\/www.sagafurs.com\/fi\/yhtio\/uutiset\/saga-fursin-ja-paris-college-of-artin-yhteistyo-on-kestanyt-jo-kolme-vuotta\/#breadcrumb","itemListElement":[{"@type":"ListItem","position":1,"name":"Home","item":"https:\/\/www.sagafurs.com\/fi\/"},{"@type":"ListItem","position":2,"name":"Saga Fursin ja Paris College of Artin yhteisty\u00f6 on kest\u00e4nyt jo kolme vuotta"}]},{"@type":"WebSite","@id":"https:\/\/www.sagafurs.com\/#website","url":"https:\/\/www.sagafurs.com\/","name":"Sagafurs","description":"Sagafurs","potentialAction":[{"@type":"SearchAction","target":{"@type":"EntryPoint","urlTemplate":"https:\/\/www.sagafurs.com\/?s={search_term_string}"},"query-input":{"@type":"PropertyValueSpecification","valueRequired":true,"valueName":"search_term_string"}}],"inLanguage":"fi-FI"}]}},"_links":{"self":[{"href":"https:\/\/www.sagafurs.com\/fi\/wp-json\/wp\/v2\/news\/196682","targetHints":{"allow":["GET"]}}],"collection":[{"href":"https:\/\/www.sagafurs.com\/fi\/wp-json\/wp\/v2\/news"}],"about":[{"href":"https:\/\/www.sagafurs.com\/fi\/wp-json\/wp\/v2\/types\/news"}],"version-history":[{"count":0,"href":"https:\/\/www.sagafurs.com\/fi\/wp-json\/wp\/v2\/news\/196682\/revisions"}],"wp:attachment":[{"href":"https:\/\/www.sagafurs.com\/fi\/wp-json\/wp\/v2\/media?parent=196682"}],"curies":[{"name":"wp","href":"https:\/\/api.w.org\/{rel}","templated":true}]}}