{"id":199159,"date":"2026-09-04T15:25:13","date_gmt":"2026-09-04T12:25:13","guid":{"rendered":"https:\/\/www.sagafurs.com\/?post_type=news&#038;p=199159"},"modified":"2026-09-04T15:25:13","modified_gmt":"2026-09-04T12:25:13","slug":"saga-furs-premiere-visionissa-20-000-muodin-ammattilaista-kokoontui-pariisiin","status":"publish","type":"news","link":"https:\/\/www.sagafurs.com\/fi\/yhtio\/uutiset\/saga-furs-premiere-visionissa-20-000-muodin-ammattilaista-kokoontui-pariisiin\/","title":{"rendered":"Saga Furs Premi\u00e8re Visionissa \u2013 20 000 muodin ammattilaista kokoontui Pariisiin"},"content":{"rendered":"<p><strong><em>Aito turkis nostettiin Premi\u00e8re Visionissa niiden keskeisten tekstiilien, v\u00e4rien ja materiaali-innovaatioiden rinnalle, jotka m\u00e4\u00e4ritt\u00e4v\u00e4t syys\u2013talvikauden 2027\u20132028 suuntauksia. Premi\u00e8re Visionin muotitrendiraati valitsi seitsem\u00e4n Saga Fursin turkistekniikkan\u00e4ytett\u00e4 tapahtuman trendialueelle, joka on messujen vilkkain ja seuratuin osa.<\/em><\/strong><\/p>\n<p>Premi\u00e8re Vision Paris kokosi kansainv\u00e4lisen muotialan Pariisin Nord Villepinte -messukeskukseen 1.\u20133. syyskuuta 2026. Yli 900 n\u00e4ytteilleasettajaa esitteli tapahtumassa uusimpia materiaalejaan, palveluitaan ja innovaatioitaan. Tapahtuma houkutteli Pariisiin noin 20 000 muodin ammattilaista eri puolilta maailmaa.<\/p>\n<p><iframe loading=\"lazy\" src=\"\/\/www.youtube.com\/embed\/Z7tBKxJphAY\" width=\"560\" height=\"314\" allowfullscreen=\"allowfullscreen\"><\/iframe><\/p>\n<p>Premi\u00e8re Vision Paris on kansainv\u00e4lisen muotialan johtava vaatetustekstiileihin ja -materiaaleihin keskittynyt messutapahtuma. Se tuo materiaalitoimittajat ja valmistajat yhteen muotibr\u00e4ndien ja luksustalojen suunnittelijoiden, mallistop\u00e4\u00e4llik\u00f6iden, luovien tiimien, hankinta-asiantuntijoiden ja p\u00e4\u00e4t\u00f6ksentekij\u00f6iden kanssa.<\/p>\n<p><img loading=\"lazy\" decoding=\"async\" class=\"alignnone size-medium wp-image-199111\" src=\"https:\/\/www.sagafurs.com\/wp-content\/uploads\/2026\/09\/PV_visitors-1024x384.png\" alt=\"\" width=\"1024\" height=\"384\" srcset=\"https:\/\/www.sagafurs.com\/wp-content\/uploads\/2026\/09\/PV_visitors-1024x384.png 1024w, https:\/\/www.sagafurs.com\/wp-content\/uploads\/2026\/09\/PV_visitors-768x288.png 768w, https:\/\/www.sagafurs.com\/wp-content\/uploads\/2026\/09\/PV_visitors-640x240.png 640w, https:\/\/www.sagafurs.com\/wp-content\/uploads\/2026\/09\/PV_visitors.png 1200w\" sizes=\"auto, (max-width: 1024px) 100vw, 1024px\" \/><\/p>\n<p><strong>Turkis oli n\u00e4kyv\u00e4sti esill\u00e4 trendialueella<\/strong><\/p>\n<p>T\u00e4n\u00e4 vuonna Premi\u00e8re Visionin muotitrendiraati valitsi seitsem\u00e4n Saga Fursin turkistekniikkan\u00e4ytett\u00e4 messujen trendialueelle, joka on tapahtuman vilkkain ja seuratuin osa.<\/p>\n<p>\u201dRaati m\u00e4\u00e4rittelee kauden v\u00e4rit ja teemat sek\u00e4 p\u00e4\u00e4tt\u00e4\u00e4, mitk\u00e4 n\u00e4ytteet hyv\u00e4ksyt\u00e4\u00e4n trendialueelle. Seitsem\u00e4n Saga Fursin n\u00e4ytteen mukaan p\u00e4\u00e4sy on merkitt\u00e4v\u00e4 asia\u201d, sanoo Saga Fursin International Business Developer <strong>Jan Erik Carlson<\/strong>.<\/p>\n<p><img loading=\"lazy\" decoding=\"async\" class=\"alignnone size-medium wp-image-199105\" src=\"https:\/\/www.sagafurs.com\/wp-content\/uploads\/2026\/09\/PV_trend-area2-1024x384.png\" alt=\"\" width=\"1024\" height=\"384\" srcset=\"https:\/\/www.sagafurs.com\/wp-content\/uploads\/2026\/09\/PV_trend-area2-1024x384.png 1024w, https:\/\/www.sagafurs.com\/wp-content\/uploads\/2026\/09\/PV_trend-area2-768x288.png 768w, https:\/\/www.sagafurs.com\/wp-content\/uploads\/2026\/09\/PV_trend-area2-640x240.png 640w, https:\/\/www.sagafurs.com\/wp-content\/uploads\/2026\/09\/PV_trend-area2.png 1200w\" sizes=\"auto, (max-width: 1024px) 100vw, 1024px\" \/><\/p>\n<p>Trendialue esittelee syys\u2013talvikauden 2027\u20132028 keskeiset materiaalisuuntaukset. Saga Fursin n\u00e4ytteet yhdistettiin valittuihin tekstiilimateriaaleihin havainnollistamaan, kuinka luontevasti turkis t\u00e4ydent\u00e4\u00e4 kauden kankaita, v\u00e4rej\u00e4 ja teemoja.<\/p>\n<p>\u201dSuunnittelijat ja materiaalihankinnan ammattilaiset tulevat trendialueelle etsim\u00e4\u00e4n uusia materiaaleja ja hakemaan inspiraatiota tuleviin mallistoihinsa. Oli hienoa n\u00e4hd\u00e4 aito turkis t\u00e4ss\u00e4 yhteydess\u00e4 osana laajempia tekstiilitrendej\u00e4\u201d, Carlson sanoo.<\/p>\n<p><img loading=\"lazy\" decoding=\"async\" class=\"alignnone size-medium wp-image-199099\" src=\"https:\/\/www.sagafurs.com\/wp-content\/uploads\/2026\/09\/PV_trend-area3-1024x384.png\" alt=\"\" width=\"1024\" height=\"384\" srcset=\"https:\/\/www.sagafurs.com\/wp-content\/uploads\/2026\/09\/PV_trend-area3-1024x384.png 1024w, https:\/\/www.sagafurs.com\/wp-content\/uploads\/2026\/09\/PV_trend-area3-768x288.png 768w, https:\/\/www.sagafurs.com\/wp-content\/uploads\/2026\/09\/PV_trend-area3-640x240.png 640w, https:\/\/www.sagafurs.com\/wp-content\/uploads\/2026\/09\/PV_trend-area3.png 1200w\" sizes=\"auto, (max-width: 1024px) 100vw, 1024px\" \/><\/p>\n<p><strong>Aito turkis uusien br\u00e4ndien tietoisuuteen<\/strong><\/p>\n<p>Saga Fursin osallistuminen Premi\u00e8re Vision Paris -tapahtumaan tarjosi my\u00f6s mahdollisuuden esitell\u00e4 vastuullisesti tuotettua aitoa turkista br\u00e4ndeille, jotka eiv\u00e4t viel\u00e4 k\u00e4yt\u00e4 materiaalia.<\/p>\n<p>\u201dT\u00e4rkein syy osallistumisellemme oli tuoda turkistuotteet sellaisten br\u00e4ndien tietoisuuteen, jotka eiv\u00e4t viel\u00e4 k\u00e4yt\u00e4 sit\u00e4. Trendialueella ja Saga Fursin osastolla tiimimme esitteli turkiksen monipuolisia k\u00e4ytt\u00f6mahdollisuuksia ja keskusteli niist\u00e4 suoraan muodin ammattilaisten kanssa\u201d, sanoo Saga Fursin Business <strong>Manager George Vongas<\/strong>.<\/p>\n<p><img loading=\"lazy\" decoding=\"async\" class=\"alignnone size-medium wp-image-199093\" src=\"https:\/\/www.sagafurs.com\/wp-content\/uploads\/2026\/09\/PV_fur-samples-1024x384.png\" alt=\"\" width=\"1024\" height=\"384\" srcset=\"https:\/\/www.sagafurs.com\/wp-content\/uploads\/2026\/09\/PV_fur-samples-1024x384.png 1024w, https:\/\/www.sagafurs.com\/wp-content\/uploads\/2026\/09\/PV_fur-samples-768x288.png 768w, https:\/\/www.sagafurs.com\/wp-content\/uploads\/2026\/09\/PV_fur-samples-640x240.png 640w, https:\/\/www.sagafurs.com\/wp-content\/uploads\/2026\/09\/PV_fur-samples.png 1200w\" sizes=\"auto, (max-width: 1024px) 100vw, 1024px\" \/><\/p>\n<p>Saga Furs Creative Hubissa kehitettyjen turkistekniikoiden avulla materiaalille voidaan luoda erilaisia ilmeit\u00e4, rakenteita ja k\u00e4ytt\u00f6tapoja. Turkiksen yhdist\u00e4minen tekstiileihin avaa my\u00f6s mahdollisuuksia hy\u00f6dynt\u00e4\u00e4 materiaalia uudenlaisilla tavoilla ja esitell\u00e4 sit\u00e4 suunnittelijoille tuoreesta n\u00e4k\u00f6kulmasta.<\/p>\n<p>Saga Fursin tiimille tapahtuma tarjosi mahdollisuuden vahvistaa nykyisi\u00e4 yhteisty\u00f6suhteita, luoda yhteyksi\u00e4 uusiin br\u00e4ndeihin ja osoittaa, millainen rooli aidolla turkiksella voi olla muodin tulevaisuudessa.<\/p>\n<p><strong>Kiitos, Pariisi!<\/strong><\/p>\n<p>Saga Fursin tiimi Premi\u00e8re Vision Paris -tapahtumassa:<\/p>\n<p><img loading=\"lazy\" decoding=\"async\" class=\"alignnone size-medium wp-image-199087\" src=\"https:\/\/www.sagafurs.com\/wp-content\/uploads\/2026\/09\/SF-team-731x384.png\" alt=\"\" width=\"731\" height=\"384\" srcset=\"https:\/\/www.sagafurs.com\/wp-content\/uploads\/2026\/09\/SF-team-731x384.png 731w, https:\/\/www.sagafurs.com\/wp-content\/uploads\/2026\/09\/SF-team-857x450.png 857w, https:\/\/www.sagafurs.com\/wp-content\/uploads\/2026\/09\/SF-team-768x403.png 768w, https:\/\/www.sagafurs.com\/wp-content\/uploads\/2026\/09\/SF-team.png 1200w\" sizes=\"auto, (max-width: 731px) 100vw, 731px\" \/><\/p>\n<p>Vasemmalta: International Business Developer <strong>Jan Erik Carlson<\/strong>, Saga Furs Creative Hubin johtaja <strong>Leena Harkimo<\/strong>, turkismestari <strong>Sofia Dimitriadis<\/strong>, Business Manager <strong>George Vongas<\/strong> ja Business Developer <strong>Carlota Garcia Rama<\/strong>.<\/p>\n","protected":false},"excerpt":{"rendered":"<p>Aito turkis nostettiin Premi\u00e8re Visionissa niiden keskeisten tekstiilien, v\u00e4rien ja materiaali-innovaatioiden rinnalle, jotka m\u00e4\u00e4ritt\u00e4v\u00e4t syys\u2013talvikauden 2027\u20132028 suuntauksia. Premi\u00e8re Visionin muotitrendiraati valitsi seitsem\u00e4n Saga Fursin turkistekniikkan\u00e4ytett\u00e4 tapahtuman trendialueelle, joka on messujen vilkkain ja seuratuin osa. Premi\u00e8re Vision Paris kokosi kansainv\u00e4lisen muotialan Pariisin Nord Villepinte -messukeskukseen 1.\u20133. syyskuuta 2026. Yli 900 n\u00e4ytteilleasettajaa esitteli tapahtumassa uusimpia materiaalejaan, palveluitaan<a class=\"excerpt-read-more\" href=\"https:\/\/www.sagafurs.com\/fi\/yhtio\/uutiset\/saga-furs-premiere-visionissa-20-000-muodin-ammattilaista-kokoontui-pariisiin\/\" title=\"LueSaga Furs Premi\u00e8re Visionissa \u2013 20 000 muodin ammattilaista kokoontui Pariisiin\">\u2026 Lue lis\u00e4\u00e4 &raquo;<\/a><\/p>\n","protected":false},"featured_media":0,"template":"","class_list":["post-199159","news","type-news","status-publish","hentry"],"acf":[],"yoast_head":"<!-- This site is optimized with the Yoast SEO plugin v28.3 - https:\/\/yoast.com\/product\/yoast-seo-wordpress\/ -->\n<title>Saga Furs Premi\u00e8re Visionissa \u2013 20 000 muodin ammattilaista kokoontui Pariisiin - Sagafurs<\/title>\n<meta name=\"robots\" content=\"index, follow, max-snippet:-1, max-image-preview:large, max-video-preview:-1\" \/>\n<link rel=\"canonical\" href=\"https:\/\/www.sagafurs.com\/fi\/yhtio\/uutiset\/saga-furs-premiere-visionissa-20-000-muodin-ammattilaista-kokoontui-pariisiin\/\" \/>\n<meta property=\"og:locale\" content=\"fi_FI\" \/>\n<meta property=\"og:type\" content=\"article\" \/>\n<meta property=\"og:title\" content=\"Saga Furs Premi\u00e8re Visionissa \u2013 20 000 muodin ammattilaista kokoontui Pariisiin - Sagafurs\" \/>\n<meta property=\"og:description\" content=\"Aito turkis nostettiin Premi\u00e8re Visionissa niiden keskeisten tekstiilien, v\u00e4rien ja materiaali-innovaatioiden rinnalle, jotka m\u00e4\u00e4ritt\u00e4v\u00e4t syys\u2013talvikauden 2027\u20132028 suuntauksia. Premi\u00e8re Visionin muotitrendiraati valitsi seitsem\u00e4n Saga Fursin turkistekniikkan\u00e4ytett\u00e4 tapahtuman trendialueelle, joka on messujen vilkkain ja seuratuin osa. Premi\u00e8re Vision Paris kokosi kansainv\u00e4lisen muotialan Pariisin Nord Villepinte -messukeskukseen 1.\u20133. syyskuuta 2026. Yli 900 n\u00e4ytteilleasettajaa esitteli tapahtumassa uusimpia materiaalejaan, palveluitaan\u2026 Lue lis\u00e4\u00e4 &raquo;\" \/>\n<meta property=\"og:url\" content=\"https:\/\/www.sagafurs.com\/fi\/yhtio\/uutiset\/saga-furs-premiere-visionissa-20-000-muodin-ammattilaista-kokoontui-pariisiin\/\" \/>\n<meta property=\"og:site_name\" content=\"Sagafurs\" \/>\n<meta property=\"og:image\" content=\"https:\/\/www.sagafurs.com\/wp-content\/uploads\/2026\/09\/PV_visitors.png\" \/>\n\t<meta property=\"og:image:width\" content=\"1200\" \/>\n\t<meta property=\"og:image:height\" content=\"450\" \/>\n\t<meta property=\"og:image:type\" content=\"image\/png\" \/>\n<meta name=\"twitter:card\" content=\"summary_large_image\" \/>\n<meta name=\"twitter:label1\" content=\"Est. reading time\" \/>\n\t<meta name=\"twitter:data1\" content=\"3 minutes\" \/>\n<script type=\"application\/ld+json\" class=\"yoast-schema-graph\">{\"@context\":\"https:\\\/\\\/schema.org\",\"@graph\":[{\"@type\":\"WebPage\",\"@id\":\"https:\\\/\\\/www.sagafurs.com\\\/fi\\\/yhtio\\\/uutiset\\\/saga-furs-premiere-visionissa-20-000-muodin-ammattilaista-kokoontui-pariisiin\\\/\",\"url\":\"https:\\\/\\\/www.sagafurs.com\\\/fi\\\/yhtio\\\/uutiset\\\/saga-furs-premiere-visionissa-20-000-muodin-ammattilaista-kokoontui-pariisiin\\\/\",\"name\":\"Saga Furs Premi\u00e8re Visionissa \u2013 20 000 muodin ammattilaista kokoontui Pariisiin - Sagafurs\",\"isPartOf\":{\"@id\":\"https:\\\/\\\/www.sagafurs.com\\\/#website\"},\"primaryImageOfPage\":{\"@id\":\"https:\\\/\\\/www.sagafurs.com\\\/fi\\\/yhtio\\\/uutiset\\\/saga-furs-premiere-visionissa-20-000-muodin-ammattilaista-kokoontui-pariisiin\\\/#primaryimage\"},\"image\":{\"@id\":\"https:\\\/\\\/www.sagafurs.com\\\/fi\\\/yhtio\\\/uutiset\\\/saga-furs-premiere-visionissa-20-000-muodin-ammattilaista-kokoontui-pariisiin\\\/#primaryimage\"},\"thumbnailUrl\":\"https:\\\/\\\/www.sagafurs.com\\\/wp-content\\\/uploads\\\/2026\\\/09\\\/PV_visitors-1024x384.png\",\"datePublished\":\"2026-09-04T12:25:13+00:00\",\"breadcrumb\":{\"@id\":\"https:\\\/\\\/www.sagafurs.com\\\/fi\\\/yhtio\\\/uutiset\\\/saga-furs-premiere-visionissa-20-000-muodin-ammattilaista-kokoontui-pariisiin\\\/#breadcrumb\"},\"inLanguage\":\"fi-FI\",\"potentialAction\":[{\"@type\":\"ReadAction\",\"target\":[\"https:\\\/\\\/www.sagafurs.com\\\/fi\\\/yhtio\\\/uutiset\\\/saga-furs-premiere-visionissa-20-000-muodin-ammattilaista-kokoontui-pariisiin\\\/\"]}]},{\"@type\":\"ImageObject\",\"inLanguage\":\"fi-FI\",\"@id\":\"https:\\\/\\\/www.sagafurs.com\\\/fi\\\/yhtio\\\/uutiset\\\/saga-furs-premiere-visionissa-20-000-muodin-ammattilaista-kokoontui-pariisiin\\\/#primaryimage\",\"url\":\"https:\\\/\\\/www.sagafurs.com\\\/wp-content\\\/uploads\\\/2026\\\/09\\\/PV_visitors-1024x384.png\",\"contentUrl\":\"https:\\\/\\\/www.sagafurs.com\\\/wp-content\\\/uploads\\\/2026\\\/09\\\/PV_visitors-1024x384.png\"},{\"@type\":\"BreadcrumbList\",\"@id\":\"https:\\\/\\\/www.sagafurs.com\\\/fi\\\/yhtio\\\/uutiset\\\/saga-furs-premiere-visionissa-20-000-muodin-ammattilaista-kokoontui-pariisiin\\\/#breadcrumb\",\"itemListElement\":[{\"@type\":\"ListItem\",\"position\":1,\"name\":\"Home\",\"item\":\"https:\\\/\\\/www.sagafurs.com\\\/fi\\\/\"},{\"@type\":\"ListItem\",\"position\":2,\"name\":\"Saga Furs Premi\u00e8re Visionissa \u2013 20 000 muodin ammattilaista kokoontui Pariisiin\"}]},{\"@type\":\"WebSite\",\"@id\":\"https:\\\/\\\/www.sagafurs.com\\\/#website\",\"url\":\"https:\\\/\\\/www.sagafurs.com\\\/\",\"name\":\"Sagafurs\",\"description\":\"Sagafurs\",\"potentialAction\":[{\"@type\":\"SearchAction\",\"target\":{\"@type\":\"EntryPoint\",\"urlTemplate\":\"https:\\\/\\\/www.sagafurs.com\\\/?s={search_term_string}\"},\"query-input\":{\"@type\":\"PropertyValueSpecification\",\"valueRequired\":true,\"valueName\":\"search_term_string\"}}],\"inLanguage\":\"fi-FI\"}]}<\/script>\n<!-- \/ Yoast SEO plugin. -->","yoast_head_json":{"title":"Saga Furs Premi\u00e8re Visionissa \u2013 20 000 muodin ammattilaista kokoontui Pariisiin - Sagafurs","robots":{"index":"index","follow":"follow","max-snippet":"max-snippet:-1","max-image-preview":"max-image-preview:large","max-video-preview":"max-video-preview:-1"},"canonical":"https:\/\/www.sagafurs.com\/fi\/yhtio\/uutiset\/saga-furs-premiere-visionissa-20-000-muodin-ammattilaista-kokoontui-pariisiin\/","og_locale":"fi_FI","og_type":"article","og_title":"Saga Furs Premi\u00e8re Visionissa \u2013 20 000 muodin ammattilaista kokoontui Pariisiin - Sagafurs","og_description":"Aito turkis nostettiin Premi\u00e8re Visionissa niiden keskeisten tekstiilien, v\u00e4rien ja materiaali-innovaatioiden rinnalle, jotka m\u00e4\u00e4ritt\u00e4v\u00e4t syys\u2013talvikauden 2027\u20132028 suuntauksia. Premi\u00e8re Visionin muotitrendiraati valitsi seitsem\u00e4n Saga Fursin turkistekniikkan\u00e4ytett\u00e4 tapahtuman trendialueelle, joka on messujen vilkkain ja seuratuin osa. Premi\u00e8re Vision Paris kokosi kansainv\u00e4lisen muotialan Pariisin Nord Villepinte -messukeskukseen 1.\u20133. syyskuuta 2026. Yli 900 n\u00e4ytteilleasettajaa esitteli tapahtumassa uusimpia materiaalejaan, palveluitaan\u2026 Lue lis\u00e4\u00e4 &raquo;","og_url":"https:\/\/www.sagafurs.com\/fi\/yhtio\/uutiset\/saga-furs-premiere-visionissa-20-000-muodin-ammattilaista-kokoontui-pariisiin\/","og_site_name":"Sagafurs","og_image":[{"width":1200,"height":450,"url":"https:\/\/www.sagafurs.com\/wp-content\/uploads\/2026\/09\/PV_visitors.png","type":"image\/png"}],"twitter_card":"summary_large_image","twitter_misc":{"Est. reading time":"3 minutes"},"schema":{"@context":"https:\/\/schema.org","@graph":[{"@type":"WebPage","@id":"https:\/\/www.sagafurs.com\/fi\/yhtio\/uutiset\/saga-furs-premiere-visionissa-20-000-muodin-ammattilaista-kokoontui-pariisiin\/","url":"https:\/\/www.sagafurs.com\/fi\/yhtio\/uutiset\/saga-furs-premiere-visionissa-20-000-muodin-ammattilaista-kokoontui-pariisiin\/","name":"Saga Furs Premi\u00e8re Visionissa \u2013 20 000 muodin ammattilaista kokoontui Pariisiin - Sagafurs","isPartOf":{"@id":"https:\/\/www.sagafurs.com\/#website"},"primaryImageOfPage":{"@id":"https:\/\/www.sagafurs.com\/fi\/yhtio\/uutiset\/saga-furs-premiere-visionissa-20-000-muodin-ammattilaista-kokoontui-pariisiin\/#primaryimage"},"image":{"@id":"https:\/\/www.sagafurs.com\/fi\/yhtio\/uutiset\/saga-furs-premiere-visionissa-20-000-muodin-ammattilaista-kokoontui-pariisiin\/#primaryimage"},"thumbnailUrl":"https:\/\/www.sagafurs.com\/wp-content\/uploads\/2026\/09\/PV_visitors-1024x384.png","datePublished":"2026-09-04T12:25:13+00:00","breadcrumb":{"@id":"https:\/\/www.sagafurs.com\/fi\/yhtio\/uutiset\/saga-furs-premiere-visionissa-20-000-muodin-ammattilaista-kokoontui-pariisiin\/#breadcrumb"},"inLanguage":"fi-FI","potentialAction":[{"@type":"ReadAction","target":["https:\/\/www.sagafurs.com\/fi\/yhtio\/uutiset\/saga-furs-premiere-visionissa-20-000-muodin-ammattilaista-kokoontui-pariisiin\/"]}]},{"@type":"ImageObject","inLanguage":"fi-FI","@id":"https:\/\/www.sagafurs.com\/fi\/yhtio\/uutiset\/saga-furs-premiere-visionissa-20-000-muodin-ammattilaista-kokoontui-pariisiin\/#primaryimage","url":"https:\/\/www.sagafurs.com\/wp-content\/uploads\/2026\/09\/PV_visitors-1024x384.png","contentUrl":"https:\/\/www.sagafurs.com\/wp-content\/uploads\/2026\/09\/PV_visitors-1024x384.png"},{"@type":"BreadcrumbList","@id":"https:\/\/www.sagafurs.com\/fi\/yhtio\/uutiset\/saga-furs-premiere-visionissa-20-000-muodin-ammattilaista-kokoontui-pariisiin\/#breadcrumb","itemListElement":[{"@type":"ListItem","position":1,"name":"Home","item":"https:\/\/www.sagafurs.com\/fi\/"},{"@type":"ListItem","position":2,"name":"Saga Furs Premi\u00e8re Visionissa \u2013 20 000 muodin ammattilaista kokoontui Pariisiin"}]},{"@type":"WebSite","@id":"https:\/\/www.sagafurs.com\/#website","url":"https:\/\/www.sagafurs.com\/","name":"Sagafurs","description":"Sagafurs","potentialAction":[{"@type":"SearchAction","target":{"@type":"EntryPoint","urlTemplate":"https:\/\/www.sagafurs.com\/?s={search_term_string}"},"query-input":{"@type":"PropertyValueSpecification","valueRequired":true,"valueName":"search_term_string"}}],"inLanguage":"fi-FI"}]}},"_links":{"self":[{"href":"https:\/\/www.sagafurs.com\/fi\/wp-json\/wp\/v2\/news\/199159","targetHints":{"allow":["GET"]}}],"collection":[{"href":"https:\/\/www.sagafurs.com\/fi\/wp-json\/wp\/v2\/news"}],"about":[{"href":"https:\/\/www.sagafurs.com\/fi\/wp-json\/wp\/v2\/types\/news"}],"version-history":[{"count":1,"href":"https:\/\/www.sagafurs.com\/fi\/wp-json\/wp\/v2\/news\/199159\/revisions"}],"predecessor-version":[{"id":199160,"href":"https:\/\/www.sagafurs.com\/fi\/wp-json\/wp\/v2\/news\/199159\/revisions\/199160"}],"wp:attachment":[{"href":"https:\/\/www.sagafurs.com\/fi\/wp-json\/wp\/v2\/media?parent=199159"}],"curies":[{"name":"wp","href":"https:\/\/api.w.org\/{rel}","templated":true}]}}