{"id":199175,"date":"2026-09-04T16:11:48","date_gmt":"2026-09-04T13:11:48","guid":{"rendered":"https:\/\/www.sagafurs.com\/?post_type=news&#038;p=199175"},"modified":"2026-09-04T16:16:28","modified_gmt":"2026-09-04T13:16:28","slug":"saga-fursin-viesti-muodin-ammattilaisille-premiere-visionissa-aito-turkis-on-tullut-jaadakseen","status":"publish","type":"news","link":"https:\/\/www.sagafurs.com\/fi\/yhtio\/uutiset\/saga-fursin-viesti-muodin-ammattilaisille-premiere-visionissa-aito-turkis-on-tullut-jaadakseen\/","title":{"rendered":"Saga Fursin viesti muodin ammattilaisille Premi\u00e8re Visionissa: aito turkis on tullut j\u00e4\u00e4d\u00e4kseen"},"content":{"rendered":"<p><strong><em>Aito turkis tekee paluuta muotikeskusteluun materiaalina, jossa yhdistyv\u00e4t luovuus, j\u00e4ljitett\u00e4vyys ja pitk\u00e4aikainen arvo. Premi\u00e8re Vision Paris -tapahtumassa Saga Furs vei t\u00e4t\u00e4 viesti\u00e4 kansainv\u00e4liselle muotiyhteis\u00f6lle.<\/em><\/strong><\/p>\n<p>Saga Furs oli mukana Premi\u00e8re Vision Paris -tapahtuman virallisessa ohjelmassa syyskuussa 2026. Avajaisp\u00e4iv\u00e4n\u00e4 Saga Fursin Business Developer <strong>Carlota Garcia Rama<\/strong> nousi Pitch-lavalle pit\u00e4m\u00e4\u00e4n \u201dReal Fur\u2019s New Era\u201d -esityksen aidon turkiksen uudesta aikakaudesta.<\/p>\n<p>Puheenvuoro oli osa Premi\u00e8re Visionin tiiviiden ja tulevaisuuteen suuntautuvien esitysten ohjelmaa. Niss\u00e4 k\u00e4siteltiin muodin tulevaisuutta muovaavia materiaaleja, teknologioita ja ajatuksia. Pitch-alue kokosi alan ammattilaiset tutustumaan k\u00e4yt\u00e4nn\u00f6n innovaatioihin ja tuoreisiin n\u00e4k\u00f6kulmiin muodin koko arvoketjusta.<\/p>\n<p><iframe loading=\"lazy\" src=\"\/\/www.youtube.com\/embed\/IPURjbWOG9o\" width=\"560\" height=\"314\" allowfullscreen=\"allowfullscreen\"><\/iframe><\/p>\n<p><strong>Uusi sukupolvi esitt\u00e4\u00e4 uudenlaisia kysymyksi\u00e4<\/strong><\/p>\n<p>Garcia Rama ty\u00f6skentelee br\u00e4ndien ja valmistajien kanssa, jotka eiv\u00e4t t\u00e4ll\u00e4 hetkell\u00e4 k\u00e4yt\u00e4 turkista.\u00a0 H\u00e4nen viestins\u00e4 Pitch-lavalla oli selke\u00e4: aito turkis tekee paluuta, ja on tullut j\u00e4\u00e4d\u00e4kseen.<\/p>\n<p>\u201dNuoret kuluttajat katsovat vastuullisuusv\u00e4itt\u00e4mi\u00e4 syvemm\u00e4lle. He haluavat tiet\u00e4\u00e4, miten ja miss\u00e4 tuote on valmistettu, voiko sen korjata ja mit\u00e4 sille tapahtuu sen elinkaaren lopussa\u201d, Garcia Rama sanoo.<\/p>\n<p>N\u00e4m\u00e4 kysymykset avaavat uusia mahdollisuuksia luonnonmateriaaleille, joiden alkuper\u00e4 tunnetaan ja jotka s\u00e4ilyv\u00e4t k\u00e4yt\u00f6ss\u00e4 pitk\u00e4\u00e4n. Aitoa turkista voidaan korjata ja uudelleen muokata sek\u00e4 siirt\u00e4\u00e4 sukupolvelta toiselle. Siksi sill\u00e4 on oma paikkansa muotikulttuurissa, jossa tuotteiden pitk\u00e4ik\u00e4isyytt\u00e4 arvostetaan yh\u00e4 enemm\u00e4n.<\/p>\n<p><strong>Muoti on j\u00e4lleen valmis pit\u00e4m\u00e4\u00e4n hauskaa<\/strong><\/p>\n<p>Aidon turkiksen paluu liittyy my\u00f6s muodin laajempaan muutokseen. Minimalismin ja hillityn luksuksen hallitsemien vuosien j\u00e4lkeen maksimalismi tekee paluuta. Suunnittelijat tarttuvat j\u00e4lleen rohkeampiin v\u00e4reihin, kiinnostaviin pintatuntumiin, yksil\u00f6llisyyteen ja leikkis\u00e4\u00e4n itseilmaisuun.<\/p>\n<p>Luonnollisen pintansa, volyyminsa ja poikkeuksellisen muunneltavuutensa ansiosta turkis tarjoaa suunnittelijoille monipuolisen ty\u00f6kalun. Sit\u00e4 voidaan muotoilla ja v\u00e4rj\u00e4t\u00e4, yhdist\u00e4\u00e4 muihin materiaaleihin sek\u00e4 muuntaa luovasti innovatiivisilla tekniikoilla.<\/p>\n<p>\u201dBeigen kashmirin aikakausi on ohi. Nyt muoti ja pukeutuminen on taas leikkis\u00e4\u00e4 ja hauskaa\u201d, Garcia Rama kiteytt\u00e4\u00e4.<\/p>\n<p><img loading=\"lazy\" decoding=\"async\" class=\"alignnone size-medium wp-image-199164\" src=\"https:\/\/www.sagafurs.com\/wp-content\/uploads\/2026\/09\/Carlota_PV_pitch-1024x384.png\" alt=\"\" width=\"1024\" height=\"384\" srcset=\"https:\/\/www.sagafurs.com\/wp-content\/uploads\/2026\/09\/Carlota_PV_pitch-1024x384.png 1024w, https:\/\/www.sagafurs.com\/wp-content\/uploads\/2026\/09\/Carlota_PV_pitch-768x288.png 768w, https:\/\/www.sagafurs.com\/wp-content\/uploads\/2026\/09\/Carlota_PV_pitch-640x240.png 640w, https:\/\/www.sagafurs.com\/wp-content\/uploads\/2026\/09\/Carlota_PV_pitch.png 1200w\" sizes=\"auto, (max-width: 1024px) 100vw, 1024px\" \/><\/p>\n","protected":false},"excerpt":{"rendered":"<p>Aito turkis tekee paluuta muotikeskusteluun materiaalina, jossa yhdistyv\u00e4t luovuus, j\u00e4ljitett\u00e4vyys ja pitk\u00e4aikainen arvo. Premi\u00e8re Vision Paris -tapahtumassa Saga Furs vei t\u00e4t\u00e4 viesti\u00e4 kansainv\u00e4liselle muotiyhteis\u00f6lle. Saga Furs oli mukana Premi\u00e8re Vision Paris -tapahtuman virallisessa ohjelmassa syyskuussa 2026. Avajaisp\u00e4iv\u00e4n\u00e4 Saga Fursin Business Developer Carlota Garcia Rama nousi Pitch-lavalle pit\u00e4m\u00e4\u00e4n \u201dReal Fur\u2019s New Era\u201d -esityksen aidon turkiksen uudesta<a class=\"excerpt-read-more\" href=\"https:\/\/www.sagafurs.com\/fi\/yhtio\/uutiset\/saga-fursin-viesti-muodin-ammattilaisille-premiere-visionissa-aito-turkis-on-tullut-jaadakseen\/\" title=\"LueSaga Fursin viesti muodin ammattilaisille Premi\u00e8re Visionissa: aito turkis on tullut j\u00e4\u00e4d\u00e4kseen\">\u2026 Lue lis\u00e4\u00e4 &raquo;<\/a><\/p>\n","protected":false},"featured_media":0,"template":"","class_list":["post-199175","news","type-news","status-publish","hentry"],"acf":[],"yoast_head":"<!-- This site is optimized with the Yoast SEO plugin v28.3 - https:\/\/yoast.com\/product\/yoast-seo-wordpress\/ -->\n<title>Saga Fursin viesti muodin ammattilaisille Premi\u00e8re Visionissa: aito turkis on tullut j\u00e4\u00e4d\u00e4kseen - Sagafurs<\/title>\n<meta name=\"robots\" content=\"index, follow, max-snippet:-1, max-image-preview:large, max-video-preview:-1\" \/>\n<link rel=\"canonical\" href=\"https:\/\/www.sagafurs.com\/fi\/yhtio\/uutiset\/saga-fursin-viesti-muodin-ammattilaisille-premiere-visionissa-aito-turkis-on-tullut-jaadakseen\/\" \/>\n<meta property=\"og:locale\" content=\"fi_FI\" \/>\n<meta property=\"og:type\" content=\"article\" \/>\n<meta property=\"og:title\" content=\"Saga Fursin viesti muodin ammattilaisille Premi\u00e8re Visionissa: aito turkis on tullut j\u00e4\u00e4d\u00e4kseen - Sagafurs\" \/>\n<meta property=\"og:description\" content=\"Aito turkis tekee paluuta muotikeskusteluun materiaalina, jossa yhdistyv\u00e4t luovuus, j\u00e4ljitett\u00e4vyys ja pitk\u00e4aikainen arvo. Premi\u00e8re Vision Paris -tapahtumassa Saga Furs vei t\u00e4t\u00e4 viesti\u00e4 kansainv\u00e4liselle muotiyhteis\u00f6lle. Saga Furs oli mukana Premi\u00e8re Vision Paris -tapahtuman virallisessa ohjelmassa syyskuussa 2026. Avajaisp\u00e4iv\u00e4n\u00e4 Saga Fursin Business Developer Carlota Garcia Rama nousi Pitch-lavalle pit\u00e4m\u00e4\u00e4n \u201dReal Fur\u2019s New Era\u201d -esityksen aidon turkiksen uudesta\u2026 Lue lis\u00e4\u00e4 &raquo;\" \/>\n<meta property=\"og:url\" content=\"https:\/\/www.sagafurs.com\/fi\/yhtio\/uutiset\/saga-fursin-viesti-muodin-ammattilaisille-premiere-visionissa-aito-turkis-on-tullut-jaadakseen\/\" \/>\n<meta property=\"og:site_name\" content=\"Sagafurs\" \/>\n<meta property=\"article:modified_time\" content=\"2026-09-04T13:16:28+00:00\" \/>\n<meta property=\"og:image\" content=\"https:\/\/www.sagafurs.com\/wp-content\/uploads\/2026\/09\/Carlota_PV_pitch.png\" \/>\n\t<meta property=\"og:image:width\" content=\"1200\" \/>\n\t<meta property=\"og:image:height\" content=\"450\" \/>\n\t<meta property=\"og:image:type\" content=\"image\/png\" \/>\n<meta name=\"twitter:card\" content=\"summary_large_image\" \/>\n<meta name=\"twitter:label1\" content=\"Est. reading time\" \/>\n\t<meta name=\"twitter:data1\" content=\"2 minutes\" \/>\n<script type=\"application\/ld+json\" class=\"yoast-schema-graph\">{\"@context\":\"https:\\\/\\\/schema.org\",\"@graph\":[{\"@type\":\"WebPage\",\"@id\":\"https:\\\/\\\/www.sagafurs.com\\\/fi\\\/yhtio\\\/uutiset\\\/saga-fursin-viesti-muodin-ammattilaisille-premiere-visionissa-aito-turkis-on-tullut-jaadakseen\\\/\",\"url\":\"https:\\\/\\\/www.sagafurs.com\\\/fi\\\/yhtio\\\/uutiset\\\/saga-fursin-viesti-muodin-ammattilaisille-premiere-visionissa-aito-turkis-on-tullut-jaadakseen\\\/\",\"name\":\"Saga Fursin viesti muodin ammattilaisille Premi\u00e8re Visionissa: aito turkis on tullut j\u00e4\u00e4d\u00e4kseen - Sagafurs\",\"isPartOf\":{\"@id\":\"https:\\\/\\\/www.sagafurs.com\\\/#website\"},\"primaryImageOfPage\":{\"@id\":\"https:\\\/\\\/www.sagafurs.com\\\/fi\\\/yhtio\\\/uutiset\\\/saga-fursin-viesti-muodin-ammattilaisille-premiere-visionissa-aito-turkis-on-tullut-jaadakseen\\\/#primaryimage\"},\"image\":{\"@id\":\"https:\\\/\\\/www.sagafurs.com\\\/fi\\\/yhtio\\\/uutiset\\\/saga-fursin-viesti-muodin-ammattilaisille-premiere-visionissa-aito-turkis-on-tullut-jaadakseen\\\/#primaryimage\"},\"thumbnailUrl\":\"https:\\\/\\\/www.sagafurs.com\\\/wp-content\\\/uploads\\\/2026\\\/09\\\/Carlota_PV_pitch-1024x384.png\",\"datePublished\":\"2026-09-04T13:11:48+00:00\",\"dateModified\":\"2026-09-04T13:16:28+00:00\",\"breadcrumb\":{\"@id\":\"https:\\\/\\\/www.sagafurs.com\\\/fi\\\/yhtio\\\/uutiset\\\/saga-fursin-viesti-muodin-ammattilaisille-premiere-visionissa-aito-turkis-on-tullut-jaadakseen\\\/#breadcrumb\"},\"inLanguage\":\"fi-FI\",\"potentialAction\":[{\"@type\":\"ReadAction\",\"target\":[\"https:\\\/\\\/www.sagafurs.com\\\/fi\\\/yhtio\\\/uutiset\\\/saga-fursin-viesti-muodin-ammattilaisille-premiere-visionissa-aito-turkis-on-tullut-jaadakseen\\\/\"]}]},{\"@type\":\"ImageObject\",\"inLanguage\":\"fi-FI\",\"@id\":\"https:\\\/\\\/www.sagafurs.com\\\/fi\\\/yhtio\\\/uutiset\\\/saga-fursin-viesti-muodin-ammattilaisille-premiere-visionissa-aito-turkis-on-tullut-jaadakseen\\\/#primaryimage\",\"url\":\"https:\\\/\\\/www.sagafurs.com\\\/wp-content\\\/uploads\\\/2026\\\/09\\\/Carlota_PV_pitch-1024x384.png\",\"contentUrl\":\"https:\\\/\\\/www.sagafurs.com\\\/wp-content\\\/uploads\\\/2026\\\/09\\\/Carlota_PV_pitch-1024x384.png\"},{\"@type\":\"BreadcrumbList\",\"@id\":\"https:\\\/\\\/www.sagafurs.com\\\/fi\\\/yhtio\\\/uutiset\\\/saga-fursin-viesti-muodin-ammattilaisille-premiere-visionissa-aito-turkis-on-tullut-jaadakseen\\\/#breadcrumb\",\"itemListElement\":[{\"@type\":\"ListItem\",\"position\":1,\"name\":\"Home\",\"item\":\"https:\\\/\\\/www.sagafurs.com\\\/fi\\\/\"},{\"@type\":\"ListItem\",\"position\":2,\"name\":\"Saga Fursin viesti muodin ammattilaisille Premi\u00e8re Visionissa: aito turkis on tullut j\u00e4\u00e4d\u00e4kseen\"}]},{\"@type\":\"WebSite\",\"@id\":\"https:\\\/\\\/www.sagafurs.com\\\/#website\",\"url\":\"https:\\\/\\\/www.sagafurs.com\\\/\",\"name\":\"Sagafurs\",\"description\":\"Sagafurs\",\"potentialAction\":[{\"@type\":\"SearchAction\",\"target\":{\"@type\":\"EntryPoint\",\"urlTemplate\":\"https:\\\/\\\/www.sagafurs.com\\\/?s={search_term_string}\"},\"query-input\":{\"@type\":\"PropertyValueSpecification\",\"valueRequired\":true,\"valueName\":\"search_term_string\"}}],\"inLanguage\":\"fi-FI\"}]}<\/script>\n<!-- \/ Yoast SEO plugin. -->","yoast_head_json":{"title":"Saga Fursin viesti muodin ammattilaisille Premi\u00e8re Visionissa: aito turkis on tullut j\u00e4\u00e4d\u00e4kseen - Sagafurs","robots":{"index":"index","follow":"follow","max-snippet":"max-snippet:-1","max-image-preview":"max-image-preview:large","max-video-preview":"max-video-preview:-1"},"canonical":"https:\/\/www.sagafurs.com\/fi\/yhtio\/uutiset\/saga-fursin-viesti-muodin-ammattilaisille-premiere-visionissa-aito-turkis-on-tullut-jaadakseen\/","og_locale":"fi_FI","og_type":"article","og_title":"Saga Fursin viesti muodin ammattilaisille Premi\u00e8re Visionissa: aito turkis on tullut j\u00e4\u00e4d\u00e4kseen - Sagafurs","og_description":"Aito turkis tekee paluuta muotikeskusteluun materiaalina, jossa yhdistyv\u00e4t luovuus, j\u00e4ljitett\u00e4vyys ja pitk\u00e4aikainen arvo. Premi\u00e8re Vision Paris -tapahtumassa Saga Furs vei t\u00e4t\u00e4 viesti\u00e4 kansainv\u00e4liselle muotiyhteis\u00f6lle. Saga Furs oli mukana Premi\u00e8re Vision Paris -tapahtuman virallisessa ohjelmassa syyskuussa 2026. Avajaisp\u00e4iv\u00e4n\u00e4 Saga Fursin Business Developer Carlota Garcia Rama nousi Pitch-lavalle pit\u00e4m\u00e4\u00e4n \u201dReal Fur\u2019s New Era\u201d -esityksen aidon turkiksen uudesta\u2026 Lue lis\u00e4\u00e4 &raquo;","og_url":"https:\/\/www.sagafurs.com\/fi\/yhtio\/uutiset\/saga-fursin-viesti-muodin-ammattilaisille-premiere-visionissa-aito-turkis-on-tullut-jaadakseen\/","og_site_name":"Sagafurs","article_modified_time":"2026-09-04T13:16:28+00:00","og_image":[{"width":1200,"height":450,"url":"https:\/\/www.sagafurs.com\/wp-content\/uploads\/2026\/09\/Carlota_PV_pitch.png","type":"image\/png"}],"twitter_card":"summary_large_image","twitter_misc":{"Est. reading time":"2 minutes"},"schema":{"@context":"https:\/\/schema.org","@graph":[{"@type":"WebPage","@id":"https:\/\/www.sagafurs.com\/fi\/yhtio\/uutiset\/saga-fursin-viesti-muodin-ammattilaisille-premiere-visionissa-aito-turkis-on-tullut-jaadakseen\/","url":"https:\/\/www.sagafurs.com\/fi\/yhtio\/uutiset\/saga-fursin-viesti-muodin-ammattilaisille-premiere-visionissa-aito-turkis-on-tullut-jaadakseen\/","name":"Saga Fursin viesti muodin ammattilaisille Premi\u00e8re Visionissa: aito turkis on tullut j\u00e4\u00e4d\u00e4kseen - Sagafurs","isPartOf":{"@id":"https:\/\/www.sagafurs.com\/#website"},"primaryImageOfPage":{"@id":"https:\/\/www.sagafurs.com\/fi\/yhtio\/uutiset\/saga-fursin-viesti-muodin-ammattilaisille-premiere-visionissa-aito-turkis-on-tullut-jaadakseen\/#primaryimage"},"image":{"@id":"https:\/\/www.sagafurs.com\/fi\/yhtio\/uutiset\/saga-fursin-viesti-muodin-ammattilaisille-premiere-visionissa-aito-turkis-on-tullut-jaadakseen\/#primaryimage"},"thumbnailUrl":"https:\/\/www.sagafurs.com\/wp-content\/uploads\/2026\/09\/Carlota_PV_pitch-1024x384.png","datePublished":"2026-09-04T13:11:48+00:00","dateModified":"2026-09-04T13:16:28+00:00","breadcrumb":{"@id":"https:\/\/www.sagafurs.com\/fi\/yhtio\/uutiset\/saga-fursin-viesti-muodin-ammattilaisille-premiere-visionissa-aito-turkis-on-tullut-jaadakseen\/#breadcrumb"},"inLanguage":"fi-FI","potentialAction":[{"@type":"ReadAction","target":["https:\/\/www.sagafurs.com\/fi\/yhtio\/uutiset\/saga-fursin-viesti-muodin-ammattilaisille-premiere-visionissa-aito-turkis-on-tullut-jaadakseen\/"]}]},{"@type":"ImageObject","inLanguage":"fi-FI","@id":"https:\/\/www.sagafurs.com\/fi\/yhtio\/uutiset\/saga-fursin-viesti-muodin-ammattilaisille-premiere-visionissa-aito-turkis-on-tullut-jaadakseen\/#primaryimage","url":"https:\/\/www.sagafurs.com\/wp-content\/uploads\/2026\/09\/Carlota_PV_pitch-1024x384.png","contentUrl":"https:\/\/www.sagafurs.com\/wp-content\/uploads\/2026\/09\/Carlota_PV_pitch-1024x384.png"},{"@type":"BreadcrumbList","@id":"https:\/\/www.sagafurs.com\/fi\/yhtio\/uutiset\/saga-fursin-viesti-muodin-ammattilaisille-premiere-visionissa-aito-turkis-on-tullut-jaadakseen\/#breadcrumb","itemListElement":[{"@type":"ListItem","position":1,"name":"Home","item":"https:\/\/www.sagafurs.com\/fi\/"},{"@type":"ListItem","position":2,"name":"Saga Fursin viesti muodin ammattilaisille Premi\u00e8re Visionissa: aito turkis on tullut j\u00e4\u00e4d\u00e4kseen"}]},{"@type":"WebSite","@id":"https:\/\/www.sagafurs.com\/#website","url":"https:\/\/www.sagafurs.com\/","name":"Sagafurs","description":"Sagafurs","potentialAction":[{"@type":"SearchAction","target":{"@type":"EntryPoint","urlTemplate":"https:\/\/www.sagafurs.com\/?s={search_term_string}"},"query-input":{"@type":"PropertyValueSpecification","valueRequired":true,"valueName":"search_term_string"}}],"inLanguage":"fi-FI"}]}},"_links":{"self":[{"href":"https:\/\/www.sagafurs.com\/fi\/wp-json\/wp\/v2\/news\/199175","targetHints":{"allow":["GET"]}}],"collection":[{"href":"https:\/\/www.sagafurs.com\/fi\/wp-json\/wp\/v2\/news"}],"about":[{"href":"https:\/\/www.sagafurs.com\/fi\/wp-json\/wp\/v2\/types\/news"}],"version-history":[{"count":2,"href":"https:\/\/www.sagafurs.com\/fi\/wp-json\/wp\/v2\/news\/199175\/revisions"}],"predecessor-version":[{"id":199177,"href":"https:\/\/www.sagafurs.com\/fi\/wp-json\/wp\/v2\/news\/199175\/revisions\/199177"}],"wp:attachment":[{"href":"https:\/\/www.sagafurs.com\/fi\/wp-json\/wp\/v2\/media?parent=199175"}],"curies":[{"name":"wp","href":"https:\/\/api.w.org\/{rel}","templated":true}]}}