{"id":3490,"date":"2016-01-15T09:31:08","date_gmt":"2016-01-15T09:31:08","guid":{"rendered":"https:\/\/www.sagafurs.com\/fi\/corporate\/news\/tia-matthews-appointed-business-director-fashion-member-companys-management-team\/"},"modified":"2016-10-10T09:38:39","modified_gmt":"2016-10-10T08:38:39","slug":"tia-matthews-nimitetty-muotiliiketoimintajohtajaksi-ja-yhtion-johtoryhman-jaseneksi","status":"publish","type":"news","link":"https:\/\/www.sagafurs.com\/fi\/yhtio\/uutiset\/tia-matthews-nimitetty-muotiliiketoimintajohtajaksi-ja-yhtion-johtoryhman-jaseneksi\/","title":{"rendered":"Tia Matthews on nimitetty muotiliiketoimintajohtajaksi ja yhti\u00f6n johtoryhm\u00e4n j\u00e4seneksi"},"content":{"rendered":"<p>Tia Matthews on nimitetty Saga Furs Oyj:n muotiliiketoiminnasta vastaavaksi johtajaksi ja yhti\u00f6n johtoryhm\u00e4n j\u00e4seneksi 15.2.2016 alkaen.<\/p>\n<p>Ennen uutta teht\u00e4v\u00e4\u00e4ns\u00e4 Matthews on toiminut Suomessa Adidas Groupin markkinointijohtajana sek\u00e4 Sydneyssa PwC:n muutosviestint\u00e4johtajana. T\u00e4t\u00e4 ennen h\u00e4n on toiminut viestint\u00e4p\u00e4\u00e4llikk\u00f6n\u00e4 Nokia Enterprise Solutionsilla New Yorkissa sek\u00e4 Nokian konserniviestinn\u00e4ss\u00e4 Espoossa.<\/p>\n<p>Matthewsin vankka kokemus kansainv\u00e4lisen viestinn\u00e4n ja markkinoinnin johtoteht\u00e4vist\u00e4 vahvistaa yhti\u00f6n osaamista t\u00e4rke\u00e4ll\u00e4 muotiliiketoiminnan alueella.<\/p>\n","protected":false},"excerpt":{"rendered":"<p>Tia Matthews on nimitetty Saga Furs Oyj:n muotiliiketoiminnasta vastaavaksi johtajaksi ja yhti\u00f6n johtoryhm\u00e4n j\u00e4seneksi 15.2.2016 alkaen. Ennen uutta teht\u00e4v\u00e4\u00e4ns\u00e4 Matthews on toiminut Suomessa Adidas Groupin markkinointijohtajana sek\u00e4 Sydneyssa PwC:n muutosviestint\u00e4johtajana. T\u00e4t\u00e4 ennen h\u00e4n on toiminut viestint\u00e4p\u00e4\u00e4llikk\u00f6n\u00e4 Nokia Enterprise Solutionsilla New Yorkissa sek\u00e4 Nokian konserniviestinn\u00e4ss\u00e4 Espoossa. Matthewsin vankka kokemus kansainv\u00e4lisen viestinn\u00e4n ja markkinoinnin johtoteht\u00e4vist\u00e4 vahvistaa yhti\u00f6n<a class=\"excerpt-read-more\" href=\"https:\/\/www.sagafurs.com\/fi\/yhtio\/uutiset\/tia-matthews-nimitetty-muotiliiketoimintajohtajaksi-ja-yhtion-johtoryhman-jaseneksi\/\" title=\"LueTia Matthews on nimitetty muotiliiketoimintajohtajaksi ja yhti\u00f6n johtoryhm\u00e4n j\u00e4seneksi\">\u2026 Lue lis\u00e4\u00e4 &raquo;<\/a><\/p>\n","protected":false},"featured_media":0,"template":"","class_list":["post-3490","news","type-news","status-publish","hentry","news_category-yhtio"],"acf":[],"yoast_head":"<!-- This site is optimized with the Yoast SEO plugin v27.4 - https:\/\/yoast.com\/product\/yoast-seo-wordpress\/ -->\n<title>Tia Matthews on nimitetty muotiliiketoimintajohtajaksi ja yhti\u00f6n johtoryhm\u00e4n j\u00e4seneksi - Sagafurs<\/title>\n<meta name=\"robots\" content=\"index, follow, max-snippet:-1, max-image-preview:large, max-video-preview:-1\" \/>\n<link rel=\"canonical\" href=\"https:\/\/www.sagafurs.com\/fi\/yhtio\/uutiset\/tia-matthews-nimitetty-muotiliiketoimintajohtajaksi-ja-yhtion-johtoryhman-jaseneksi\/\" \/>\n<meta property=\"og:locale\" content=\"fi_FI\" \/>\n<meta property=\"og:type\" content=\"article\" \/>\n<meta property=\"og:title\" content=\"Tia Matthews on nimitetty muotiliiketoimintajohtajaksi ja yhti\u00f6n johtoryhm\u00e4n j\u00e4seneksi - Sagafurs\" \/>\n<meta property=\"og:description\" content=\"Tia Matthews on nimitetty Saga Furs Oyj:n muotiliiketoiminnasta vastaavaksi johtajaksi ja yhti\u00f6n johtoryhm\u00e4n j\u00e4seneksi 15.2.2016 alkaen. Ennen uutta teht\u00e4v\u00e4\u00e4ns\u00e4 Matthews on toiminut Suomessa Adidas Groupin markkinointijohtajana sek\u00e4 Sydneyssa PwC:n muutosviestint\u00e4johtajana. T\u00e4t\u00e4 ennen h\u00e4n on toiminut viestint\u00e4p\u00e4\u00e4llikk\u00f6n\u00e4 Nokia Enterprise Solutionsilla New Yorkissa sek\u00e4 Nokian konserniviestinn\u00e4ss\u00e4 Espoossa. Matthewsin vankka kokemus kansainv\u00e4lisen viestinn\u00e4n ja markkinoinnin johtoteht\u00e4vist\u00e4 vahvistaa yhti\u00f6n\u2026 Lue lis\u00e4\u00e4 &raquo;\" \/>\n<meta property=\"og:url\" content=\"https:\/\/www.sagafurs.com\/fi\/yhtio\/uutiset\/tia-matthews-nimitetty-muotiliiketoimintajohtajaksi-ja-yhtion-johtoryhman-jaseneksi\/\" \/>\n<meta property=\"og:site_name\" content=\"Sagafurs\" \/>\n<meta property=\"article:modified_time\" content=\"2016-10-10T08:38:39+00:00\" \/>\n<meta property=\"og:image\" content=\"http:\/\/www.sagafurs.com\/wp-content\/uploads\/2016\/10\/Tia-Matthew_uusi-saga-1.jpg\" \/>\n\t<meta property=\"og:image:width\" content=\"690\" \/>\n\t<meta property=\"og:image:height\" content=\"518\" \/>\n\t<meta property=\"og:image:type\" content=\"image\/jpeg\" \/>\n<meta name=\"twitter:card\" content=\"summary_large_image\" \/>\n<script type=\"application\/ld+json\" class=\"yoast-schema-graph\">{\"@context\":\"https:\\\/\\\/schema.org\",\"@graph\":[{\"@type\":\"WebPage\",\"@id\":\"https:\\\/\\\/www.sagafurs.com\\\/fi\\\/yhtio\\\/uutiset\\\/tia-matthews-nimitetty-muotiliiketoimintajohtajaksi-ja-yhtion-johtoryhman-jaseneksi\\\/\",\"url\":\"https:\\\/\\\/www.sagafurs.com\\\/fi\\\/yhtio\\\/uutiset\\\/tia-matthews-nimitetty-muotiliiketoimintajohtajaksi-ja-yhtion-johtoryhman-jaseneksi\\\/\",\"name\":\"Tia Matthews on nimitetty muotiliiketoimintajohtajaksi ja yhti\u00f6n johtoryhm\u00e4n j\u00e4seneksi - Sagafurs\",\"isPartOf\":{\"@id\":\"https:\\\/\\\/www.sagafurs.com\\\/#website\"},\"datePublished\":\"2016-01-15T09:31:08+00:00\",\"dateModified\":\"2016-10-10T08:38:39+00:00\",\"breadcrumb\":{\"@id\":\"https:\\\/\\\/www.sagafurs.com\\\/fi\\\/yhtio\\\/uutiset\\\/tia-matthews-nimitetty-muotiliiketoimintajohtajaksi-ja-yhtion-johtoryhman-jaseneksi\\\/#breadcrumb\"},\"inLanguage\":\"fi-FI\",\"potentialAction\":[{\"@type\":\"ReadAction\",\"target\":[\"https:\\\/\\\/www.sagafurs.com\\\/fi\\\/yhtio\\\/uutiset\\\/tia-matthews-nimitetty-muotiliiketoimintajohtajaksi-ja-yhtion-johtoryhman-jaseneksi\\\/\"]}]},{\"@type\":\"BreadcrumbList\",\"@id\":\"https:\\\/\\\/www.sagafurs.com\\\/fi\\\/yhtio\\\/uutiset\\\/tia-matthews-nimitetty-muotiliiketoimintajohtajaksi-ja-yhtion-johtoryhman-jaseneksi\\\/#breadcrumb\",\"itemListElement\":[{\"@type\":\"ListItem\",\"position\":1,\"name\":\"Home\",\"item\":\"https:\\\/\\\/www.sagafurs.com\\\/fi\\\/\"},{\"@type\":\"ListItem\",\"position\":2,\"name\":\"Tia Matthews on nimitetty muotiliiketoimintajohtajaksi ja yhti\u00f6n johtoryhm\u00e4n j\u00e4seneksi\"}]},{\"@type\":\"WebSite\",\"@id\":\"https:\\\/\\\/www.sagafurs.com\\\/#website\",\"url\":\"https:\\\/\\\/www.sagafurs.com\\\/\",\"name\":\"Sagafurs\",\"description\":\"Sagafurs\",\"potentialAction\":[{\"@type\":\"SearchAction\",\"target\":{\"@type\":\"EntryPoint\",\"urlTemplate\":\"https:\\\/\\\/www.sagafurs.com\\\/?s={search_term_string}\"},\"query-input\":{\"@type\":\"PropertyValueSpecification\",\"valueRequired\":true,\"valueName\":\"search_term_string\"}}],\"inLanguage\":\"fi-FI\"}]}<\/script>\n<!-- \/ Yoast SEO plugin. -->","yoast_head_json":{"title":"Tia Matthews on nimitetty muotiliiketoimintajohtajaksi ja yhti\u00f6n johtoryhm\u00e4n j\u00e4seneksi - Sagafurs","robots":{"index":"index","follow":"follow","max-snippet":"max-snippet:-1","max-image-preview":"max-image-preview:large","max-video-preview":"max-video-preview:-1"},"canonical":"https:\/\/www.sagafurs.com\/fi\/yhtio\/uutiset\/tia-matthews-nimitetty-muotiliiketoimintajohtajaksi-ja-yhtion-johtoryhman-jaseneksi\/","og_locale":"fi_FI","og_type":"article","og_title":"Tia Matthews on nimitetty muotiliiketoimintajohtajaksi ja yhti\u00f6n johtoryhm\u00e4n j\u00e4seneksi - Sagafurs","og_description":"Tia Matthews on nimitetty Saga Furs Oyj:n muotiliiketoiminnasta vastaavaksi johtajaksi ja yhti\u00f6n johtoryhm\u00e4n j\u00e4seneksi 15.2.2016 alkaen. Ennen uutta teht\u00e4v\u00e4\u00e4ns\u00e4 Matthews on toiminut Suomessa Adidas Groupin markkinointijohtajana sek\u00e4 Sydneyssa PwC:n muutosviestint\u00e4johtajana. T\u00e4t\u00e4 ennen h\u00e4n on toiminut viestint\u00e4p\u00e4\u00e4llikk\u00f6n\u00e4 Nokia Enterprise Solutionsilla New Yorkissa sek\u00e4 Nokian konserniviestinn\u00e4ss\u00e4 Espoossa. Matthewsin vankka kokemus kansainv\u00e4lisen viestinn\u00e4n ja markkinoinnin johtoteht\u00e4vist\u00e4 vahvistaa yhti\u00f6n\u2026 Lue lis\u00e4\u00e4 &raquo;","og_url":"https:\/\/www.sagafurs.com\/fi\/yhtio\/uutiset\/tia-matthews-nimitetty-muotiliiketoimintajohtajaksi-ja-yhtion-johtoryhman-jaseneksi\/","og_site_name":"Sagafurs","article_modified_time":"2016-10-10T08:38:39+00:00","og_image":[{"width":690,"height":518,"url":"http:\/\/www.sagafurs.com\/wp-content\/uploads\/2016\/10\/Tia-Matthew_uusi-saga-1.jpg","type":"image\/jpeg"}],"twitter_card":"summary_large_image","schema":{"@context":"https:\/\/schema.org","@graph":[{"@type":"WebPage","@id":"https:\/\/www.sagafurs.com\/fi\/yhtio\/uutiset\/tia-matthews-nimitetty-muotiliiketoimintajohtajaksi-ja-yhtion-johtoryhman-jaseneksi\/","url":"https:\/\/www.sagafurs.com\/fi\/yhtio\/uutiset\/tia-matthews-nimitetty-muotiliiketoimintajohtajaksi-ja-yhtion-johtoryhman-jaseneksi\/","name":"Tia Matthews on nimitetty muotiliiketoimintajohtajaksi ja yhti\u00f6n johtoryhm\u00e4n j\u00e4seneksi - Sagafurs","isPartOf":{"@id":"https:\/\/www.sagafurs.com\/#website"},"datePublished":"2016-01-15T09:31:08+00:00","dateModified":"2016-10-10T08:38:39+00:00","breadcrumb":{"@id":"https:\/\/www.sagafurs.com\/fi\/yhtio\/uutiset\/tia-matthews-nimitetty-muotiliiketoimintajohtajaksi-ja-yhtion-johtoryhman-jaseneksi\/#breadcrumb"},"inLanguage":"fi-FI","potentialAction":[{"@type":"ReadAction","target":["https:\/\/www.sagafurs.com\/fi\/yhtio\/uutiset\/tia-matthews-nimitetty-muotiliiketoimintajohtajaksi-ja-yhtion-johtoryhman-jaseneksi\/"]}]},{"@type":"BreadcrumbList","@id":"https:\/\/www.sagafurs.com\/fi\/yhtio\/uutiset\/tia-matthews-nimitetty-muotiliiketoimintajohtajaksi-ja-yhtion-johtoryhman-jaseneksi\/#breadcrumb","itemListElement":[{"@type":"ListItem","position":1,"name":"Home","item":"https:\/\/www.sagafurs.com\/fi\/"},{"@type":"ListItem","position":2,"name":"Tia Matthews on nimitetty muotiliiketoimintajohtajaksi ja yhti\u00f6n johtoryhm\u00e4n j\u00e4seneksi"}]},{"@type":"WebSite","@id":"https:\/\/www.sagafurs.com\/#website","url":"https:\/\/www.sagafurs.com\/","name":"Sagafurs","description":"Sagafurs","potentialAction":[{"@type":"SearchAction","target":{"@type":"EntryPoint","urlTemplate":"https:\/\/www.sagafurs.com\/?s={search_term_string}"},"query-input":{"@type":"PropertyValueSpecification","valueRequired":true,"valueName":"search_term_string"}}],"inLanguage":"fi-FI"}]}},"_links":{"self":[{"href":"https:\/\/www.sagafurs.com\/fi\/wp-json\/wp\/v2\/news\/3490","targetHints":{"allow":["GET"]}}],"collection":[{"href":"https:\/\/www.sagafurs.com\/fi\/wp-json\/wp\/v2\/news"}],"about":[{"href":"https:\/\/www.sagafurs.com\/fi\/wp-json\/wp\/v2\/types\/news"}],"version-history":[{"count":0,"href":"https:\/\/www.sagafurs.com\/fi\/wp-json\/wp\/v2\/news\/3490\/revisions"}],"wp:attachment":[{"href":"https:\/\/www.sagafurs.com\/fi\/wp-json\/wp\/v2\/media?parent=3490"}],"curies":[{"name":"wp","href":"https:\/\/api.w.org\/{rel}","templated":true}]}}