{"id":3971,"date":"2016-04-05T10:21:11","date_gmt":"2016-04-05T09:21:11","guid":{"rendered":"https:\/\/www.sagafurs.com\/fi\/corporate\/news\/saga-furs-fur-excellence-fair-athens\/"},"modified":"2016-10-11T10:28:39","modified_gmt":"2016-10-11T09:28:39","slug":"saga-furs-osallistui-fur-excellence-messuille-ateenassa","status":"publish","type":"news","link":"https:\/\/www.sagafurs.com\/fi\/yhtio\/uutiset\/saga-furs-osallistui-fur-excellence-messuille-ateenassa\/","title":{"rendered":"Saga Furs osallistui Fur Excellence-messuille Ateenassa"},"content":{"rendered":"<p>Ammattilaisille suunnatut Fur Excellence-messut j\u00e4rjestettiin kuudetta kertaa Ateenassa 29.3.-3.4.2016. Saga Furs is\u00e4nn\u00f6i t\u00e4ss\u00e4 42 n\u00e4ytteilleasettajaa ja n. 900 messuvierasta paikalle houkuttaneessa tapahtumassa st\u00e4ndi\u00e4 sek\u00e4 kahta seminaaria.<\/p>\n<p>Saga Fursin st\u00e4ndill\u00e4 p\u00e4\u00e4si tutustumaan Saga\u00ae-n\u00e4ytenahkoihin sek\u00e4 Saga Furs Design Centren turkistekniikkan\u00e4ytteisiin. Messujen aikana Saga Fursilla oli kaksi seminaaria, joista toinen k\u00e4sitteli vastuullisuutta ja j\u00e4ljitett\u00e4vyytt\u00e4 ja oli suunnattu turkiskaupan edustajille ja toinen nuorille suunnittelijaopiskelijoille turkiksenk\u00e4sittelyn innovaatioita ja catwalkien uusimpia tuulia k\u00e4sitellen.  <\/p>\n<p>\u201dMe Saga Fursilla olemme ilahtuneita positiivisesta tunnelmasta messuilla. Vaikka turkismarkkinat ovat haastavan kauden edess\u00e4, tulevaisuuden suhteen ollaan optimistisia. Minkinnahkojen vakiintunut hintataso oli hyv\u00e4 uutinen meille kaikille\u201d, kertoo Sophia Dimitrou Kourkopoulos, Saga Fursin Kreikan aluep\u00e4\u00e4llikk\u00f6.<\/p>\n<p>Saga Furs on mukana my\u00f6s Kastorian kansainv\u00e4lisill\u00e4 turkismessuilla 5.5.-8.5.2016.<\/p>\n<p>5.4.2016<\/p>\n","protected":false},"excerpt":{"rendered":"<p>Ammattilaisille suunnatut Fur Excellence-messut j\u00e4rjestettiin kuudetta kertaa Ateenassa 29.3.-3.4.2016. Saga Furs is\u00e4nn\u00f6i t\u00e4ss\u00e4 42 n\u00e4ytteilleasettajaa ja n. 900 messuvierasta paikalle houkuttaneessa tapahtumassa st\u00e4ndi\u00e4 sek\u00e4 kahta seminaaria. Saga Fursin st\u00e4ndill\u00e4 p\u00e4\u00e4si tutustumaan Saga\u00ae-n\u00e4ytenahkoihin sek\u00e4 Saga Furs Design Centren turkistekniikkan\u00e4ytteisiin. Messujen aikana Saga Fursilla oli kaksi seminaaria, joista toinen k\u00e4sitteli vastuullisuutta ja j\u00e4ljitett\u00e4vyytt\u00e4 ja oli suunnattu turkiskaupan<a class=\"excerpt-read-more\" href=\"https:\/\/www.sagafurs.com\/fi\/yhtio\/uutiset\/saga-furs-osallistui-fur-excellence-messuille-ateenassa\/\" title=\"LueSaga Furs osallistui Fur Excellence-messuille Ateenassa\">\u2026 Lue lis\u00e4\u00e4 &raquo;<\/a><\/p>\n","protected":false},"featured_media":0,"template":"","class_list":["post-3971","news","type-news","status-publish","hentry","news_category-muoti"],"acf":[],"yoast_head":"<!-- This site is optimized with the Yoast SEO plugin v27.4 - https:\/\/yoast.com\/product\/yoast-seo-wordpress\/ -->\n<title>Saga Furs osallistui Fur Excellence-messuille Ateenassa - Sagafurs<\/title>\n<meta name=\"robots\" content=\"index, follow, max-snippet:-1, max-image-preview:large, max-video-preview:-1\" \/>\n<link rel=\"canonical\" href=\"https:\/\/www.sagafurs.com\/fi\/yhtio\/uutiset\/saga-furs-osallistui-fur-excellence-messuille-ateenassa\/\" \/>\n<meta property=\"og:locale\" content=\"fi_FI\" \/>\n<meta property=\"og:type\" content=\"article\" \/>\n<meta property=\"og:title\" content=\"Saga Furs osallistui Fur Excellence-messuille Ateenassa - Sagafurs\" \/>\n<meta property=\"og:description\" content=\"Ammattilaisille suunnatut Fur Excellence-messut j\u00e4rjestettiin kuudetta kertaa Ateenassa 29.3.-3.4.2016. Saga Furs is\u00e4nn\u00f6i t\u00e4ss\u00e4 42 n\u00e4ytteilleasettajaa ja n. 900 messuvierasta paikalle houkuttaneessa tapahtumassa st\u00e4ndi\u00e4 sek\u00e4 kahta seminaaria. Saga Fursin st\u00e4ndill\u00e4 p\u00e4\u00e4si tutustumaan Saga\u00ae-n\u00e4ytenahkoihin sek\u00e4 Saga Furs Design Centren turkistekniikkan\u00e4ytteisiin. Messujen aikana Saga Fursilla oli kaksi seminaaria, joista toinen k\u00e4sitteli vastuullisuutta ja j\u00e4ljitett\u00e4vyytt\u00e4 ja oli suunnattu turkiskaupan\u2026 Lue lis\u00e4\u00e4 &raquo;\" \/>\n<meta property=\"og:url\" content=\"https:\/\/www.sagafurs.com\/fi\/yhtio\/uutiset\/saga-furs-osallistui-fur-excellence-messuille-ateenassa\/\" \/>\n<meta property=\"og:site_name\" content=\"Sagafurs\" \/>\n<meta property=\"article:modified_time\" content=\"2016-10-11T09:28:39+00:00\" \/>\n<meta name=\"twitter:card\" content=\"summary_large_image\" \/>\n<meta name=\"twitter:label1\" content=\"Est. reading time\" \/>\n\t<meta name=\"twitter:data1\" content=\"1 minute\" \/>\n<script type=\"application\/ld+json\" class=\"yoast-schema-graph\">{\"@context\":\"https:\\\/\\\/schema.org\",\"@graph\":[{\"@type\":\"WebPage\",\"@id\":\"https:\\\/\\\/www.sagafurs.com\\\/fi\\\/yhtio\\\/uutiset\\\/saga-furs-osallistui-fur-excellence-messuille-ateenassa\\\/\",\"url\":\"https:\\\/\\\/www.sagafurs.com\\\/fi\\\/yhtio\\\/uutiset\\\/saga-furs-osallistui-fur-excellence-messuille-ateenassa\\\/\",\"name\":\"Saga Furs osallistui Fur Excellence-messuille Ateenassa - Sagafurs\",\"isPartOf\":{\"@id\":\"https:\\\/\\\/www.sagafurs.com\\\/#website\"},\"datePublished\":\"2016-04-05T09:21:11+00:00\",\"dateModified\":\"2016-10-11T09:28:39+00:00\",\"breadcrumb\":{\"@id\":\"https:\\\/\\\/www.sagafurs.com\\\/fi\\\/yhtio\\\/uutiset\\\/saga-furs-osallistui-fur-excellence-messuille-ateenassa\\\/#breadcrumb\"},\"inLanguage\":\"fi-FI\",\"potentialAction\":[{\"@type\":\"ReadAction\",\"target\":[\"https:\\\/\\\/www.sagafurs.com\\\/fi\\\/yhtio\\\/uutiset\\\/saga-furs-osallistui-fur-excellence-messuille-ateenassa\\\/\"]}]},{\"@type\":\"BreadcrumbList\",\"@id\":\"https:\\\/\\\/www.sagafurs.com\\\/fi\\\/yhtio\\\/uutiset\\\/saga-furs-osallistui-fur-excellence-messuille-ateenassa\\\/#breadcrumb\",\"itemListElement\":[{\"@type\":\"ListItem\",\"position\":1,\"name\":\"Home\",\"item\":\"https:\\\/\\\/www.sagafurs.com\\\/fi\\\/\"},{\"@type\":\"ListItem\",\"position\":2,\"name\":\"Saga Furs osallistui Fur Excellence-messuille Ateenassa\"}]},{\"@type\":\"WebSite\",\"@id\":\"https:\\\/\\\/www.sagafurs.com\\\/#website\",\"url\":\"https:\\\/\\\/www.sagafurs.com\\\/\",\"name\":\"Sagafurs\",\"description\":\"Sagafurs\",\"potentialAction\":[{\"@type\":\"SearchAction\",\"target\":{\"@type\":\"EntryPoint\",\"urlTemplate\":\"https:\\\/\\\/www.sagafurs.com\\\/?s={search_term_string}\"},\"query-input\":{\"@type\":\"PropertyValueSpecification\",\"valueRequired\":true,\"valueName\":\"search_term_string\"}}],\"inLanguage\":\"fi-FI\"}]}<\/script>\n<!-- \/ Yoast SEO plugin. -->","yoast_head_json":{"title":"Saga Furs osallistui Fur Excellence-messuille Ateenassa - Sagafurs","robots":{"index":"index","follow":"follow","max-snippet":"max-snippet:-1","max-image-preview":"max-image-preview:large","max-video-preview":"max-video-preview:-1"},"canonical":"https:\/\/www.sagafurs.com\/fi\/yhtio\/uutiset\/saga-furs-osallistui-fur-excellence-messuille-ateenassa\/","og_locale":"fi_FI","og_type":"article","og_title":"Saga Furs osallistui Fur Excellence-messuille Ateenassa - Sagafurs","og_description":"Ammattilaisille suunnatut Fur Excellence-messut j\u00e4rjestettiin kuudetta kertaa Ateenassa 29.3.-3.4.2016. Saga Furs is\u00e4nn\u00f6i t\u00e4ss\u00e4 42 n\u00e4ytteilleasettajaa ja n. 900 messuvierasta paikalle houkuttaneessa tapahtumassa st\u00e4ndi\u00e4 sek\u00e4 kahta seminaaria. Saga Fursin st\u00e4ndill\u00e4 p\u00e4\u00e4si tutustumaan Saga\u00ae-n\u00e4ytenahkoihin sek\u00e4 Saga Furs Design Centren turkistekniikkan\u00e4ytteisiin. Messujen aikana Saga Fursilla oli kaksi seminaaria, joista toinen k\u00e4sitteli vastuullisuutta ja j\u00e4ljitett\u00e4vyytt\u00e4 ja oli suunnattu turkiskaupan\u2026 Lue lis\u00e4\u00e4 &raquo;","og_url":"https:\/\/www.sagafurs.com\/fi\/yhtio\/uutiset\/saga-furs-osallistui-fur-excellence-messuille-ateenassa\/","og_site_name":"Sagafurs","article_modified_time":"2016-10-11T09:28:39+00:00","twitter_card":"summary_large_image","twitter_misc":{"Est. reading time":"1 minute"},"schema":{"@context":"https:\/\/schema.org","@graph":[{"@type":"WebPage","@id":"https:\/\/www.sagafurs.com\/fi\/yhtio\/uutiset\/saga-furs-osallistui-fur-excellence-messuille-ateenassa\/","url":"https:\/\/www.sagafurs.com\/fi\/yhtio\/uutiset\/saga-furs-osallistui-fur-excellence-messuille-ateenassa\/","name":"Saga Furs osallistui Fur Excellence-messuille Ateenassa - Sagafurs","isPartOf":{"@id":"https:\/\/www.sagafurs.com\/#website"},"datePublished":"2016-04-05T09:21:11+00:00","dateModified":"2016-10-11T09:28:39+00:00","breadcrumb":{"@id":"https:\/\/www.sagafurs.com\/fi\/yhtio\/uutiset\/saga-furs-osallistui-fur-excellence-messuille-ateenassa\/#breadcrumb"},"inLanguage":"fi-FI","potentialAction":[{"@type":"ReadAction","target":["https:\/\/www.sagafurs.com\/fi\/yhtio\/uutiset\/saga-furs-osallistui-fur-excellence-messuille-ateenassa\/"]}]},{"@type":"BreadcrumbList","@id":"https:\/\/www.sagafurs.com\/fi\/yhtio\/uutiset\/saga-furs-osallistui-fur-excellence-messuille-ateenassa\/#breadcrumb","itemListElement":[{"@type":"ListItem","position":1,"name":"Home","item":"https:\/\/www.sagafurs.com\/fi\/"},{"@type":"ListItem","position":2,"name":"Saga Furs osallistui Fur Excellence-messuille Ateenassa"}]},{"@type":"WebSite","@id":"https:\/\/www.sagafurs.com\/#website","url":"https:\/\/www.sagafurs.com\/","name":"Sagafurs","description":"Sagafurs","potentialAction":[{"@type":"SearchAction","target":{"@type":"EntryPoint","urlTemplate":"https:\/\/www.sagafurs.com\/?s={search_term_string}"},"query-input":{"@type":"PropertyValueSpecification","valueRequired":true,"valueName":"search_term_string"}}],"inLanguage":"fi-FI"}]}},"_links":{"self":[{"href":"https:\/\/www.sagafurs.com\/fi\/wp-json\/wp\/v2\/news\/3971","targetHints":{"allow":["GET"]}}],"collection":[{"href":"https:\/\/www.sagafurs.com\/fi\/wp-json\/wp\/v2\/news"}],"about":[{"href":"https:\/\/www.sagafurs.com\/fi\/wp-json\/wp\/v2\/types\/news"}],"version-history":[{"count":0,"href":"https:\/\/www.sagafurs.com\/fi\/wp-json\/wp\/v2\/news\/3971\/revisions"}],"wp:attachment":[{"href":"https:\/\/www.sagafurs.com\/fi\/wp-json\/wp\/v2\/media?parent=3971"}],"curies":[{"name":"wp","href":"https:\/\/api.w.org\/{rel}","templated":true}]}}