{"id":164802,"date":"2017-09-11T14:05:53","date_gmt":"2017-09-11T12:05:53","guid":{"rendered":"https:\/\/www.sagafurs.com\/?post_type=news&#038;p=164802\/"},"modified":"2017-09-11T14:05:53","modified_gmt":"2017-09-11T12:05:53","slug":"saga-furs-w-centrum-uwagi-podczas-15-dorocznych-targow-chapeau","status":"publish","type":"news","link":"https:\/\/www.sagafurs.com\/pl\/firma\/wiadomo\u015bci\/saga-furs-w-centrum-uwagi-podczas-15-dorocznych-targow-chapeau\/","title":{"rendered":"Saga Furs w centrum uwagi podczas 15. dorocznych targ\u00f3w \u201eChapeau\u201d"},"content":{"rendered":"<p>Saga Furs by\u0142a jedyn\u0105 firm\u0105 prowadz\u0105c\u0105 aukcje futer, kt\u00f3ra mia\u0142a swoje stoisko podczas tegorocznych targ\u00f3w \u201eChapeau\u201d. Impreza targowa odby\u0142a si\u0119 w dniach 17-20 sierpnia br. w budynku Gostiny Dvor w Moskwie. O\u017cywiony ruch podczas targ\u00f3w odzwierciedla\u0142 optymizm panuj\u0105cy na rosyjskim rynku pomimo pewnego spowolnienia zaobserwowanego w ostatnich latach.<\/p>\n<p>\u201eNasze stoisko jest zawsze platform\u0105 umo\u017cliwiaj\u0105c\u0105 spotkanie si\u0119 z przedstawicielami r\u00f3\u017cnych sektor\u00f3w bran\u017cy futrzarskiej\u201d, m\u00f3wi Dmitri Larionov, dyrektor handlowy Saga Furs na region Europy Wschodniej.<\/p>\n<p>Dzi\u0119ki oko\u0142o 170 wystawcom oraz imponuj\u0105cej liczbie go\u015bci zainteresowanych nakryciami g\u0142owy, dodatkami i innymi wyrobami ze sk\u00f3r i futer, przedstawiciele Saga Furs mieli \u015bwietn\u0105 okazj\u0119, aby zainspirowa\u0107 odwiedzaj\u0105cych szerok\u0105 gam\u0105 przeznaczonych na aukcje futer, a tak\u017ce podzieli\u0107 si\u0119 wiedz\u0105 fachow\u0105 dotycz\u0105c\u0105 ka\u017cdego etapu \u0142a\u0144cucha dostaw.<\/p>\n<p><strong>Szkolenia utalentowanych projektant\u00f3w futer s\u0105 cennym wk\u0142adem w rozw\u00f3j rosyjskiej bran\u017cy futrzarskiej<\/strong><\/p>\n<p>Studenci wzornictwa i m\u0142odzi projektanci stawiaj\u0105cy pierwsze kroki w zawodzie przejawiali szczeg\u00f3lne zainteresowanie inspiruj\u0105cymi nowatorskimi technikami obr\u00f3bki futer, kt\u00f3rych przyk\u0142ady mogli obejrze\u0107 na stoisku Saga Furs.<\/p>\n<p>Od ponad 15 lat Saga wsp\u00f3\u0142pracuje ze Szko\u0142\u0105 Wzornictwa w Omsku, a niewiele kr\u00f3cej z petersbursk\u0105 Akademi\u0105 Sztuki i Wzornictwa imienia barona Stieglitza. Saga Furs przeprowadza w szko\u0142ach konkursy, pokazy sprz\u0119tu i wyk\u0142ady. Nagrod\u0105 dla najbardziej kreatywnych student\u00f3w jest mo\u017cliwo\u015b\u0107 uczestniczenia w cennych szkoleniach prowadzonych w Centrum Projektowym Saga Furs, podczas kt\u00f3rych pracownicy firmy pomagaj\u0105 studentom zrealizowa\u0107 ich pomys\u0142y. Podczas targ\u00f3w zosta\u0142y zaprezentowane studenckie kolekcje stworzone pod kierunkiem specjalist\u00f3w z Saga Furs.<\/p>\n","protected":false},"excerpt":{"rendered":"<p>Saga Furs by\u0142a jedyn\u0105 firm\u0105 prowadz\u0105c\u0105 aukcje futer, kt\u00f3ra mia\u0142a swoje stoisko podczas tegorocznych targ\u00f3w \u201eChapeau\u201d. Impreza targowa odby\u0142a si\u0119 w dniach 17-20 sierpnia br. w budynku Gostiny Dvor w Moskwie. O\u017cywiony ruch podczas targ\u00f3w odzwierciedla\u0142 optymizm panuj\u0105cy na rosyjskim rynku pomimo pewnego spowolnienia zaobserwowanego w ostatnich latach. \u201eNasze stoisko jest zawsze platform\u0105 umo\u017cliwiaj\u0105c\u0105 spotkanie<a class=\"excerpt-read-more\" href=\"https:\/\/www.sagafurs.com\/pl\/firma\/wiadomo\u015bci\/saga-furs-w-centrum-uwagi-podczas-15-dorocznych-targow-chapeau\/\" title=\"Czytaj dalejSaga Furs w centrum uwagi podczas 15. dorocznych targ\u00f3w \u201eChapeau\u201d\">Czytaj dalej &raquo;<\/a><\/p>\n","protected":false},"featured_media":0,"template":"","class_list":["post-164802","news","type-news","status-publish","hentry","news_category-corporate-pl"],"acf":[],"yoast_head":"<!-- This site is optimized with the Yoast SEO plugin v27.4 - https:\/\/yoast.com\/product\/yoast-seo-wordpress\/ -->\n<title>Saga Furs w centrum uwagi podczas 15. dorocznych targ\u00f3w \u201eChapeau\u201d - Sagafurs<\/title>\n<meta name=\"robots\" content=\"index, follow, max-snippet:-1, max-image-preview:large, max-video-preview:-1\" \/>\n<link rel=\"canonical\" href=\"https:\/\/www.sagafurs.com\/pl\/firma\/wiadomo\u015bci\/saga-furs-w-centrum-uwagi-podczas-15-dorocznych-targow-chapeau\/\" \/>\n<meta property=\"og:locale\" content=\"pl_PL\" \/>\n<meta property=\"og:type\" content=\"article\" \/>\n<meta property=\"og:title\" content=\"Saga Furs w centrum uwagi podczas 15. dorocznych targ\u00f3w \u201eChapeau\u201d - Sagafurs\" \/>\n<meta property=\"og:description\" content=\"Saga Furs by\u0142a jedyn\u0105 firm\u0105 prowadz\u0105c\u0105 aukcje futer, kt\u00f3ra mia\u0142a swoje stoisko podczas tegorocznych targ\u00f3w \u201eChapeau\u201d. Impreza targowa odby\u0142a si\u0119 w dniach 17-20 sierpnia br. w budynku Gostiny Dvor w Moskwie. O\u017cywiony ruch podczas targ\u00f3w odzwierciedla\u0142 optymizm panuj\u0105cy na rosyjskim rynku pomimo pewnego spowolnienia zaobserwowanego w ostatnich latach. \u201eNasze stoisko jest zawsze platform\u0105 umo\u017cliwiaj\u0105c\u0105 spotkanieCzytaj dalej &raquo;\" \/>\n<meta property=\"og:url\" content=\"https:\/\/www.sagafurs.com\/pl\/firma\/wiadomo\u015bci\/saga-furs-w-centrum-uwagi-podczas-15-dorocznych-targow-chapeau\/\" \/>\n<meta property=\"og:site_name\" content=\"Sagafurs\" \/>\n<meta name=\"twitter:card\" content=\"summary_large_image\" \/>\n<meta name=\"twitter:label1\" content=\"Szacowany czas czytania\" \/>\n\t<meta name=\"twitter:data1\" content=\"1 minuta\" \/>\n<script type=\"application\/ld+json\" class=\"yoast-schema-graph\">{\"@context\":\"https:\\\/\\\/schema.org\",\"@graph\":[{\"@type\":\"WebPage\",\"@id\":\"https:\\\/\\\/www.sagafurs.com\\\/pl\\\/firma\\\/wiadomo\u015bci\\\/saga-furs-w-centrum-uwagi-podczas-15-dorocznych-targow-chapeau\\\/\",\"url\":\"https:\\\/\\\/www.sagafurs.com\\\/pl\\\/firma\\\/wiadomo\u015bci\\\/saga-furs-w-centrum-uwagi-podczas-15-dorocznych-targow-chapeau\\\/\",\"name\":\"Saga Furs w centrum uwagi podczas 15. dorocznych targ\u00f3w \u201eChapeau\u201d - Sagafurs\",\"isPartOf\":{\"@id\":\"https:\\\/\\\/www.sagafurs.com\\\/#website\"},\"datePublished\":\"2017-09-11T12:05:53+00:00\",\"breadcrumb\":{\"@id\":\"https:\\\/\\\/www.sagafurs.com\\\/pl\\\/firma\\\/wiadomo\u015bci\\\/saga-furs-w-centrum-uwagi-podczas-15-dorocznych-targow-chapeau\\\/#breadcrumb\"},\"inLanguage\":\"pl-PL\",\"potentialAction\":[{\"@type\":\"ReadAction\",\"target\":[\"https:\\\/\\\/www.sagafurs.com\\\/pl\\\/firma\\\/wiadomo\u015bci\\\/saga-furs-w-centrum-uwagi-podczas-15-dorocznych-targow-chapeau\\\/\"]}]},{\"@type\":\"BreadcrumbList\",\"@id\":\"https:\\\/\\\/www.sagafurs.com\\\/pl\\\/firma\\\/wiadomo\u015bci\\\/saga-furs-w-centrum-uwagi-podczas-15-dorocznych-targow-chapeau\\\/#breadcrumb\",\"itemListElement\":[{\"@type\":\"ListItem\",\"position\":1,\"name\":\"Home\",\"item\":\"https:\\\/\\\/www.sagafurs.com\\\/pl\\\/\"},{\"@type\":\"ListItem\",\"position\":2,\"name\":\"Saga Furs w centrum uwagi podczas 15. dorocznych targ\u00f3w \u201eChapeau\u201d\"}]},{\"@type\":\"WebSite\",\"@id\":\"https:\\\/\\\/www.sagafurs.com\\\/#website\",\"url\":\"https:\\\/\\\/www.sagafurs.com\\\/\",\"name\":\"Sagafurs\",\"description\":\"Sagafurs\",\"potentialAction\":[{\"@type\":\"SearchAction\",\"target\":{\"@type\":\"EntryPoint\",\"urlTemplate\":\"https:\\\/\\\/www.sagafurs.com\\\/?s={search_term_string}\"},\"query-input\":{\"@type\":\"PropertyValueSpecification\",\"valueRequired\":true,\"valueName\":\"search_term_string\"}}],\"inLanguage\":\"pl-PL\"}]}<\/script>\n<!-- \/ Yoast SEO plugin. -->","yoast_head_json":{"title":"Saga Furs w centrum uwagi podczas 15. dorocznych targ\u00f3w \u201eChapeau\u201d - Sagafurs","robots":{"index":"index","follow":"follow","max-snippet":"max-snippet:-1","max-image-preview":"max-image-preview:large","max-video-preview":"max-video-preview:-1"},"canonical":"https:\/\/www.sagafurs.com\/pl\/firma\/wiadomo\u015bci\/saga-furs-w-centrum-uwagi-podczas-15-dorocznych-targow-chapeau\/","og_locale":"pl_PL","og_type":"article","og_title":"Saga Furs w centrum uwagi podczas 15. dorocznych targ\u00f3w \u201eChapeau\u201d - Sagafurs","og_description":"Saga Furs by\u0142a jedyn\u0105 firm\u0105 prowadz\u0105c\u0105 aukcje futer, kt\u00f3ra mia\u0142a swoje stoisko podczas tegorocznych targ\u00f3w \u201eChapeau\u201d. Impreza targowa odby\u0142a si\u0119 w dniach 17-20 sierpnia br. w budynku Gostiny Dvor w Moskwie. O\u017cywiony ruch podczas targ\u00f3w odzwierciedla\u0142 optymizm panuj\u0105cy na rosyjskim rynku pomimo pewnego spowolnienia zaobserwowanego w ostatnich latach. \u201eNasze stoisko jest zawsze platform\u0105 umo\u017cliwiaj\u0105c\u0105 spotkanieCzytaj dalej &raquo;","og_url":"https:\/\/www.sagafurs.com\/pl\/firma\/wiadomo\u015bci\/saga-furs-w-centrum-uwagi-podczas-15-dorocznych-targow-chapeau\/","og_site_name":"Sagafurs","twitter_card":"summary_large_image","twitter_misc":{"Szacowany czas czytania":"1 minuta"},"schema":{"@context":"https:\/\/schema.org","@graph":[{"@type":"WebPage","@id":"https:\/\/www.sagafurs.com\/pl\/firma\/wiadomo\u015bci\/saga-furs-w-centrum-uwagi-podczas-15-dorocznych-targow-chapeau\/","url":"https:\/\/www.sagafurs.com\/pl\/firma\/wiadomo\u015bci\/saga-furs-w-centrum-uwagi-podczas-15-dorocznych-targow-chapeau\/","name":"Saga Furs w centrum uwagi podczas 15. dorocznych targ\u00f3w \u201eChapeau\u201d - Sagafurs","isPartOf":{"@id":"https:\/\/www.sagafurs.com\/#website"},"datePublished":"2017-09-11T12:05:53+00:00","breadcrumb":{"@id":"https:\/\/www.sagafurs.com\/pl\/firma\/wiadomo\u015bci\/saga-furs-w-centrum-uwagi-podczas-15-dorocznych-targow-chapeau\/#breadcrumb"},"inLanguage":"pl-PL","potentialAction":[{"@type":"ReadAction","target":["https:\/\/www.sagafurs.com\/pl\/firma\/wiadomo\u015bci\/saga-furs-w-centrum-uwagi-podczas-15-dorocznych-targow-chapeau\/"]}]},{"@type":"BreadcrumbList","@id":"https:\/\/www.sagafurs.com\/pl\/firma\/wiadomo\u015bci\/saga-furs-w-centrum-uwagi-podczas-15-dorocznych-targow-chapeau\/#breadcrumb","itemListElement":[{"@type":"ListItem","position":1,"name":"Home","item":"https:\/\/www.sagafurs.com\/pl\/"},{"@type":"ListItem","position":2,"name":"Saga Furs w centrum uwagi podczas 15. dorocznych targ\u00f3w \u201eChapeau\u201d"}]},{"@type":"WebSite","@id":"https:\/\/www.sagafurs.com\/#website","url":"https:\/\/www.sagafurs.com\/","name":"Sagafurs","description":"Sagafurs","potentialAction":[{"@type":"SearchAction","target":{"@type":"EntryPoint","urlTemplate":"https:\/\/www.sagafurs.com\/?s={search_term_string}"},"query-input":{"@type":"PropertyValueSpecification","valueRequired":true,"valueName":"search_term_string"}}],"inLanguage":"pl-PL"}]}},"_links":{"self":[{"href":"https:\/\/www.sagafurs.com\/pl\/wp-json\/wp\/v2\/news\/164802","targetHints":{"allow":["GET"]}}],"collection":[{"href":"https:\/\/www.sagafurs.com\/pl\/wp-json\/wp\/v2\/news"}],"about":[{"href":"https:\/\/www.sagafurs.com\/pl\/wp-json\/wp\/v2\/types\/news"}],"version-history":[{"count":0,"href":"https:\/\/www.sagafurs.com\/pl\/wp-json\/wp\/v2\/news\/164802\/revisions"}],"wp:attachment":[{"href":"https:\/\/www.sagafurs.com\/pl\/wp-json\/wp\/v2\/media?parent=164802"}],"curies":[{"name":"wp","href":"https:\/\/api.w.org\/{rel}","templated":true}]}}