{"id":166257,"date":"2017-12-22T07:29:51","date_gmt":"2017-12-22T06:29:51","guid":{"rendered":"https:\/\/www.sagafurs.com\/?post_type=news&#038;p=166257\/"},"modified":"2017-12-22T07:29:51","modified_gmt":"2017-12-22T06:29:51","slug":"zakonczenie-aukcji-grudniowej-sprzedaza-lisow-niebieskich","status":"publish","type":"news","link":"https:\/\/www.sagafurs.com\/pl\/firma\/wiadomo\u015bci\/zakonczenie-aukcji-grudniowej-sprzedaza-lisow-niebieskich\/","title":{"rendered":"Zako\u0144czenie aukcji grudniowej sprzeda\u017c\u0105 lis\u00f3w niebieskich"},"content":{"rendered":"<p>Grudniowa aukcja Saga Furs, b\u0119d\u0105ca pierwsz\u0105 aukcj\u0105 sezonu, zosta\u0142a dzisiaj zako\u0144czona sprzeda\u017c\u0105 sk\u00f3r lis\u00f3w niebieskich i cienistych. Oferta lis\u00f3w niebieskich<\/p>\n<p>Saga\u00ae zosta\u0142a sprzedana w 55% po cenach 5-10% ni\u017cszych, lis\u00f3w cienistych w 85% po cenach aukcji wrze\u015bniowej. Dzisiejsza oferta lis\u00f3w zosta\u0142a zakupiona na rynek europejski, do Korei, Turcji i Rosji. W aukcji uczestniczy\u0142o 250 kupc\u00f3w.<\/p>\n<p>Nast\u0119pna aukcja Saga Furs odb\u0119dzie si\u0119 w dniach 7-13.3.2018 wsp\u00f3lnie z Fur Harvesters Inc.<\/p>\n<p>Dzi\u0119kujemy wszystkim kupcom za wsparcie w czasie aukcji i \u017cyczymy \u00a0weso\u0142ych Swi\u0105t Bo\u017cego Narodzenia oraz szcz\u0119\u015bliwego Nowego Roku.<\/p>\n","protected":false},"excerpt":{"rendered":"<p>Grudniowa aukcja Saga Furs, b\u0119d\u0105ca pierwsz\u0105 aukcj\u0105 sezonu, zosta\u0142a dzisiaj zako\u0144czona sprzeda\u017c\u0105 sk\u00f3r lis\u00f3w niebieskich i cienistych. Oferta lis\u00f3w niebieskich Saga\u00ae zosta\u0142a sprzedana w 55% po cenach 5-10% ni\u017cszych, lis\u00f3w cienistych w 85% po cenach aukcji wrze\u015bniowej. Dzisiejsza oferta lis\u00f3w zosta\u0142a zakupiona na rynek europejski, do Korei, Turcji i Rosji. W aukcji uczestniczy\u0142o 250 kupc\u00f3w.<a class=\"excerpt-read-more\" href=\"https:\/\/www.sagafurs.com\/pl\/firma\/wiadomo\u015bci\/zakonczenie-aukcji-grudniowej-sprzedaza-lisow-niebieskich\/\" title=\"Czytaj dalejZako\u0144czenie aukcji grudniowej sprzeda\u017c\u0105 lis\u00f3w niebieskich\">Czytaj dalej &raquo;<\/a><\/p>\n","protected":false},"featured_media":0,"template":"","class_list":["post-166257","news","type-news","status-publish","hentry","news_category-auction-pl","news_category-corporate-pl"],"acf":[],"yoast_head":"<!-- This site is optimized with the Yoast SEO plugin v27.4 - https:\/\/yoast.com\/product\/yoast-seo-wordpress\/ -->\n<title>Zako\u0144czenie aukcji grudniowej sprzeda\u017c\u0105 lis\u00f3w niebieskich - Sagafurs<\/title>\n<meta name=\"robots\" content=\"index, follow, max-snippet:-1, max-image-preview:large, max-video-preview:-1\" \/>\n<link rel=\"canonical\" href=\"https:\/\/www.sagafurs.com\/pl\/firma\/wiadomo\u015bci\/zakonczenie-aukcji-grudniowej-sprzedaza-lisow-niebieskich\/\" \/>\n<meta property=\"og:locale\" content=\"pl_PL\" \/>\n<meta property=\"og:type\" content=\"article\" \/>\n<meta property=\"og:title\" content=\"Zako\u0144czenie aukcji grudniowej sprzeda\u017c\u0105 lis\u00f3w niebieskich - Sagafurs\" \/>\n<meta property=\"og:description\" content=\"Grudniowa aukcja Saga Furs, b\u0119d\u0105ca pierwsz\u0105 aukcj\u0105 sezonu, zosta\u0142a dzisiaj zako\u0144czona sprzeda\u017c\u0105 sk\u00f3r lis\u00f3w niebieskich i cienistych. Oferta lis\u00f3w niebieskich Saga\u00ae zosta\u0142a sprzedana w 55% po cenach 5-10% ni\u017cszych, lis\u00f3w cienistych w 85% po cenach aukcji wrze\u015bniowej. Dzisiejsza oferta lis\u00f3w zosta\u0142a zakupiona na rynek europejski, do Korei, Turcji i Rosji. W aukcji uczestniczy\u0142o 250 kupc\u00f3w.Czytaj dalej &raquo;\" \/>\n<meta property=\"og:url\" content=\"https:\/\/www.sagafurs.com\/pl\/firma\/wiadomo\u015bci\/zakonczenie-aukcji-grudniowej-sprzedaza-lisow-niebieskich\/\" \/>\n<meta property=\"og:site_name\" content=\"Sagafurs\" \/>\n<meta name=\"twitter:card\" content=\"summary_large_image\" \/>\n<meta name=\"twitter:label1\" content=\"Szacowany czas czytania\" \/>\n\t<meta name=\"twitter:data1\" content=\"1 minuta\" \/>\n<script type=\"application\/ld+json\" class=\"yoast-schema-graph\">{\"@context\":\"https:\\\/\\\/schema.org\",\"@graph\":[{\"@type\":\"WebPage\",\"@id\":\"https:\\\/\\\/www.sagafurs.com\\\/pl\\\/firma\\\/wiadomo\u015bci\\\/zakonczenie-aukcji-grudniowej-sprzedaza-lisow-niebieskich\\\/\",\"url\":\"https:\\\/\\\/www.sagafurs.com\\\/pl\\\/firma\\\/wiadomo\u015bci\\\/zakonczenie-aukcji-grudniowej-sprzedaza-lisow-niebieskich\\\/\",\"name\":\"Zako\u0144czenie aukcji grudniowej sprzeda\u017c\u0105 lis\u00f3w niebieskich - Sagafurs\",\"isPartOf\":{\"@id\":\"https:\\\/\\\/www.sagafurs.com\\\/#website\"},\"datePublished\":\"2017-12-22T06:29:51+00:00\",\"breadcrumb\":{\"@id\":\"https:\\\/\\\/www.sagafurs.com\\\/pl\\\/firma\\\/wiadomo\u015bci\\\/zakonczenie-aukcji-grudniowej-sprzedaza-lisow-niebieskich\\\/#breadcrumb\"},\"inLanguage\":\"pl-PL\",\"potentialAction\":[{\"@type\":\"ReadAction\",\"target\":[\"https:\\\/\\\/www.sagafurs.com\\\/pl\\\/firma\\\/wiadomo\u015bci\\\/zakonczenie-aukcji-grudniowej-sprzedaza-lisow-niebieskich\\\/\"]}]},{\"@type\":\"BreadcrumbList\",\"@id\":\"https:\\\/\\\/www.sagafurs.com\\\/pl\\\/firma\\\/wiadomo\u015bci\\\/zakonczenie-aukcji-grudniowej-sprzedaza-lisow-niebieskich\\\/#breadcrumb\",\"itemListElement\":[{\"@type\":\"ListItem\",\"position\":1,\"name\":\"Home\",\"item\":\"https:\\\/\\\/www.sagafurs.com\\\/pl\\\/\"},{\"@type\":\"ListItem\",\"position\":2,\"name\":\"Zako\u0144czenie aukcji grudniowej sprzeda\u017c\u0105 lis\u00f3w niebieskich\"}]},{\"@type\":\"WebSite\",\"@id\":\"https:\\\/\\\/www.sagafurs.com\\\/#website\",\"url\":\"https:\\\/\\\/www.sagafurs.com\\\/\",\"name\":\"Sagafurs\",\"description\":\"Sagafurs\",\"potentialAction\":[{\"@type\":\"SearchAction\",\"target\":{\"@type\":\"EntryPoint\",\"urlTemplate\":\"https:\\\/\\\/www.sagafurs.com\\\/?s={search_term_string}\"},\"query-input\":{\"@type\":\"PropertyValueSpecification\",\"valueRequired\":true,\"valueName\":\"search_term_string\"}}],\"inLanguage\":\"pl-PL\"}]}<\/script>\n<!-- \/ Yoast SEO plugin. -->","yoast_head_json":{"title":"Zako\u0144czenie aukcji grudniowej sprzeda\u017c\u0105 lis\u00f3w niebieskich - Sagafurs","robots":{"index":"index","follow":"follow","max-snippet":"max-snippet:-1","max-image-preview":"max-image-preview:large","max-video-preview":"max-video-preview:-1"},"canonical":"https:\/\/www.sagafurs.com\/pl\/firma\/wiadomo\u015bci\/zakonczenie-aukcji-grudniowej-sprzedaza-lisow-niebieskich\/","og_locale":"pl_PL","og_type":"article","og_title":"Zako\u0144czenie aukcji grudniowej sprzeda\u017c\u0105 lis\u00f3w niebieskich - Sagafurs","og_description":"Grudniowa aukcja Saga Furs, b\u0119d\u0105ca pierwsz\u0105 aukcj\u0105 sezonu, zosta\u0142a dzisiaj zako\u0144czona sprzeda\u017c\u0105 sk\u00f3r lis\u00f3w niebieskich i cienistych. Oferta lis\u00f3w niebieskich Saga\u00ae zosta\u0142a sprzedana w 55% po cenach 5-10% ni\u017cszych, lis\u00f3w cienistych w 85% po cenach aukcji wrze\u015bniowej. Dzisiejsza oferta lis\u00f3w zosta\u0142a zakupiona na rynek europejski, do Korei, Turcji i Rosji. W aukcji uczestniczy\u0142o 250 kupc\u00f3w.Czytaj dalej &raquo;","og_url":"https:\/\/www.sagafurs.com\/pl\/firma\/wiadomo\u015bci\/zakonczenie-aukcji-grudniowej-sprzedaza-lisow-niebieskich\/","og_site_name":"Sagafurs","twitter_card":"summary_large_image","twitter_misc":{"Szacowany czas czytania":"1 minuta"},"schema":{"@context":"https:\/\/schema.org","@graph":[{"@type":"WebPage","@id":"https:\/\/www.sagafurs.com\/pl\/firma\/wiadomo\u015bci\/zakonczenie-aukcji-grudniowej-sprzedaza-lisow-niebieskich\/","url":"https:\/\/www.sagafurs.com\/pl\/firma\/wiadomo\u015bci\/zakonczenie-aukcji-grudniowej-sprzedaza-lisow-niebieskich\/","name":"Zako\u0144czenie aukcji grudniowej sprzeda\u017c\u0105 lis\u00f3w niebieskich - Sagafurs","isPartOf":{"@id":"https:\/\/www.sagafurs.com\/#website"},"datePublished":"2017-12-22T06:29:51+00:00","breadcrumb":{"@id":"https:\/\/www.sagafurs.com\/pl\/firma\/wiadomo\u015bci\/zakonczenie-aukcji-grudniowej-sprzedaza-lisow-niebieskich\/#breadcrumb"},"inLanguage":"pl-PL","potentialAction":[{"@type":"ReadAction","target":["https:\/\/www.sagafurs.com\/pl\/firma\/wiadomo\u015bci\/zakonczenie-aukcji-grudniowej-sprzedaza-lisow-niebieskich\/"]}]},{"@type":"BreadcrumbList","@id":"https:\/\/www.sagafurs.com\/pl\/firma\/wiadomo\u015bci\/zakonczenie-aukcji-grudniowej-sprzedaza-lisow-niebieskich\/#breadcrumb","itemListElement":[{"@type":"ListItem","position":1,"name":"Home","item":"https:\/\/www.sagafurs.com\/pl\/"},{"@type":"ListItem","position":2,"name":"Zako\u0144czenie aukcji grudniowej sprzeda\u017c\u0105 lis\u00f3w niebieskich"}]},{"@type":"WebSite","@id":"https:\/\/www.sagafurs.com\/#website","url":"https:\/\/www.sagafurs.com\/","name":"Sagafurs","description":"Sagafurs","potentialAction":[{"@type":"SearchAction","target":{"@type":"EntryPoint","urlTemplate":"https:\/\/www.sagafurs.com\/?s={search_term_string}"},"query-input":{"@type":"PropertyValueSpecification","valueRequired":true,"valueName":"search_term_string"}}],"inLanguage":"pl-PL"}]}},"_links":{"self":[{"href":"https:\/\/www.sagafurs.com\/pl\/wp-json\/wp\/v2\/news\/166257","targetHints":{"allow":["GET"]}}],"collection":[{"href":"https:\/\/www.sagafurs.com\/pl\/wp-json\/wp\/v2\/news"}],"about":[{"href":"https:\/\/www.sagafurs.com\/pl\/wp-json\/wp\/v2\/types\/news"}],"version-history":[{"count":0,"href":"https:\/\/www.sagafurs.com\/pl\/wp-json\/wp\/v2\/news\/166257\/revisions"}],"wp:attachment":[{"href":"https:\/\/www.sagafurs.com\/pl\/wp-json\/wp\/v2\/media?parent=166257"}],"curies":[{"name":"wp","href":"https:\/\/api.w.org\/{rel}","templated":true}]}}