{"id":167335,"date":"2018-03-08T11:38:01","date_gmt":"2018-03-08T10:38:01","guid":{"rendered":"https:\/\/www.sagafurs.com\/?post_type=news&#038;p=167335\/"},"modified":"2018-03-08T11:38:01","modified_gmt":"2018-03-08T10:38:01","slug":"rozpoczecie-aukcji-marcowej-wyzszymi-cenami-lisow-srebrzystych","status":"publish","type":"news","link":"https:\/\/www.sagafurs.com\/pl\/firma\/wiadomo\u015bci\/rozpoczecie-aukcji-marcowej-wyzszymi-cenami-lisow-srebrzystych\/","title":{"rendered":"Rozpocz\u0119cie aukcji marcowej wy\u017cszymi cenami lis\u00f3w srebrzystych"},"content":{"rendered":"<p>Aukcja marcowa Saga Furs rozpocz\u0119\u0142a si\u0119 pozytywnie. W pe\u0142nej sali aukcyjnej kupcy brali aktywny udzia\u0142 w licytacji sk\u00f3r jenocich i lisa srebrzystego kolekcji Saga\u00ae. Ceny sk\u00f3r lis\u00f3w srebrzystych wzros\u0142y 10% w por\u00f3wnaniu do notowa\u0144 grudniowych.Prawie ca\u0142a oferta zosta\u0142a zakupiona przez europejski przemys\u0142 mody i na rynek Rosji, Grecji i Turcji. Lisy krzy\u017c\u00f3wki sprzedano po wzrastaj\u0105cych cenach do Korei i na rynek europejski.<\/p>\n<p>Sk\u00f3ry jenot\u00f3w zosta\u0142y zakupione g\u0142\u00f3wnie przez europejski przemys\u0142 mody, z silnym wsparciem ze strony Rosji i Korei,po cenach ostatnich notowa\u0144.Aukcja b\u0119dzie kontynuowana jutro sprzeda\u017c\u0105 lis\u00f3w niebieskich, cienistych i innych typ\u00f3w lis\u00f3w. Aukcja zako\u0144czy si\u0119 13 marca.<\/p>\n","protected":false},"excerpt":{"rendered":"<p>Aukcja marcowa Saga Furs rozpocz\u0119\u0142a si\u0119 pozytywnie. W pe\u0142nej sali aukcyjnej kupcy brali aktywny udzia\u0142 w licytacji sk\u00f3r jenocich i lisa srebrzystego kolekcji Saga\u00ae. Ceny sk\u00f3r lis\u00f3w srebrzystych wzros\u0142y 10% w por\u00f3wnaniu do notowa\u0144 grudniowych.Prawie ca\u0142a oferta zosta\u0142a zakupiona przez europejski przemys\u0142 mody i na rynek Rosji, Grecji i Turcji. Lisy krzy\u017c\u00f3wki sprzedano po wzrastaj\u0105cych<a class=\"excerpt-read-more\" href=\"https:\/\/www.sagafurs.com\/pl\/firma\/wiadomo\u015bci\/rozpoczecie-aukcji-marcowej-wyzszymi-cenami-lisow-srebrzystych\/\" title=\"Czytaj dalejRozpocz\u0119cie aukcji marcowej wy\u017cszymi cenami lis\u00f3w srebrzystych\">Czytaj dalej &raquo;<\/a><\/p>\n","protected":false},"featured_media":0,"template":"","class_list":["post-167335","news","type-news","status-publish","hentry"],"acf":[],"yoast_head":"<!-- This site is optimized with the Yoast SEO plugin v27.4 - https:\/\/yoast.com\/product\/yoast-seo-wordpress\/ -->\n<title>Rozpocz\u0119cie aukcji marcowej wy\u017cszymi cenami lis\u00f3w srebrzystych - Sagafurs<\/title>\n<meta name=\"robots\" content=\"index, follow, max-snippet:-1, max-image-preview:large, max-video-preview:-1\" \/>\n<link rel=\"canonical\" href=\"https:\/\/www.sagafurs.com\/pl\/firma\/wiadomo\u015bci\/rozpoczecie-aukcji-marcowej-wyzszymi-cenami-lisow-srebrzystych\/\" \/>\n<meta property=\"og:locale\" content=\"pl_PL\" \/>\n<meta property=\"og:type\" content=\"article\" \/>\n<meta property=\"og:title\" content=\"Rozpocz\u0119cie aukcji marcowej wy\u017cszymi cenami lis\u00f3w srebrzystych - Sagafurs\" \/>\n<meta property=\"og:description\" content=\"Aukcja marcowa Saga Furs rozpocz\u0119\u0142a si\u0119 pozytywnie. W pe\u0142nej sali aukcyjnej kupcy brali aktywny udzia\u0142 w licytacji sk\u00f3r jenocich i lisa srebrzystego kolekcji Saga\u00ae. Ceny sk\u00f3r lis\u00f3w srebrzystych wzros\u0142y 10% w por\u00f3wnaniu do notowa\u0144 grudniowych.Prawie ca\u0142a oferta zosta\u0142a zakupiona przez europejski przemys\u0142 mody i na rynek Rosji, Grecji i Turcji. Lisy krzy\u017c\u00f3wki sprzedano po wzrastaj\u0105cychCzytaj dalej &raquo;\" \/>\n<meta property=\"og:url\" content=\"https:\/\/www.sagafurs.com\/pl\/firma\/wiadomo\u015bci\/rozpoczecie-aukcji-marcowej-wyzszymi-cenami-lisow-srebrzystych\/\" \/>\n<meta property=\"og:site_name\" content=\"Sagafurs\" \/>\n<meta name=\"twitter:card\" content=\"summary_large_image\" \/>\n<meta name=\"twitter:label1\" content=\"Szacowany czas czytania\" \/>\n\t<meta name=\"twitter:data1\" content=\"1 minuta\" \/>\n<script type=\"application\/ld+json\" class=\"yoast-schema-graph\">{\"@context\":\"https:\\\/\\\/schema.org\",\"@graph\":[{\"@type\":\"WebPage\",\"@id\":\"https:\\\/\\\/www.sagafurs.com\\\/pl\\\/firma\\\/wiadomo\u015bci\\\/rozpoczecie-aukcji-marcowej-wyzszymi-cenami-lisow-srebrzystych\\\/\",\"url\":\"https:\\\/\\\/www.sagafurs.com\\\/pl\\\/firma\\\/wiadomo\u015bci\\\/rozpoczecie-aukcji-marcowej-wyzszymi-cenami-lisow-srebrzystych\\\/\",\"name\":\"Rozpocz\u0119cie aukcji marcowej wy\u017cszymi cenami lis\u00f3w srebrzystych - Sagafurs\",\"isPartOf\":{\"@id\":\"https:\\\/\\\/www.sagafurs.com\\\/#website\"},\"datePublished\":\"2018-03-08T10:38:01+00:00\",\"breadcrumb\":{\"@id\":\"https:\\\/\\\/www.sagafurs.com\\\/pl\\\/firma\\\/wiadomo\u015bci\\\/rozpoczecie-aukcji-marcowej-wyzszymi-cenami-lisow-srebrzystych\\\/#breadcrumb\"},\"inLanguage\":\"pl-PL\",\"potentialAction\":[{\"@type\":\"ReadAction\",\"target\":[\"https:\\\/\\\/www.sagafurs.com\\\/pl\\\/firma\\\/wiadomo\u015bci\\\/rozpoczecie-aukcji-marcowej-wyzszymi-cenami-lisow-srebrzystych\\\/\"]}]},{\"@type\":\"BreadcrumbList\",\"@id\":\"https:\\\/\\\/www.sagafurs.com\\\/pl\\\/firma\\\/wiadomo\u015bci\\\/rozpoczecie-aukcji-marcowej-wyzszymi-cenami-lisow-srebrzystych\\\/#breadcrumb\",\"itemListElement\":[{\"@type\":\"ListItem\",\"position\":1,\"name\":\"Home\",\"item\":\"https:\\\/\\\/www.sagafurs.com\\\/pl\\\/\"},{\"@type\":\"ListItem\",\"position\":2,\"name\":\"Rozpocz\u0119cie aukcji marcowej wy\u017cszymi cenami lis\u00f3w srebrzystych\"}]},{\"@type\":\"WebSite\",\"@id\":\"https:\\\/\\\/www.sagafurs.com\\\/#website\",\"url\":\"https:\\\/\\\/www.sagafurs.com\\\/\",\"name\":\"Sagafurs\",\"description\":\"Sagafurs\",\"potentialAction\":[{\"@type\":\"SearchAction\",\"target\":{\"@type\":\"EntryPoint\",\"urlTemplate\":\"https:\\\/\\\/www.sagafurs.com\\\/?s={search_term_string}\"},\"query-input\":{\"@type\":\"PropertyValueSpecification\",\"valueRequired\":true,\"valueName\":\"search_term_string\"}}],\"inLanguage\":\"pl-PL\"}]}<\/script>\n<!-- \/ Yoast SEO plugin. -->","yoast_head_json":{"title":"Rozpocz\u0119cie aukcji marcowej wy\u017cszymi cenami lis\u00f3w srebrzystych - Sagafurs","robots":{"index":"index","follow":"follow","max-snippet":"max-snippet:-1","max-image-preview":"max-image-preview:large","max-video-preview":"max-video-preview:-1"},"canonical":"https:\/\/www.sagafurs.com\/pl\/firma\/wiadomo\u015bci\/rozpoczecie-aukcji-marcowej-wyzszymi-cenami-lisow-srebrzystych\/","og_locale":"pl_PL","og_type":"article","og_title":"Rozpocz\u0119cie aukcji marcowej wy\u017cszymi cenami lis\u00f3w srebrzystych - Sagafurs","og_description":"Aukcja marcowa Saga Furs rozpocz\u0119\u0142a si\u0119 pozytywnie. W pe\u0142nej sali aukcyjnej kupcy brali aktywny udzia\u0142 w licytacji sk\u00f3r jenocich i lisa srebrzystego kolekcji Saga\u00ae. Ceny sk\u00f3r lis\u00f3w srebrzystych wzros\u0142y 10% w por\u00f3wnaniu do notowa\u0144 grudniowych.Prawie ca\u0142a oferta zosta\u0142a zakupiona przez europejski przemys\u0142 mody i na rynek Rosji, Grecji i Turcji. Lisy krzy\u017c\u00f3wki sprzedano po wzrastaj\u0105cychCzytaj dalej &raquo;","og_url":"https:\/\/www.sagafurs.com\/pl\/firma\/wiadomo\u015bci\/rozpoczecie-aukcji-marcowej-wyzszymi-cenami-lisow-srebrzystych\/","og_site_name":"Sagafurs","twitter_card":"summary_large_image","twitter_misc":{"Szacowany czas czytania":"1 minuta"},"schema":{"@context":"https:\/\/schema.org","@graph":[{"@type":"WebPage","@id":"https:\/\/www.sagafurs.com\/pl\/firma\/wiadomo\u015bci\/rozpoczecie-aukcji-marcowej-wyzszymi-cenami-lisow-srebrzystych\/","url":"https:\/\/www.sagafurs.com\/pl\/firma\/wiadomo\u015bci\/rozpoczecie-aukcji-marcowej-wyzszymi-cenami-lisow-srebrzystych\/","name":"Rozpocz\u0119cie aukcji marcowej wy\u017cszymi cenami lis\u00f3w srebrzystych - Sagafurs","isPartOf":{"@id":"https:\/\/www.sagafurs.com\/#website"},"datePublished":"2018-03-08T10:38:01+00:00","breadcrumb":{"@id":"https:\/\/www.sagafurs.com\/pl\/firma\/wiadomo\u015bci\/rozpoczecie-aukcji-marcowej-wyzszymi-cenami-lisow-srebrzystych\/#breadcrumb"},"inLanguage":"pl-PL","potentialAction":[{"@type":"ReadAction","target":["https:\/\/www.sagafurs.com\/pl\/firma\/wiadomo\u015bci\/rozpoczecie-aukcji-marcowej-wyzszymi-cenami-lisow-srebrzystych\/"]}]},{"@type":"BreadcrumbList","@id":"https:\/\/www.sagafurs.com\/pl\/firma\/wiadomo\u015bci\/rozpoczecie-aukcji-marcowej-wyzszymi-cenami-lisow-srebrzystych\/#breadcrumb","itemListElement":[{"@type":"ListItem","position":1,"name":"Home","item":"https:\/\/www.sagafurs.com\/pl\/"},{"@type":"ListItem","position":2,"name":"Rozpocz\u0119cie aukcji marcowej wy\u017cszymi cenami lis\u00f3w srebrzystych"}]},{"@type":"WebSite","@id":"https:\/\/www.sagafurs.com\/#website","url":"https:\/\/www.sagafurs.com\/","name":"Sagafurs","description":"Sagafurs","potentialAction":[{"@type":"SearchAction","target":{"@type":"EntryPoint","urlTemplate":"https:\/\/www.sagafurs.com\/?s={search_term_string}"},"query-input":{"@type":"PropertyValueSpecification","valueRequired":true,"valueName":"search_term_string"}}],"inLanguage":"pl-PL"}]}},"_links":{"self":[{"href":"https:\/\/www.sagafurs.com\/pl\/wp-json\/wp\/v2\/news\/167335","targetHints":{"allow":["GET"]}}],"collection":[{"href":"https:\/\/www.sagafurs.com\/pl\/wp-json\/wp\/v2\/news"}],"about":[{"href":"https:\/\/www.sagafurs.com\/pl\/wp-json\/wp\/v2\/types\/news"}],"version-history":[{"count":0,"href":"https:\/\/www.sagafurs.com\/pl\/wp-json\/wp\/v2\/news\/167335\/revisions"}],"wp:attachment":[{"href":"https:\/\/www.sagafurs.com\/pl\/wp-json\/wp\/v2\/media?parent=167335"}],"curies":[{"name":"wp","href":"https:\/\/api.w.org\/{rel}","templated":true}]}}