{"id":161238,"date":"2017-03-02T08:48:46","date_gmt":"2017-03-02T07:48:46","guid":{"rendered":"https:\/\/www.sagafurs.com\/?post_type=news&#038;p=161238\/"},"modified":"2017-03-02T08:48:46","modified_gmt":"2017-03-02T07:48:46","slug":"saga-furs-mycket-synligt-pa-fur-fashion-fair-massan-hongkong","status":"publish","type":"news","link":"https:\/\/www.sagafurs.com\/sv\/bolaget\/nyheter\/saga-furs-mycket-synligt-pa-fur-fashion-fair-massan-hongkong\/","title":{"rendered":"Saga Furs mycket synligt p\u00e5 Fur &#038; Fashion Fair-m\u00e4ssan i Hongkong"},"content":{"rendered":"<p>P\u00e5 \u00e5rets Hong Kong International Fur &amp; Fashion Fair-m\u00e4ssa syntes tecken p\u00e5 att marknaderna \u00e5terh\u00e4mtar sig. Saga Furs m\u00e4ssavdelning \u00e4r en favoritplats f\u00f6r designers och f\u00f6retag som s\u00f6ker nya id\u00e9er \u2013 speciellt nu d\u00e5 framtiden igen ser ljusare ut.<\/p>\n<p>\u201dF\u00f6rtroendet \u00e5terv\u00e4nder helt tydligt inom p\u00e4lshandeln\u201d, kommenterade Saga Furs aff\u00e4rsomr\u00e5desdirekt\u00f6r med ansvar f\u00f6r Asien Samantha Vesala under m\u00e4ssan som p\u00e5gick 16\u201318 februari. \u201dDet var positivt att i \u00e5r se fler bes\u00f6kare fr\u00e5n alla marknader i Hongkong.\u201d<\/p>\n<p>M\u00e4ssan i Hongkong lockar m\u00e5nga internationella f\u00f6retag, och den anses ocks\u00e5 vara det viktigaste forumet f\u00f6r k\u00f6p av p\u00e4lskl\u00e4der och r\u00e5varor av h\u00f6g kvalitet. Det h\u00e4r \u00e5ret bes\u00f6ktes m\u00e4ssan av 4\u00a0800 k\u00f6pare, och utst\u00e4llarna bestod av \u00f6ver 200 fr\u00e5n Hongkongs p\u00e4lshandelsf\u00f6rbund och 13 fr\u00e5n andra l\u00e4nder.<\/p>\n<p><strong>Saga Furs hade en st\u00f6droll vid den inledande modevisningen<\/strong><\/p>\n<p>Vid de viktigaste m\u00e4ssavdelningarna och p\u00e5 Fur Gala-modevisningen visades koncept och tekniker som skapats av Saga Furs, bland annat kombinationer av p\u00e4lsh\u00e5r av olika l\u00e4ngd och \u00f6verg\u00e5ngar fr\u00e5n klippt mink till l\u00e5ngh\u00e5rig r\u00e4v.<\/p>\n<p>Modevisningen s\u00e5gs av 1\u00a0800 internationella k\u00f6pare, som fick se hisnande kreationer av lokala k\u00f6rsn\u00e4rer. M\u00e5nga hade tydligt l\u00e5tit sig inspireras av tekniker fr\u00e5n Saga Furs Design Center.<\/p>\n<p><strong>Saga Furs modell f\u00f6r h\u00e5llbar utveckling \u00e4r en v\u00e4lkommen f\u00f6rdel f\u00f6r hela branschen<\/strong><\/p>\n<p>F\u00f6rdelarna som farmcertifieringen medf\u00f6r \u00e5t b\u00e5de modehusen och konsumenterna samt branschen som helhet diskuterades.<\/p>\n<p>\u201dSaga Furs har st\u00f6tt h\u00e5llbar utveckling redan i \u00e5rtionden. D\u00e4rf\u00f6r \u00e4r vi nu f\u00f6reg\u00e5ngare inom farmcertifiering och v\u00e5ra utbud \u00e4r hundra procent certifierade\u201d, ber\u00e4ttade Samantha Vesala.<\/p>\n<p>M\u00e4ssavdelningens blickf\u00e5ng var Saga Furs gyllene tupp av p\u00e4ls, som symboliserar betydelsen av att ta tillf\u00e4llet i akt under tuppens \u00e5r. Det hade blivit k\u00e4nt bland kunderna att tuppen kommer att \u00f6verl\u00e5tas \u00e5t k\u00f6paren av Top Lot-partiet under auktionen, vilket uppmuntrar till att ge bud.<\/p>\n","protected":false},"excerpt":{"rendered":"<p>P\u00e5 \u00e5rets Hong Kong International Fur &amp; Fashion Fair-m\u00e4ssa syntes tecken p\u00e5 att marknaderna \u00e5terh\u00e4mtar sig. Saga Furs m\u00e4ssavdelning \u00e4r en favoritplats f\u00f6r designers och f\u00f6retag som s\u00f6ker nya id\u00e9er \u2013 speciellt nu d\u00e5 framtiden igen ser ljusare ut. \u201dF\u00f6rtroendet \u00e5terv\u00e4nder helt tydligt inom p\u00e4lshandeln\u201d, kommenterade Saga Furs aff\u00e4rsomr\u00e5desdirekt\u00f6r med ansvar f\u00f6r Asien Samantha Vesala<a class=\"excerpt-read-more\" href=\"https:\/\/www.sagafurs.com\/sv\/bolaget\/nyheter\/saga-furs-mycket-synligt-pa-fur-fashion-fair-massan-hongkong\/\" title=\"L\u00e4sSaga Furs mycket synligt p\u00e5 Fur &#038; Fashion Fair-m\u00e4ssan i Hongkong\">\u2026 L\u00e4s mera &raquo;<\/a><\/p>\n","protected":false},"featured_media":0,"template":"","class_list":["post-161238","news","type-news","status-publish","hentry","news_category-corporate-sv"],"acf":[],"yoast_head":"<!-- This site is optimized with the Yoast SEO plugin v27.4 - https:\/\/yoast.com\/product\/yoast-seo-wordpress\/ -->\n<title>Saga Furs mycket synligt p\u00e5 Fur &amp; Fashion Fair-m\u00e4ssan i Hongkong - Sagafurs<\/title>\n<meta name=\"robots\" content=\"index, follow, max-snippet:-1, max-image-preview:large, max-video-preview:-1\" \/>\n<link rel=\"canonical\" href=\"https:\/\/www.sagafurs.com\/sv\/bolaget\/nyheter\/saga-furs-mycket-synligt-pa-fur-fashion-fair-massan-hongkong\/\" \/>\n<meta property=\"og:locale\" content=\"sv_SE\" \/>\n<meta property=\"og:type\" content=\"article\" \/>\n<meta property=\"og:title\" content=\"Saga Furs mycket synligt p\u00e5 Fur &amp; Fashion Fair-m\u00e4ssan i Hongkong - Sagafurs\" \/>\n<meta property=\"og:description\" content=\"P\u00e5 \u00e5rets Hong Kong International Fur &amp; Fashion Fair-m\u00e4ssa syntes tecken p\u00e5 att marknaderna \u00e5terh\u00e4mtar sig. Saga Furs m\u00e4ssavdelning \u00e4r en favoritplats f\u00f6r designers och f\u00f6retag som s\u00f6ker nya id\u00e9er \u2013 speciellt nu d\u00e5 framtiden igen ser ljusare ut. \u201dF\u00f6rtroendet \u00e5terv\u00e4nder helt tydligt inom p\u00e4lshandeln\u201d, kommenterade Saga Furs aff\u00e4rsomr\u00e5desdirekt\u00f6r med ansvar f\u00f6r Asien Samantha Vesala\u2026 L\u00e4s mera &raquo;\" \/>\n<meta property=\"og:url\" content=\"https:\/\/www.sagafurs.com\/sv\/bolaget\/nyheter\/saga-furs-mycket-synligt-pa-fur-fashion-fair-massan-hongkong\/\" \/>\n<meta property=\"og:site_name\" content=\"Sagafurs\" \/>\n<meta name=\"twitter:card\" content=\"summary_large_image\" \/>\n<meta name=\"twitter:label1\" content=\"Ber\u00e4knad l\u00e4stid\" \/>\n\t<meta name=\"twitter:data1\" content=\"2 minuter\" \/>\n<script type=\"application\/ld+json\" class=\"yoast-schema-graph\">{\"@context\":\"https:\\\/\\\/schema.org\",\"@graph\":[{\"@type\":\"WebPage\",\"@id\":\"https:\\\/\\\/www.sagafurs.com\\\/sv\\\/bolaget\\\/nyheter\\\/saga-furs-mycket-synligt-pa-fur-fashion-fair-massan-hongkong\\\/\",\"url\":\"https:\\\/\\\/www.sagafurs.com\\\/sv\\\/bolaget\\\/nyheter\\\/saga-furs-mycket-synligt-pa-fur-fashion-fair-massan-hongkong\\\/\",\"name\":\"Saga Furs mycket synligt p\u00e5 Fur & Fashion Fair-m\u00e4ssan i Hongkong - Sagafurs\",\"isPartOf\":{\"@id\":\"https:\\\/\\\/www.sagafurs.com\\\/#website\"},\"datePublished\":\"2017-03-02T07:48:46+00:00\",\"breadcrumb\":{\"@id\":\"https:\\\/\\\/www.sagafurs.com\\\/sv\\\/bolaget\\\/nyheter\\\/saga-furs-mycket-synligt-pa-fur-fashion-fair-massan-hongkong\\\/#breadcrumb\"},\"inLanguage\":\"sv-SE\",\"potentialAction\":[{\"@type\":\"ReadAction\",\"target\":[\"https:\\\/\\\/www.sagafurs.com\\\/sv\\\/bolaget\\\/nyheter\\\/saga-furs-mycket-synligt-pa-fur-fashion-fair-massan-hongkong\\\/\"]}]},{\"@type\":\"BreadcrumbList\",\"@id\":\"https:\\\/\\\/www.sagafurs.com\\\/sv\\\/bolaget\\\/nyheter\\\/saga-furs-mycket-synligt-pa-fur-fashion-fair-massan-hongkong\\\/#breadcrumb\",\"itemListElement\":[{\"@type\":\"ListItem\",\"position\":1,\"name\":\"Home\",\"item\":\"https:\\\/\\\/www.sagafurs.com\\\/sv\\\/\"},{\"@type\":\"ListItem\",\"position\":2,\"name\":\"Saga Furs mycket synligt p\u00e5 Fur &#038; Fashion Fair-m\u00e4ssan i Hongkong\"}]},{\"@type\":\"WebSite\",\"@id\":\"https:\\\/\\\/www.sagafurs.com\\\/#website\",\"url\":\"https:\\\/\\\/www.sagafurs.com\\\/\",\"name\":\"Sagafurs\",\"description\":\"Sagafurs\",\"potentialAction\":[{\"@type\":\"SearchAction\",\"target\":{\"@type\":\"EntryPoint\",\"urlTemplate\":\"https:\\\/\\\/www.sagafurs.com\\\/?s={search_term_string}\"},\"query-input\":{\"@type\":\"PropertyValueSpecification\",\"valueRequired\":true,\"valueName\":\"search_term_string\"}}],\"inLanguage\":\"sv-SE\"}]}<\/script>\n<!-- \/ Yoast SEO plugin. -->","yoast_head_json":{"title":"Saga Furs mycket synligt p\u00e5 Fur & Fashion Fair-m\u00e4ssan i Hongkong - Sagafurs","robots":{"index":"index","follow":"follow","max-snippet":"max-snippet:-1","max-image-preview":"max-image-preview:large","max-video-preview":"max-video-preview:-1"},"canonical":"https:\/\/www.sagafurs.com\/sv\/bolaget\/nyheter\/saga-furs-mycket-synligt-pa-fur-fashion-fair-massan-hongkong\/","og_locale":"sv_SE","og_type":"article","og_title":"Saga Furs mycket synligt p\u00e5 Fur & Fashion Fair-m\u00e4ssan i Hongkong - Sagafurs","og_description":"P\u00e5 \u00e5rets Hong Kong International Fur &amp; Fashion Fair-m\u00e4ssa syntes tecken p\u00e5 att marknaderna \u00e5terh\u00e4mtar sig. Saga Furs m\u00e4ssavdelning \u00e4r en favoritplats f\u00f6r designers och f\u00f6retag som s\u00f6ker nya id\u00e9er \u2013 speciellt nu d\u00e5 framtiden igen ser ljusare ut. \u201dF\u00f6rtroendet \u00e5terv\u00e4nder helt tydligt inom p\u00e4lshandeln\u201d, kommenterade Saga Furs aff\u00e4rsomr\u00e5desdirekt\u00f6r med ansvar f\u00f6r Asien Samantha Vesala\u2026 L\u00e4s mera &raquo;","og_url":"https:\/\/www.sagafurs.com\/sv\/bolaget\/nyheter\/saga-furs-mycket-synligt-pa-fur-fashion-fair-massan-hongkong\/","og_site_name":"Sagafurs","twitter_card":"summary_large_image","twitter_misc":{"Ber\u00e4knad l\u00e4stid":"2 minuter"},"schema":{"@context":"https:\/\/schema.org","@graph":[{"@type":"WebPage","@id":"https:\/\/www.sagafurs.com\/sv\/bolaget\/nyheter\/saga-furs-mycket-synligt-pa-fur-fashion-fair-massan-hongkong\/","url":"https:\/\/www.sagafurs.com\/sv\/bolaget\/nyheter\/saga-furs-mycket-synligt-pa-fur-fashion-fair-massan-hongkong\/","name":"Saga Furs mycket synligt p\u00e5 Fur & Fashion Fair-m\u00e4ssan i Hongkong - Sagafurs","isPartOf":{"@id":"https:\/\/www.sagafurs.com\/#website"},"datePublished":"2017-03-02T07:48:46+00:00","breadcrumb":{"@id":"https:\/\/www.sagafurs.com\/sv\/bolaget\/nyheter\/saga-furs-mycket-synligt-pa-fur-fashion-fair-massan-hongkong\/#breadcrumb"},"inLanguage":"sv-SE","potentialAction":[{"@type":"ReadAction","target":["https:\/\/www.sagafurs.com\/sv\/bolaget\/nyheter\/saga-furs-mycket-synligt-pa-fur-fashion-fair-massan-hongkong\/"]}]},{"@type":"BreadcrumbList","@id":"https:\/\/www.sagafurs.com\/sv\/bolaget\/nyheter\/saga-furs-mycket-synligt-pa-fur-fashion-fair-massan-hongkong\/#breadcrumb","itemListElement":[{"@type":"ListItem","position":1,"name":"Home","item":"https:\/\/www.sagafurs.com\/sv\/"},{"@type":"ListItem","position":2,"name":"Saga Furs mycket synligt p\u00e5 Fur &#038; Fashion Fair-m\u00e4ssan i Hongkong"}]},{"@type":"WebSite","@id":"https:\/\/www.sagafurs.com\/#website","url":"https:\/\/www.sagafurs.com\/","name":"Sagafurs","description":"Sagafurs","potentialAction":[{"@type":"SearchAction","target":{"@type":"EntryPoint","urlTemplate":"https:\/\/www.sagafurs.com\/?s={search_term_string}"},"query-input":{"@type":"PropertyValueSpecification","valueRequired":true,"valueName":"search_term_string"}}],"inLanguage":"sv-SE"}]}},"_links":{"self":[{"href":"https:\/\/www.sagafurs.com\/sv\/wp-json\/wp\/v2\/news\/161238","targetHints":{"allow":["GET"]}}],"collection":[{"href":"https:\/\/www.sagafurs.com\/sv\/wp-json\/wp\/v2\/news"}],"about":[{"href":"https:\/\/www.sagafurs.com\/sv\/wp-json\/wp\/v2\/types\/news"}],"version-history":[{"count":0,"href":"https:\/\/www.sagafurs.com\/sv\/wp-json\/wp\/v2\/news\/161238\/revisions"}],"wp:attachment":[{"href":"https:\/\/www.sagafurs.com\/sv\/wp-json\/wp\/v2\/media?parent=161238"}],"curies":[{"name":"wp","href":"https:\/\/api.w.org\/{rel}","templated":true}]}}