{"id":168301,"date":"2018-06-10T19:01:43","date_gmt":"2018-06-10T17:01:43","guid":{"rendered":"https:\/\/www.sagafurs.com\/corporate\/news\/uncertainty-on-the-mink-market-was-reflected-in-the-results-of-todays-mink-sale\/"},"modified":"2018-06-10T19:42:51","modified_gmt":"2018-06-10T17:42:51","slug":"det-instabila-marknadslaget-inverkade-pa-saga-furs-minkforsaljning-som-inleddes-i-dag","status":"publish","type":"news","link":"https:\/\/www.sagafurs.com\/sv\/bolaget\/nyheter\/det-instabila-marknadslaget-inverkade-pa-saga-furs-minkforsaljning-som-inleddes-i-dag\/","title":{"rendered":"Det instabila marknadsl\u00e4get inverkade p\u00e5 Saga Furs minkf\u00f6rs\u00e4ljning som inleddes i dag"},"content":{"rendered":"<p>Saga Furs\u2019 auktion fortsatte i dag med f\u00f6rs\u00e4ljning av Pearl- och Palomino-minkskinn. Ca 70% av utbuden s\u00e5ldes. Priset p\u00e5 dagens utbud av minkskinn sj\u00f6nk en aning j\u00e4mf\u00f6rt med de prisniv\u00e5er som etablerats i Europa under v\u00e5ren. En betydande del av skinnen av velvet-typ drogs tillbaka f\u00f6r att f\u00f6rsvara prisniv\u00e5n.<\/p>\n<p>Dagens ink\u00f6p gjordes huvudsakligen till Kina med st\u00f6d av Turkiet och modeindustrin i Europa.<\/p>\n<p>G\u00e5rdagens Top Lot- parti av Blue Frost- r\u00e4v k\u00f6ptes av Klondike f\u00f6r Flame Queen Ltd.<\/p>\n<p>F\u00f6rs\u00e4ljningen forts\u00e4tter i morgon med f\u00f6rs\u00e4ljning av Black-, Mahogany- och Brown-minkskinn.<\/p>\n","protected":false},"excerpt":{"rendered":"<p>Saga Furs\u2019 auktion fortsatte i dag med f\u00f6rs\u00e4ljning av Pearl- och Palomino-minkskinn. Ca 70% av utbuden s\u00e5ldes. Priset p\u00e5 dagens utbud av minkskinn sj\u00f6nk en aning j\u00e4mf\u00f6rt med de prisniv\u00e5er som etablerats i Europa under v\u00e5ren. En betydande del av skinnen av velvet-typ drogs tillbaka f\u00f6r att f\u00f6rsvara prisniv\u00e5n. Dagens ink\u00f6p gjordes huvudsakligen till Kina<a class=\"excerpt-read-more\" href=\"https:\/\/www.sagafurs.com\/sv\/bolaget\/nyheter\/det-instabila-marknadslaget-inverkade-pa-saga-furs-minkforsaljning-som-inleddes-i-dag\/\" title=\"L\u00e4sDet instabila marknadsl\u00e4get inverkade p\u00e5 Saga Furs minkf\u00f6rs\u00e4ljning som inleddes i dag\">\u2026 L\u00e4s mera &raquo;<\/a><\/p>\n","protected":false},"featured_media":0,"template":"","class_list":["post-168301","news","type-news","status-publish","hentry","news_category-auction-sv"],"acf":[],"yoast_head":"<!-- This site is optimized with the Yoast SEO plugin v27.4 - https:\/\/yoast.com\/product\/yoast-seo-wordpress\/ -->\n<title>Det instabila marknadsl\u00e4get inverkade p\u00e5 Saga Furs minkf\u00f6rs\u00e4ljning som inleddes i dag - Sagafurs<\/title>\n<meta name=\"robots\" content=\"index, follow, max-snippet:-1, max-image-preview:large, max-video-preview:-1\" \/>\n<link rel=\"canonical\" href=\"https:\/\/www.sagafurs.com\/sv\/bolaget\/nyheter\/det-instabila-marknadslaget-inverkade-pa-saga-furs-minkforsaljning-som-inleddes-i-dag\/\" \/>\n<meta property=\"og:locale\" content=\"sv_SE\" \/>\n<meta property=\"og:type\" content=\"article\" \/>\n<meta property=\"og:title\" content=\"Det instabila marknadsl\u00e4get inverkade p\u00e5 Saga Furs minkf\u00f6rs\u00e4ljning som inleddes i dag - Sagafurs\" \/>\n<meta property=\"og:description\" content=\"Saga Furs\u2019 auktion fortsatte i dag med f\u00f6rs\u00e4ljning av Pearl- och Palomino-minkskinn. Ca 70% av utbuden s\u00e5ldes. Priset p\u00e5 dagens utbud av minkskinn sj\u00f6nk en aning j\u00e4mf\u00f6rt med de prisniv\u00e5er som etablerats i Europa under v\u00e5ren. En betydande del av skinnen av velvet-typ drogs tillbaka f\u00f6r att f\u00f6rsvara prisniv\u00e5n. Dagens ink\u00f6p gjordes huvudsakligen till Kina\u2026 L\u00e4s mera &raquo;\" \/>\n<meta property=\"og:url\" content=\"https:\/\/www.sagafurs.com\/sv\/bolaget\/nyheter\/det-instabila-marknadslaget-inverkade-pa-saga-furs-minkforsaljning-som-inleddes-i-dag\/\" \/>\n<meta property=\"og:site_name\" content=\"Sagafurs\" \/>\n<meta property=\"article:modified_time\" content=\"2018-06-10T17:42:51+00:00\" \/>\n<meta name=\"twitter:card\" content=\"summary_large_image\" \/>\n<meta name=\"twitter:label1\" content=\"Ber\u00e4knad l\u00e4stid\" \/>\n\t<meta name=\"twitter:data1\" content=\"1 minut\" \/>\n<script type=\"application\/ld+json\" class=\"yoast-schema-graph\">{\"@context\":\"https:\\\/\\\/schema.org\",\"@graph\":[{\"@type\":\"WebPage\",\"@id\":\"https:\\\/\\\/www.sagafurs.com\\\/sv\\\/bolaget\\\/nyheter\\\/det-instabila-marknadslaget-inverkade-pa-saga-furs-minkforsaljning-som-inleddes-i-dag\\\/\",\"url\":\"https:\\\/\\\/www.sagafurs.com\\\/sv\\\/bolaget\\\/nyheter\\\/det-instabila-marknadslaget-inverkade-pa-saga-furs-minkforsaljning-som-inleddes-i-dag\\\/\",\"name\":\"Det instabila marknadsl\u00e4get inverkade p\u00e5 Saga Furs minkf\u00f6rs\u00e4ljning som inleddes i dag - Sagafurs\",\"isPartOf\":{\"@id\":\"https:\\\/\\\/www.sagafurs.com\\\/#website\"},\"datePublished\":\"2018-06-10T17:01:43+00:00\",\"dateModified\":\"2018-06-10T17:42:51+00:00\",\"breadcrumb\":{\"@id\":\"https:\\\/\\\/www.sagafurs.com\\\/sv\\\/bolaget\\\/nyheter\\\/det-instabila-marknadslaget-inverkade-pa-saga-furs-minkforsaljning-som-inleddes-i-dag\\\/#breadcrumb\"},\"inLanguage\":\"sv-SE\",\"potentialAction\":[{\"@type\":\"ReadAction\",\"target\":[\"https:\\\/\\\/www.sagafurs.com\\\/sv\\\/bolaget\\\/nyheter\\\/det-instabila-marknadslaget-inverkade-pa-saga-furs-minkforsaljning-som-inleddes-i-dag\\\/\"]}]},{\"@type\":\"BreadcrumbList\",\"@id\":\"https:\\\/\\\/www.sagafurs.com\\\/sv\\\/bolaget\\\/nyheter\\\/det-instabila-marknadslaget-inverkade-pa-saga-furs-minkforsaljning-som-inleddes-i-dag\\\/#breadcrumb\",\"itemListElement\":[{\"@type\":\"ListItem\",\"position\":1,\"name\":\"Home\",\"item\":\"https:\\\/\\\/www.sagafurs.com\\\/sv\\\/\"},{\"@type\":\"ListItem\",\"position\":2,\"name\":\"Det instabila marknadsl\u00e4get inverkade p\u00e5 Saga Furs minkf\u00f6rs\u00e4ljning som inleddes i dag\"}]},{\"@type\":\"WebSite\",\"@id\":\"https:\\\/\\\/www.sagafurs.com\\\/#website\",\"url\":\"https:\\\/\\\/www.sagafurs.com\\\/\",\"name\":\"Sagafurs\",\"description\":\"Sagafurs\",\"potentialAction\":[{\"@type\":\"SearchAction\",\"target\":{\"@type\":\"EntryPoint\",\"urlTemplate\":\"https:\\\/\\\/www.sagafurs.com\\\/?s={search_term_string}\"},\"query-input\":{\"@type\":\"PropertyValueSpecification\",\"valueRequired\":true,\"valueName\":\"search_term_string\"}}],\"inLanguage\":\"sv-SE\"}]}<\/script>\n<!-- \/ Yoast SEO plugin. -->","yoast_head_json":{"title":"Det instabila marknadsl\u00e4get inverkade p\u00e5 Saga Furs minkf\u00f6rs\u00e4ljning som inleddes i dag - Sagafurs","robots":{"index":"index","follow":"follow","max-snippet":"max-snippet:-1","max-image-preview":"max-image-preview:large","max-video-preview":"max-video-preview:-1"},"canonical":"https:\/\/www.sagafurs.com\/sv\/bolaget\/nyheter\/det-instabila-marknadslaget-inverkade-pa-saga-furs-minkforsaljning-som-inleddes-i-dag\/","og_locale":"sv_SE","og_type":"article","og_title":"Det instabila marknadsl\u00e4get inverkade p\u00e5 Saga Furs minkf\u00f6rs\u00e4ljning som inleddes i dag - Sagafurs","og_description":"Saga Furs\u2019 auktion fortsatte i dag med f\u00f6rs\u00e4ljning av Pearl- och Palomino-minkskinn. Ca 70% av utbuden s\u00e5ldes. Priset p\u00e5 dagens utbud av minkskinn sj\u00f6nk en aning j\u00e4mf\u00f6rt med de prisniv\u00e5er som etablerats i Europa under v\u00e5ren. En betydande del av skinnen av velvet-typ drogs tillbaka f\u00f6r att f\u00f6rsvara prisniv\u00e5n. Dagens ink\u00f6p gjordes huvudsakligen till Kina\u2026 L\u00e4s mera &raquo;","og_url":"https:\/\/www.sagafurs.com\/sv\/bolaget\/nyheter\/det-instabila-marknadslaget-inverkade-pa-saga-furs-minkforsaljning-som-inleddes-i-dag\/","og_site_name":"Sagafurs","article_modified_time":"2018-06-10T17:42:51+00:00","twitter_card":"summary_large_image","twitter_misc":{"Ber\u00e4knad l\u00e4stid":"1 minut"},"schema":{"@context":"https:\/\/schema.org","@graph":[{"@type":"WebPage","@id":"https:\/\/www.sagafurs.com\/sv\/bolaget\/nyheter\/det-instabila-marknadslaget-inverkade-pa-saga-furs-minkforsaljning-som-inleddes-i-dag\/","url":"https:\/\/www.sagafurs.com\/sv\/bolaget\/nyheter\/det-instabila-marknadslaget-inverkade-pa-saga-furs-minkforsaljning-som-inleddes-i-dag\/","name":"Det instabila marknadsl\u00e4get inverkade p\u00e5 Saga Furs minkf\u00f6rs\u00e4ljning som inleddes i dag - Sagafurs","isPartOf":{"@id":"https:\/\/www.sagafurs.com\/#website"},"datePublished":"2018-06-10T17:01:43+00:00","dateModified":"2018-06-10T17:42:51+00:00","breadcrumb":{"@id":"https:\/\/www.sagafurs.com\/sv\/bolaget\/nyheter\/det-instabila-marknadslaget-inverkade-pa-saga-furs-minkforsaljning-som-inleddes-i-dag\/#breadcrumb"},"inLanguage":"sv-SE","potentialAction":[{"@type":"ReadAction","target":["https:\/\/www.sagafurs.com\/sv\/bolaget\/nyheter\/det-instabila-marknadslaget-inverkade-pa-saga-furs-minkforsaljning-som-inleddes-i-dag\/"]}]},{"@type":"BreadcrumbList","@id":"https:\/\/www.sagafurs.com\/sv\/bolaget\/nyheter\/det-instabila-marknadslaget-inverkade-pa-saga-furs-minkforsaljning-som-inleddes-i-dag\/#breadcrumb","itemListElement":[{"@type":"ListItem","position":1,"name":"Home","item":"https:\/\/www.sagafurs.com\/sv\/"},{"@type":"ListItem","position":2,"name":"Det instabila marknadsl\u00e4get inverkade p\u00e5 Saga Furs minkf\u00f6rs\u00e4ljning som inleddes i dag"}]},{"@type":"WebSite","@id":"https:\/\/www.sagafurs.com\/#website","url":"https:\/\/www.sagafurs.com\/","name":"Sagafurs","description":"Sagafurs","potentialAction":[{"@type":"SearchAction","target":{"@type":"EntryPoint","urlTemplate":"https:\/\/www.sagafurs.com\/?s={search_term_string}"},"query-input":{"@type":"PropertyValueSpecification","valueRequired":true,"valueName":"search_term_string"}}],"inLanguage":"sv-SE"}]}},"_links":{"self":[{"href":"https:\/\/www.sagafurs.com\/sv\/wp-json\/wp\/v2\/news\/168301","targetHints":{"allow":["GET"]}}],"collection":[{"href":"https:\/\/www.sagafurs.com\/sv\/wp-json\/wp\/v2\/news"}],"about":[{"href":"https:\/\/www.sagafurs.com\/sv\/wp-json\/wp\/v2\/types\/news"}],"version-history":[{"count":0,"href":"https:\/\/www.sagafurs.com\/sv\/wp-json\/wp\/v2\/news\/168301\/revisions"}],"wp:attachment":[{"href":"https:\/\/www.sagafurs.com\/sv\/wp-json\/wp\/v2\/media?parent=168301"}],"curies":[{"name":"wp","href":"https:\/\/api.w.org\/{rel}","templated":true}]}}