{"id":168746,"date":"2018-09-13T08:04:51","date_gmt":"2018-09-13T06:04:51","guid":{"rendered":"https:\/\/www.sagafurs.com\/?post_type=news&#038;p=168746\/"},"modified":"2018-09-13T08:04:51","modified_gmt":"2018-09-13T06:04:51","slug":"saga-furs-septemberauktion-inleds-pa-fredagen-palsens-miljovanlighet-vacker-intresse","status":"publish","type":"news","link":"https:\/\/www.sagafurs.com\/sv\/bolaget\/nyheter\/saga-furs-septemberauktion-inleds-pa-fredagen-palsens-miljovanlighet-vacker-intresse\/","title":{"rendered":"Saga Furs\u2019 septemberauktion inleds p\u00e5 fredagen \u2013 p\u00e4lsens milj\u00f6v\u00e4nlighet v\u00e4cker intresse"},"content":{"rendered":"<p>Saga Furs Oyj pressmeddelande 13.9.2018<\/p>\n<p>Saga Furs\u2019 septemberauktion inleds i Vanda fredagen den 14.9.2018. Ungef\u00e4r 300 k\u00f6pare fr\u00e5n samtliga huvudmarknadsomr\u00e5den, dvs. Kina, Ryssland, Sydkorea och de viktigaste modemarknaderna i Europa, v\u00e4ntas delta i auktionen. Utbuden omfattar ca 1,6 miljoner Saga<sup>\u00ae<\/sup>&#8211; minkskinn samt 600\u00a0000 Saga<sup>\u00ae<\/sup>&#8211; r\u00e4vskinn och 40\u00a0000 Saga<sup>\u00ae<\/sup>&#8211; finnsjubbskinn. Dessutom bjuds ut Karakul-lammskinn. Auktionen avslutas tisdagen den 18.9.<\/p>\n<p>Saga Furs har under sin 80-\u00e5riga historia utvecklats till v\u00e4rldens mest tillf\u00f6rlitliga p\u00e4lsauktionsbolag och f\u00f6reg\u00e5ngare inom etisk p\u00e4lsdjursuppf\u00f6dning. \u00c4ven p\u00e4lsens milj\u00f6v\u00e4nlighet blir en allt viktigare faktor d\u00e5 modeskapare vill anv\u00e4nda naturmaterial. Milj\u00f6v\u00e4nligheten betonas t.ex. av kl\u00e4ddesignern Anna Ruohonen, som visar upp sin nya kollektion p\u00e5 Habitare Pro-m\u00e4ssan torsdagen den 13.9.2018. Man kan f\u00f6lja med lanseringen av Ruohonens kollektion p\u00e5 Saga Furs\u2019 Instagram-konto.<\/p>\n<p>F\u00f6r Ruohonen var det ett medvetet val att v\u00e4lja p\u00e4ls som material eftersom hon vill fr\u00e4mja bionedbrytbara naturmaterial. \u201d Att anv\u00e4nda naturmaterial \u00e4r enligt min \u00e5sikt ett s\u00e4tt att bli kvitt syntetfibrer och mikroplaster som f\u00f6rst\u00f6r milj\u00f6n. Att i kollektionen inkludera naturmaterialet p\u00e4ls \u00e4r en forts\u00e4ttning p\u00e5 tankeg\u00e5ngen om h\u00e5llbar utveckling\u201d, ber\u00e4ttar designern <strong>Anna Ruohonen<\/strong>. I h\u00f6stens kollektion anv\u00e4nds p\u00e4ls i accessoarerna, och kollektionens p\u00e4lsskinn \u00e4r till 100% certifierade och kommer fr\u00e5n finska, ansvarsfulla p\u00e4lsfarmer.<\/p>\n<p>\u201dAnsvarsfullhet blir alltmer betydande i framtiden. De finska p\u00e4lsfarmerna och Saga Furs f\u00f6ruts\u00e4tts vidta tydliga \u00e5tg\u00e4rder f\u00f6r att s\u00e4kra djurens v\u00e4lf\u00e4rd. Det \u00e4r tack vare certifiering och transparens som modeskaparna specifikt vill anv\u00e4nda finska p\u00e4lsskinn\u201d, s\u00e4ger verkst\u00e4llande direkt\u00f6r <strong>Pertti Fallenius<\/strong>.<\/p>\n<p>Saga Furs publicerar ett b\u00f6rsmeddelande om auktionsf\u00f6rs\u00e4ljningen under den avslutande auktionsdagen tisdagen den 18.9.2018. Bolaget rapporterar dessutom dagligen om f\u00f6rs\u00e4ljningsresultaten p\u00e5 sina hemsidor. Ett detaljerat f\u00f6rs\u00e4ljningsprogram finns p\u00e5 bolagets hemsidor under <a href=\"https:\/\/www.sagafurs.com\/sv\/auktioner\/\">Auktioner.<\/a><\/p>\n<p>Representanter f\u00f6r media \u00e4r v\u00e4lkomna att f\u00f6lja med auktionen, och ombedes anm\u00e4la sig p\u00e5 f\u00f6rhand.<\/p>\n<p><strong><br \/>\nTill\u00e4ggsinformation och anm\u00e4lningar:<\/strong><br \/>\nInformationschef Tytti Kotipelto, tel. 040\u00a0511 5172, <a href=\"mailto:tytti.kotipelto@sagafurs.com\">tytti.kotipelto@sagafurs.com<\/a><\/p>\n","protected":false},"excerpt":{"rendered":"<p>Saga Furs Oyj pressmeddelande 13.9.2018 Saga Furs\u2019 septemberauktion inleds i Vanda fredagen den 14.9.2018. Ungef\u00e4r 300 k\u00f6pare fr\u00e5n samtliga huvudmarknadsomr\u00e5den, dvs. Kina, Ryssland, Sydkorea och de viktigaste modemarknaderna i Europa, v\u00e4ntas delta i auktionen. Utbuden omfattar ca 1,6 miljoner Saga\u00ae&#8211; minkskinn samt 600\u00a0000 Saga\u00ae&#8211; r\u00e4vskinn och 40\u00a0000 Saga\u00ae&#8211; finnsjubbskinn. Dessutom bjuds ut Karakul-lammskinn. Auktionen avslutas<a class=\"excerpt-read-more\" href=\"https:\/\/www.sagafurs.com\/sv\/bolaget\/nyheter\/saga-furs-septemberauktion-inleds-pa-fredagen-palsens-miljovanlighet-vacker-intresse\/\" title=\"L\u00e4sSaga Furs\u2019 septemberauktion inleds p\u00e5 fredagen \u2013 p\u00e4lsens milj\u00f6v\u00e4nlighet v\u00e4cker intresse\">\u2026 L\u00e4s mera &raquo;<\/a><\/p>\n","protected":false},"featured_media":0,"template":"","class_list":["post-168746","news","type-news","status-publish","hentry","news_category-auction-sv"],"acf":[],"yoast_head":"<!-- This site is optimized with the Yoast SEO plugin v27.4 - https:\/\/yoast.com\/product\/yoast-seo-wordpress\/ -->\n<title>Saga Furs\u2019 septemberauktion inleds p\u00e5 fredagen \u2013 p\u00e4lsens milj\u00f6v\u00e4nlighet v\u00e4cker intresse - Sagafurs<\/title>\n<meta name=\"robots\" content=\"index, follow, max-snippet:-1, max-image-preview:large, max-video-preview:-1\" \/>\n<link rel=\"canonical\" href=\"https:\/\/www.sagafurs.com\/sv\/bolaget\/nyheter\/saga-furs-septemberauktion-inleds-pa-fredagen-palsens-miljovanlighet-vacker-intresse\/\" \/>\n<meta property=\"og:locale\" content=\"sv_SE\" \/>\n<meta property=\"og:type\" content=\"article\" \/>\n<meta property=\"og:title\" content=\"Saga Furs\u2019 septemberauktion inleds p\u00e5 fredagen \u2013 p\u00e4lsens milj\u00f6v\u00e4nlighet v\u00e4cker intresse - Sagafurs\" \/>\n<meta property=\"og:description\" content=\"Saga Furs Oyj pressmeddelande 13.9.2018 Saga Furs\u2019 septemberauktion inleds i Vanda fredagen den 14.9.2018. Ungef\u00e4r 300 k\u00f6pare fr\u00e5n samtliga huvudmarknadsomr\u00e5den, dvs. Kina, Ryssland, Sydkorea och de viktigaste modemarknaderna i Europa, v\u00e4ntas delta i auktionen. Utbuden omfattar ca 1,6 miljoner Saga\u00ae&#8211; minkskinn samt 600\u00a0000 Saga\u00ae&#8211; r\u00e4vskinn och 40\u00a0000 Saga\u00ae&#8211; finnsjubbskinn. Dessutom bjuds ut Karakul-lammskinn. Auktionen avslutas\u2026 L\u00e4s mera &raquo;\" \/>\n<meta property=\"og:url\" content=\"https:\/\/www.sagafurs.com\/sv\/bolaget\/nyheter\/saga-furs-septemberauktion-inleds-pa-fredagen-palsens-miljovanlighet-vacker-intresse\/\" \/>\n<meta property=\"og:site_name\" content=\"Sagafurs\" \/>\n<meta name=\"twitter:card\" content=\"summary_large_image\" \/>\n<meta name=\"twitter:label1\" content=\"Ber\u00e4knad l\u00e4stid\" \/>\n\t<meta name=\"twitter:data1\" content=\"2 minuter\" \/>\n<script type=\"application\/ld+json\" class=\"yoast-schema-graph\">{\"@context\":\"https:\\\/\\\/schema.org\",\"@graph\":[{\"@type\":\"WebPage\",\"@id\":\"https:\\\/\\\/www.sagafurs.com\\\/sv\\\/bolaget\\\/nyheter\\\/saga-furs-septemberauktion-inleds-pa-fredagen-palsens-miljovanlighet-vacker-intresse\\\/\",\"url\":\"https:\\\/\\\/www.sagafurs.com\\\/sv\\\/bolaget\\\/nyheter\\\/saga-furs-septemberauktion-inleds-pa-fredagen-palsens-miljovanlighet-vacker-intresse\\\/\",\"name\":\"Saga Furs\u2019 septemberauktion inleds p\u00e5 fredagen \u2013 p\u00e4lsens milj\u00f6v\u00e4nlighet v\u00e4cker intresse - Sagafurs\",\"isPartOf\":{\"@id\":\"https:\\\/\\\/www.sagafurs.com\\\/#website\"},\"datePublished\":\"2018-09-13T06:04:51+00:00\",\"breadcrumb\":{\"@id\":\"https:\\\/\\\/www.sagafurs.com\\\/sv\\\/bolaget\\\/nyheter\\\/saga-furs-septemberauktion-inleds-pa-fredagen-palsens-miljovanlighet-vacker-intresse\\\/#breadcrumb\"},\"inLanguage\":\"sv-SE\",\"potentialAction\":[{\"@type\":\"ReadAction\",\"target\":[\"https:\\\/\\\/www.sagafurs.com\\\/sv\\\/bolaget\\\/nyheter\\\/saga-furs-septemberauktion-inleds-pa-fredagen-palsens-miljovanlighet-vacker-intresse\\\/\"]}]},{\"@type\":\"BreadcrumbList\",\"@id\":\"https:\\\/\\\/www.sagafurs.com\\\/sv\\\/bolaget\\\/nyheter\\\/saga-furs-septemberauktion-inleds-pa-fredagen-palsens-miljovanlighet-vacker-intresse\\\/#breadcrumb\",\"itemListElement\":[{\"@type\":\"ListItem\",\"position\":1,\"name\":\"Home\",\"item\":\"https:\\\/\\\/www.sagafurs.com\\\/sv\\\/\"},{\"@type\":\"ListItem\",\"position\":2,\"name\":\"Saga Furs\u2019 septemberauktion inleds p\u00e5 fredagen \u2013 p\u00e4lsens milj\u00f6v\u00e4nlighet v\u00e4cker intresse\"}]},{\"@type\":\"WebSite\",\"@id\":\"https:\\\/\\\/www.sagafurs.com\\\/#website\",\"url\":\"https:\\\/\\\/www.sagafurs.com\\\/\",\"name\":\"Sagafurs\",\"description\":\"Sagafurs\",\"potentialAction\":[{\"@type\":\"SearchAction\",\"target\":{\"@type\":\"EntryPoint\",\"urlTemplate\":\"https:\\\/\\\/www.sagafurs.com\\\/?s={search_term_string}\"},\"query-input\":{\"@type\":\"PropertyValueSpecification\",\"valueRequired\":true,\"valueName\":\"search_term_string\"}}],\"inLanguage\":\"sv-SE\"}]}<\/script>\n<!-- \/ Yoast SEO plugin. -->","yoast_head_json":{"title":"Saga Furs\u2019 septemberauktion inleds p\u00e5 fredagen \u2013 p\u00e4lsens milj\u00f6v\u00e4nlighet v\u00e4cker intresse - Sagafurs","robots":{"index":"index","follow":"follow","max-snippet":"max-snippet:-1","max-image-preview":"max-image-preview:large","max-video-preview":"max-video-preview:-1"},"canonical":"https:\/\/www.sagafurs.com\/sv\/bolaget\/nyheter\/saga-furs-septemberauktion-inleds-pa-fredagen-palsens-miljovanlighet-vacker-intresse\/","og_locale":"sv_SE","og_type":"article","og_title":"Saga Furs\u2019 septemberauktion inleds p\u00e5 fredagen \u2013 p\u00e4lsens milj\u00f6v\u00e4nlighet v\u00e4cker intresse - Sagafurs","og_description":"Saga Furs Oyj pressmeddelande 13.9.2018 Saga Furs\u2019 septemberauktion inleds i Vanda fredagen den 14.9.2018. Ungef\u00e4r 300 k\u00f6pare fr\u00e5n samtliga huvudmarknadsomr\u00e5den, dvs. Kina, Ryssland, Sydkorea och de viktigaste modemarknaderna i Europa, v\u00e4ntas delta i auktionen. Utbuden omfattar ca 1,6 miljoner Saga\u00ae&#8211; minkskinn samt 600\u00a0000 Saga\u00ae&#8211; r\u00e4vskinn och 40\u00a0000 Saga\u00ae&#8211; finnsjubbskinn. Dessutom bjuds ut Karakul-lammskinn. Auktionen avslutas\u2026 L\u00e4s mera &raquo;","og_url":"https:\/\/www.sagafurs.com\/sv\/bolaget\/nyheter\/saga-furs-septemberauktion-inleds-pa-fredagen-palsens-miljovanlighet-vacker-intresse\/","og_site_name":"Sagafurs","twitter_card":"summary_large_image","twitter_misc":{"Ber\u00e4knad l\u00e4stid":"2 minuter"},"schema":{"@context":"https:\/\/schema.org","@graph":[{"@type":"WebPage","@id":"https:\/\/www.sagafurs.com\/sv\/bolaget\/nyheter\/saga-furs-septemberauktion-inleds-pa-fredagen-palsens-miljovanlighet-vacker-intresse\/","url":"https:\/\/www.sagafurs.com\/sv\/bolaget\/nyheter\/saga-furs-septemberauktion-inleds-pa-fredagen-palsens-miljovanlighet-vacker-intresse\/","name":"Saga Furs\u2019 septemberauktion inleds p\u00e5 fredagen \u2013 p\u00e4lsens milj\u00f6v\u00e4nlighet v\u00e4cker intresse - Sagafurs","isPartOf":{"@id":"https:\/\/www.sagafurs.com\/#website"},"datePublished":"2018-09-13T06:04:51+00:00","breadcrumb":{"@id":"https:\/\/www.sagafurs.com\/sv\/bolaget\/nyheter\/saga-furs-septemberauktion-inleds-pa-fredagen-palsens-miljovanlighet-vacker-intresse\/#breadcrumb"},"inLanguage":"sv-SE","potentialAction":[{"@type":"ReadAction","target":["https:\/\/www.sagafurs.com\/sv\/bolaget\/nyheter\/saga-furs-septemberauktion-inleds-pa-fredagen-palsens-miljovanlighet-vacker-intresse\/"]}]},{"@type":"BreadcrumbList","@id":"https:\/\/www.sagafurs.com\/sv\/bolaget\/nyheter\/saga-furs-septemberauktion-inleds-pa-fredagen-palsens-miljovanlighet-vacker-intresse\/#breadcrumb","itemListElement":[{"@type":"ListItem","position":1,"name":"Home","item":"https:\/\/www.sagafurs.com\/sv\/"},{"@type":"ListItem","position":2,"name":"Saga Furs\u2019 septemberauktion inleds p\u00e5 fredagen \u2013 p\u00e4lsens milj\u00f6v\u00e4nlighet v\u00e4cker intresse"}]},{"@type":"WebSite","@id":"https:\/\/www.sagafurs.com\/#website","url":"https:\/\/www.sagafurs.com\/","name":"Sagafurs","description":"Sagafurs","potentialAction":[{"@type":"SearchAction","target":{"@type":"EntryPoint","urlTemplate":"https:\/\/www.sagafurs.com\/?s={search_term_string}"},"query-input":{"@type":"PropertyValueSpecification","valueRequired":true,"valueName":"search_term_string"}}],"inLanguage":"sv-SE"}]}},"_links":{"self":[{"href":"https:\/\/www.sagafurs.com\/sv\/wp-json\/wp\/v2\/news\/168746","targetHints":{"allow":["GET"]}}],"collection":[{"href":"https:\/\/www.sagafurs.com\/sv\/wp-json\/wp\/v2\/news"}],"about":[{"href":"https:\/\/www.sagafurs.com\/sv\/wp-json\/wp\/v2\/types\/news"}],"version-history":[{"count":0,"href":"https:\/\/www.sagafurs.com\/sv\/wp-json\/wp\/v2\/news\/168746\/revisions"}],"wp:attachment":[{"href":"https:\/\/www.sagafurs.com\/sv\/wp-json\/wp\/v2\/media?parent=168746"}],"curies":[{"name":"wp","href":"https:\/\/api.w.org\/{rel}","templated":true}]}}