{"id":168942,"date":"2018-09-25T14:10:22","date_gmt":"2018-09-25T12:10:22","guid":{"rendered":"https:\/\/www.sagafurs.com\/corporate\/news\/saga-furs-julkaisi-tuoreimman-syksy-talvi-2018-valokuvakampanjan\/"},"modified":"2018-10-15T08:55:55","modified_gmt":"2018-10-15T06:55:55","slug":"saga-furs-publicerade-sin-nyaste-fotokampanj-infor-hosten-vintern-2018","status":"publish","type":"news","link":"https:\/\/www.sagafurs.com\/sv\/bolaget\/nyheter\/saga-furs-publicerade-sin-nyaste-fotokampanj-infor-hosten-vintern-2018\/","title":{"rendered":"Saga Furs publicerade sin nyaste fotokampanj inf\u00f6r h\u00f6sten-vintern 2018"},"content":{"rendered":"<p>De h\u00f6stliga st\u00e4mningarna skapar en idyllisk omgivning f\u00f6r Saga Furs\u2019 h\u00f6st-vinter 2018- kampanj, som har producerats tillsammans med olika samarbetspartners. Varje p\u00e4lsprodukt \u00e4r stilfullt tillverkad i Saga Furs Design Centres tekniker. F\u00e4rgerna, formerna och strukturerna sm\u00e4lter m\u00f6dol\u00f6st in i naturen.<\/p>\n<p>Fotografierna kommer att anv\u00e4ndas i reklampublikationer, f\u00f6rs\u00e4ljningsfr\u00e4mjande aktiviteter och p\u00e5 sociala media.<\/p>\n<p><strong>Designers<\/strong>: Amanda Wakeley, Aalto International, Cristiano Burani, Astrid Andersen, Francesca Liberatore, Poiret, Elie Saab, Christopher Kane och Sandy Liang.<\/p>\n<p><strong>Samarbetspartners<\/strong>: Sabatier (Korea), Innov (Grekland), Wooden (Korea), TF33 (Kina), KC Fur (Kina), Elegant Prosper (Kina) ja Via Cappella (Ryssland).<\/p>\n<p>&nbsp;<\/p>\n<p>&nbsp;<\/p>\n<p>&nbsp;<\/p>\n","protected":false},"excerpt":{"rendered":"<p>De h\u00f6stliga st\u00e4mningarna skapar en idyllisk omgivning f\u00f6r Saga Furs\u2019 h\u00f6st-vinter 2018- kampanj, som har producerats tillsammans med olika samarbetspartners. Varje p\u00e4lsprodukt \u00e4r stilfullt tillverkad i Saga Furs Design Centres tekniker. F\u00e4rgerna, formerna och strukturerna sm\u00e4lter m\u00f6dol\u00f6st in i naturen. Fotografierna kommer att anv\u00e4ndas i reklampublikationer, f\u00f6rs\u00e4ljningsfr\u00e4mjande aktiviteter och p\u00e5 sociala media. Designers: Amanda Wakeley,<a class=\"excerpt-read-more\" href=\"https:\/\/www.sagafurs.com\/sv\/bolaget\/nyheter\/saga-furs-publicerade-sin-nyaste-fotokampanj-infor-hosten-vintern-2018\/\" title=\"L\u00e4sSaga Furs publicerade sin nyaste fotokampanj inf\u00f6r h\u00f6sten-vintern 2018\">\u2026 L\u00e4s mera &raquo;<\/a><\/p>\n","protected":false},"featured_media":0,"template":"","class_list":["post-168942","news","type-news","status-publish","hentry","news_category-fashion-sv","news_category-corporate-sv"],"acf":[],"yoast_head":"<!-- This site is optimized with the Yoast SEO plugin v27.4 - https:\/\/yoast.com\/product\/yoast-seo-wordpress\/ -->\n<title>Saga Furs publicerade sin nyaste fotokampanj inf\u00f6r h\u00f6sten-vintern 2018 - Sagafurs<\/title>\n<meta name=\"robots\" content=\"index, follow, max-snippet:-1, max-image-preview:large, max-video-preview:-1\" \/>\n<link rel=\"canonical\" href=\"https:\/\/www.sagafurs.com\/sv\/bolaget\/nyheter\/saga-furs-publicerade-sin-nyaste-fotokampanj-infor-hosten-vintern-2018\/\" \/>\n<meta property=\"og:locale\" content=\"sv_SE\" \/>\n<meta property=\"og:type\" content=\"article\" \/>\n<meta property=\"og:title\" content=\"Saga Furs publicerade sin nyaste fotokampanj inf\u00f6r h\u00f6sten-vintern 2018 - Sagafurs\" \/>\n<meta property=\"og:description\" content=\"De h\u00f6stliga st\u00e4mningarna skapar en idyllisk omgivning f\u00f6r Saga Furs\u2019 h\u00f6st-vinter 2018- kampanj, som har producerats tillsammans med olika samarbetspartners. Varje p\u00e4lsprodukt \u00e4r stilfullt tillverkad i Saga Furs Design Centres tekniker. F\u00e4rgerna, formerna och strukturerna sm\u00e4lter m\u00f6dol\u00f6st in i naturen. Fotografierna kommer att anv\u00e4ndas i reklampublikationer, f\u00f6rs\u00e4ljningsfr\u00e4mjande aktiviteter och p\u00e5 sociala media. Designers: Amanda Wakeley,\u2026 L\u00e4s mera &raquo;\" \/>\n<meta property=\"og:url\" content=\"https:\/\/www.sagafurs.com\/sv\/bolaget\/nyheter\/saga-furs-publicerade-sin-nyaste-fotokampanj-infor-hosten-vintern-2018\/\" \/>\n<meta property=\"og:site_name\" content=\"Sagafurs\" \/>\n<meta property=\"article:modified_time\" content=\"2018-10-15T06:55:55+00:00\" \/>\n<meta name=\"twitter:card\" content=\"summary_large_image\" \/>\n<meta name=\"twitter:label1\" content=\"Ber\u00e4knad l\u00e4stid\" \/>\n\t<meta name=\"twitter:data1\" content=\"1 minut\" \/>\n<script type=\"application\/ld+json\" class=\"yoast-schema-graph\">{\"@context\":\"https:\\\/\\\/schema.org\",\"@graph\":[{\"@type\":\"WebPage\",\"@id\":\"https:\\\/\\\/www.sagafurs.com\\\/sv\\\/bolaget\\\/nyheter\\\/saga-furs-publicerade-sin-nyaste-fotokampanj-infor-hosten-vintern-2018\\\/\",\"url\":\"https:\\\/\\\/www.sagafurs.com\\\/sv\\\/bolaget\\\/nyheter\\\/saga-furs-publicerade-sin-nyaste-fotokampanj-infor-hosten-vintern-2018\\\/\",\"name\":\"Saga Furs publicerade sin nyaste fotokampanj inf\u00f6r h\u00f6sten-vintern 2018 - Sagafurs\",\"isPartOf\":{\"@id\":\"https:\\\/\\\/www.sagafurs.com\\\/#website\"},\"datePublished\":\"2018-09-25T12:10:22+00:00\",\"dateModified\":\"2018-10-15T06:55:55+00:00\",\"breadcrumb\":{\"@id\":\"https:\\\/\\\/www.sagafurs.com\\\/sv\\\/bolaget\\\/nyheter\\\/saga-furs-publicerade-sin-nyaste-fotokampanj-infor-hosten-vintern-2018\\\/#breadcrumb\"},\"inLanguage\":\"sv-SE\",\"potentialAction\":[{\"@type\":\"ReadAction\",\"target\":[\"https:\\\/\\\/www.sagafurs.com\\\/sv\\\/bolaget\\\/nyheter\\\/saga-furs-publicerade-sin-nyaste-fotokampanj-infor-hosten-vintern-2018\\\/\"]}]},{\"@type\":\"BreadcrumbList\",\"@id\":\"https:\\\/\\\/www.sagafurs.com\\\/sv\\\/bolaget\\\/nyheter\\\/saga-furs-publicerade-sin-nyaste-fotokampanj-infor-hosten-vintern-2018\\\/#breadcrumb\",\"itemListElement\":[{\"@type\":\"ListItem\",\"position\":1,\"name\":\"Home\",\"item\":\"https:\\\/\\\/www.sagafurs.com\\\/sv\\\/\"},{\"@type\":\"ListItem\",\"position\":2,\"name\":\"Saga Furs publicerade sin nyaste fotokampanj inf\u00f6r h\u00f6sten-vintern 2018\"}]},{\"@type\":\"WebSite\",\"@id\":\"https:\\\/\\\/www.sagafurs.com\\\/#website\",\"url\":\"https:\\\/\\\/www.sagafurs.com\\\/\",\"name\":\"Sagafurs\",\"description\":\"Sagafurs\",\"potentialAction\":[{\"@type\":\"SearchAction\",\"target\":{\"@type\":\"EntryPoint\",\"urlTemplate\":\"https:\\\/\\\/www.sagafurs.com\\\/?s={search_term_string}\"},\"query-input\":{\"@type\":\"PropertyValueSpecification\",\"valueRequired\":true,\"valueName\":\"search_term_string\"}}],\"inLanguage\":\"sv-SE\"}]}<\/script>\n<!-- \/ Yoast SEO plugin. -->","yoast_head_json":{"title":"Saga Furs publicerade sin nyaste fotokampanj inf\u00f6r h\u00f6sten-vintern 2018 - Sagafurs","robots":{"index":"index","follow":"follow","max-snippet":"max-snippet:-1","max-image-preview":"max-image-preview:large","max-video-preview":"max-video-preview:-1"},"canonical":"https:\/\/www.sagafurs.com\/sv\/bolaget\/nyheter\/saga-furs-publicerade-sin-nyaste-fotokampanj-infor-hosten-vintern-2018\/","og_locale":"sv_SE","og_type":"article","og_title":"Saga Furs publicerade sin nyaste fotokampanj inf\u00f6r h\u00f6sten-vintern 2018 - Sagafurs","og_description":"De h\u00f6stliga st\u00e4mningarna skapar en idyllisk omgivning f\u00f6r Saga Furs\u2019 h\u00f6st-vinter 2018- kampanj, som har producerats tillsammans med olika samarbetspartners. Varje p\u00e4lsprodukt \u00e4r stilfullt tillverkad i Saga Furs Design Centres tekniker. F\u00e4rgerna, formerna och strukturerna sm\u00e4lter m\u00f6dol\u00f6st in i naturen. Fotografierna kommer att anv\u00e4ndas i reklampublikationer, f\u00f6rs\u00e4ljningsfr\u00e4mjande aktiviteter och p\u00e5 sociala media. Designers: Amanda Wakeley,\u2026 L\u00e4s mera &raquo;","og_url":"https:\/\/www.sagafurs.com\/sv\/bolaget\/nyheter\/saga-furs-publicerade-sin-nyaste-fotokampanj-infor-hosten-vintern-2018\/","og_site_name":"Sagafurs","article_modified_time":"2018-10-15T06:55:55+00:00","twitter_card":"summary_large_image","twitter_misc":{"Ber\u00e4knad l\u00e4stid":"1 minut"},"schema":{"@context":"https:\/\/schema.org","@graph":[{"@type":"WebPage","@id":"https:\/\/www.sagafurs.com\/sv\/bolaget\/nyheter\/saga-furs-publicerade-sin-nyaste-fotokampanj-infor-hosten-vintern-2018\/","url":"https:\/\/www.sagafurs.com\/sv\/bolaget\/nyheter\/saga-furs-publicerade-sin-nyaste-fotokampanj-infor-hosten-vintern-2018\/","name":"Saga Furs publicerade sin nyaste fotokampanj inf\u00f6r h\u00f6sten-vintern 2018 - Sagafurs","isPartOf":{"@id":"https:\/\/www.sagafurs.com\/#website"},"datePublished":"2018-09-25T12:10:22+00:00","dateModified":"2018-10-15T06:55:55+00:00","breadcrumb":{"@id":"https:\/\/www.sagafurs.com\/sv\/bolaget\/nyheter\/saga-furs-publicerade-sin-nyaste-fotokampanj-infor-hosten-vintern-2018\/#breadcrumb"},"inLanguage":"sv-SE","potentialAction":[{"@type":"ReadAction","target":["https:\/\/www.sagafurs.com\/sv\/bolaget\/nyheter\/saga-furs-publicerade-sin-nyaste-fotokampanj-infor-hosten-vintern-2018\/"]}]},{"@type":"BreadcrumbList","@id":"https:\/\/www.sagafurs.com\/sv\/bolaget\/nyheter\/saga-furs-publicerade-sin-nyaste-fotokampanj-infor-hosten-vintern-2018\/#breadcrumb","itemListElement":[{"@type":"ListItem","position":1,"name":"Home","item":"https:\/\/www.sagafurs.com\/sv\/"},{"@type":"ListItem","position":2,"name":"Saga Furs publicerade sin nyaste fotokampanj inf\u00f6r h\u00f6sten-vintern 2018"}]},{"@type":"WebSite","@id":"https:\/\/www.sagafurs.com\/#website","url":"https:\/\/www.sagafurs.com\/","name":"Sagafurs","description":"Sagafurs","potentialAction":[{"@type":"SearchAction","target":{"@type":"EntryPoint","urlTemplate":"https:\/\/www.sagafurs.com\/?s={search_term_string}"},"query-input":{"@type":"PropertyValueSpecification","valueRequired":true,"valueName":"search_term_string"}}],"inLanguage":"sv-SE"}]}},"_links":{"self":[{"href":"https:\/\/www.sagafurs.com\/sv\/wp-json\/wp\/v2\/news\/168942","targetHints":{"allow":["GET"]}}],"collection":[{"href":"https:\/\/www.sagafurs.com\/sv\/wp-json\/wp\/v2\/news"}],"about":[{"href":"https:\/\/www.sagafurs.com\/sv\/wp-json\/wp\/v2\/types\/news"}],"version-history":[{"count":0,"href":"https:\/\/www.sagafurs.com\/sv\/wp-json\/wp\/v2\/news\/168942\/revisions"}],"wp:attachment":[{"href":"https:\/\/www.sagafurs.com\/sv\/wp-json\/wp\/v2\/media?parent=168942"}],"curies":[{"name":"wp","href":"https:\/\/api.w.org\/{rel}","templated":true}]}}