{"id":169594,"date":"2018-12-05T11:10:05","date_gmt":"2018-12-05T10:10:05","guid":{"rendered":"https:\/\/www.sagafurs.com\/?post_type=news&#038;p=169594\/"},"modified":"2018-12-05T11:12:54","modified_gmt":"2018-12-05T10:12:54","slug":"saga-furs-avvikande-oppethallningstider-i-december-2018","status":"publish","type":"news","link":"https:\/\/www.sagafurs.com\/sv\/bolaget\/nyheter\/saga-furs-avvikande-oppethallningstider-i-december-2018\/","title":{"rendered":"Saga Furs\u2019 avvikande \u00f6ppeth\u00e5llningstider i december 2018"},"content":{"rendered":"<p>Saga Furs\u2019 kontor i Vanda \u00e4r st\u00e4ngt torsdagen den 6.12 samt fredagen den 7.12 pga. Finlands sj\u00e4lvst\u00e4ndighetsdag. Vi b\u00f6rjar sj\u00e4lvstandighetsfirandet klockan 13:30 i dag.<\/p>\n<p>Under julhelgen \u00e4r kontoret st\u00e4ngt 24-26.12.<\/p>\n<p>Saga Furs\u2019 kontor \u00e4r \u00e4ven st\u00e4ngt ny\u00e5rsafton 31.12.2018 samt ny\u00e5rsdagen 1.1.2019.<\/p>\n<p>Telefonv\u00e4xeln betj\u00e4nar inte under ovann\u00e4mnda dagar.<\/p>\n<p>&nbsp;<\/p>\n<p>Vi \u00f6nskar er en trevlig sj\u00e4lvst\u00e4ndighetsdag och en fridsam adventstid!<\/p>\n<p>&nbsp;<\/p>\n<p><iframe loading=\"lazy\" width=\"1200\" height=\"675\" src=\"https:\/\/www.youtube.com\/embed\/-L4U2KRHvng?feature=oembed\" frameborder=\"0\" allow=\"accelerometer; autoplay; encrypted-media; gyroscope; picture-in-picture\" allowfullscreen><\/iframe><br \/>\n&nbsp;<br \/>\n&nbsp;<\/p>\n","protected":false},"excerpt":{"rendered":"<p>Saga Furs\u2019 kontor i Vanda \u00e4r st\u00e4ngt torsdagen den 6.12 samt fredagen den 7.12 pga. Finlands sj\u00e4lvst\u00e4ndighetsdag. Vi b\u00f6rjar sj\u00e4lvstandighetsfirandet klockan 13:30 i dag. Under julhelgen \u00e4r kontoret st\u00e4ngt 24-26.12. Saga Furs\u2019 kontor \u00e4r \u00e4ven st\u00e4ngt ny\u00e5rsafton 31.12.2018 samt ny\u00e5rsdagen 1.1.2019. Telefonv\u00e4xeln betj\u00e4nar inte under ovann\u00e4mnda dagar. &nbsp; Vi \u00f6nskar er en trevlig sj\u00e4lvst\u00e4ndighetsdag och<a class=\"excerpt-read-more\" href=\"https:\/\/www.sagafurs.com\/sv\/bolaget\/nyheter\/saga-furs-avvikande-oppethallningstider-i-december-2018\/\" title=\"L\u00e4sSaga Furs\u2019 avvikande \u00f6ppeth\u00e5llningstider i december 2018\">\u2026 L\u00e4s mera &raquo;<\/a><\/p>\n","protected":false},"featured_media":0,"template":"","class_list":["post-169594","news","type-news","status-publish","hentry","news_category-corporate-sv"],"acf":[],"yoast_head":"<!-- This site is optimized with the Yoast SEO plugin v27.4 - https:\/\/yoast.com\/product\/yoast-seo-wordpress\/ -->\n<title>Saga Furs\u2019 avvikande \u00f6ppeth\u00e5llningstider i december 2018 - Sagafurs<\/title>\n<meta name=\"robots\" content=\"index, follow, max-snippet:-1, max-image-preview:large, max-video-preview:-1\" \/>\n<link rel=\"canonical\" href=\"https:\/\/www.sagafurs.com\/sv\/bolaget\/nyheter\/saga-furs-avvikande-oppethallningstider-i-december-2018\/\" \/>\n<meta property=\"og:locale\" content=\"sv_SE\" \/>\n<meta property=\"og:type\" content=\"article\" \/>\n<meta property=\"og:title\" content=\"Saga Furs\u2019 avvikande \u00f6ppeth\u00e5llningstider i december 2018 - Sagafurs\" \/>\n<meta property=\"og:description\" content=\"Saga Furs\u2019 kontor i Vanda \u00e4r st\u00e4ngt torsdagen den 6.12 samt fredagen den 7.12 pga. Finlands sj\u00e4lvst\u00e4ndighetsdag. Vi b\u00f6rjar sj\u00e4lvstandighetsfirandet klockan 13:30 i dag. Under julhelgen \u00e4r kontoret st\u00e4ngt 24-26.12. Saga Furs\u2019 kontor \u00e4r \u00e4ven st\u00e4ngt ny\u00e5rsafton 31.12.2018 samt ny\u00e5rsdagen 1.1.2019. Telefonv\u00e4xeln betj\u00e4nar inte under ovann\u00e4mnda dagar. &nbsp; Vi \u00f6nskar er en trevlig sj\u00e4lvst\u00e4ndighetsdag och\u2026 L\u00e4s mera &raquo;\" \/>\n<meta property=\"og:url\" content=\"https:\/\/www.sagafurs.com\/sv\/bolaget\/nyheter\/saga-furs-avvikande-oppethallningstider-i-december-2018\/\" \/>\n<meta property=\"og:site_name\" content=\"Sagafurs\" \/>\n<meta property=\"article:modified_time\" content=\"2018-12-05T10:12:54+00:00\" \/>\n<meta name=\"twitter:card\" content=\"summary_large_image\" \/>\n<script type=\"application\/ld+json\" class=\"yoast-schema-graph\">{\"@context\":\"https:\\\/\\\/schema.org\",\"@graph\":[{\"@type\":\"WebPage\",\"@id\":\"https:\\\/\\\/www.sagafurs.com\\\/sv\\\/bolaget\\\/nyheter\\\/saga-furs-avvikande-oppethallningstider-i-december-2018\\\/\",\"url\":\"https:\\\/\\\/www.sagafurs.com\\\/sv\\\/bolaget\\\/nyheter\\\/saga-furs-avvikande-oppethallningstider-i-december-2018\\\/\",\"name\":\"Saga Furs\u2019 avvikande \u00f6ppeth\u00e5llningstider i december 2018 - Sagafurs\",\"isPartOf\":{\"@id\":\"https:\\\/\\\/www.sagafurs.com\\\/#website\"},\"datePublished\":\"2018-12-05T10:10:05+00:00\",\"dateModified\":\"2018-12-05T10:12:54+00:00\",\"breadcrumb\":{\"@id\":\"https:\\\/\\\/www.sagafurs.com\\\/sv\\\/bolaget\\\/nyheter\\\/saga-furs-avvikande-oppethallningstider-i-december-2018\\\/#breadcrumb\"},\"inLanguage\":\"sv-SE\",\"potentialAction\":[{\"@type\":\"ReadAction\",\"target\":[\"https:\\\/\\\/www.sagafurs.com\\\/sv\\\/bolaget\\\/nyheter\\\/saga-furs-avvikande-oppethallningstider-i-december-2018\\\/\"]}]},{\"@type\":\"BreadcrumbList\",\"@id\":\"https:\\\/\\\/www.sagafurs.com\\\/sv\\\/bolaget\\\/nyheter\\\/saga-furs-avvikande-oppethallningstider-i-december-2018\\\/#breadcrumb\",\"itemListElement\":[{\"@type\":\"ListItem\",\"position\":1,\"name\":\"Home\",\"item\":\"https:\\\/\\\/www.sagafurs.com\\\/sv\\\/\"},{\"@type\":\"ListItem\",\"position\":2,\"name\":\"Saga Furs\u2019 avvikande \u00f6ppeth\u00e5llningstider i december 2018\"}]},{\"@type\":\"WebSite\",\"@id\":\"https:\\\/\\\/www.sagafurs.com\\\/#website\",\"url\":\"https:\\\/\\\/www.sagafurs.com\\\/\",\"name\":\"Sagafurs\",\"description\":\"Sagafurs\",\"potentialAction\":[{\"@type\":\"SearchAction\",\"target\":{\"@type\":\"EntryPoint\",\"urlTemplate\":\"https:\\\/\\\/www.sagafurs.com\\\/?s={search_term_string}\"},\"query-input\":{\"@type\":\"PropertyValueSpecification\",\"valueRequired\":true,\"valueName\":\"search_term_string\"}}],\"inLanguage\":\"sv-SE\"}]}<\/script>\n<!-- \/ Yoast SEO plugin. -->","yoast_head_json":{"title":"Saga Furs\u2019 avvikande \u00f6ppeth\u00e5llningstider i december 2018 - Sagafurs","robots":{"index":"index","follow":"follow","max-snippet":"max-snippet:-1","max-image-preview":"max-image-preview:large","max-video-preview":"max-video-preview:-1"},"canonical":"https:\/\/www.sagafurs.com\/sv\/bolaget\/nyheter\/saga-furs-avvikande-oppethallningstider-i-december-2018\/","og_locale":"sv_SE","og_type":"article","og_title":"Saga Furs\u2019 avvikande \u00f6ppeth\u00e5llningstider i december 2018 - Sagafurs","og_description":"Saga Furs\u2019 kontor i Vanda \u00e4r st\u00e4ngt torsdagen den 6.12 samt fredagen den 7.12 pga. Finlands sj\u00e4lvst\u00e4ndighetsdag. Vi b\u00f6rjar sj\u00e4lvstandighetsfirandet klockan 13:30 i dag. Under julhelgen \u00e4r kontoret st\u00e4ngt 24-26.12. Saga Furs\u2019 kontor \u00e4r \u00e4ven st\u00e4ngt ny\u00e5rsafton 31.12.2018 samt ny\u00e5rsdagen 1.1.2019. Telefonv\u00e4xeln betj\u00e4nar inte under ovann\u00e4mnda dagar. &nbsp; Vi \u00f6nskar er en trevlig sj\u00e4lvst\u00e4ndighetsdag och\u2026 L\u00e4s mera &raquo;","og_url":"https:\/\/www.sagafurs.com\/sv\/bolaget\/nyheter\/saga-furs-avvikande-oppethallningstider-i-december-2018\/","og_site_name":"Sagafurs","article_modified_time":"2018-12-05T10:12:54+00:00","twitter_card":"summary_large_image","schema":{"@context":"https:\/\/schema.org","@graph":[{"@type":"WebPage","@id":"https:\/\/www.sagafurs.com\/sv\/bolaget\/nyheter\/saga-furs-avvikande-oppethallningstider-i-december-2018\/","url":"https:\/\/www.sagafurs.com\/sv\/bolaget\/nyheter\/saga-furs-avvikande-oppethallningstider-i-december-2018\/","name":"Saga Furs\u2019 avvikande \u00f6ppeth\u00e5llningstider i december 2018 - Sagafurs","isPartOf":{"@id":"https:\/\/www.sagafurs.com\/#website"},"datePublished":"2018-12-05T10:10:05+00:00","dateModified":"2018-12-05T10:12:54+00:00","breadcrumb":{"@id":"https:\/\/www.sagafurs.com\/sv\/bolaget\/nyheter\/saga-furs-avvikande-oppethallningstider-i-december-2018\/#breadcrumb"},"inLanguage":"sv-SE","potentialAction":[{"@type":"ReadAction","target":["https:\/\/www.sagafurs.com\/sv\/bolaget\/nyheter\/saga-furs-avvikande-oppethallningstider-i-december-2018\/"]}]},{"@type":"BreadcrumbList","@id":"https:\/\/www.sagafurs.com\/sv\/bolaget\/nyheter\/saga-furs-avvikande-oppethallningstider-i-december-2018\/#breadcrumb","itemListElement":[{"@type":"ListItem","position":1,"name":"Home","item":"https:\/\/www.sagafurs.com\/sv\/"},{"@type":"ListItem","position":2,"name":"Saga Furs\u2019 avvikande \u00f6ppeth\u00e5llningstider i december 2018"}]},{"@type":"WebSite","@id":"https:\/\/www.sagafurs.com\/#website","url":"https:\/\/www.sagafurs.com\/","name":"Sagafurs","description":"Sagafurs","potentialAction":[{"@type":"SearchAction","target":{"@type":"EntryPoint","urlTemplate":"https:\/\/www.sagafurs.com\/?s={search_term_string}"},"query-input":{"@type":"PropertyValueSpecification","valueRequired":true,"valueName":"search_term_string"}}],"inLanguage":"sv-SE"}]}},"_links":{"self":[{"href":"https:\/\/www.sagafurs.com\/sv\/wp-json\/wp\/v2\/news\/169594","targetHints":{"allow":["GET"]}}],"collection":[{"href":"https:\/\/www.sagafurs.com\/sv\/wp-json\/wp\/v2\/news"}],"about":[{"href":"https:\/\/www.sagafurs.com\/sv\/wp-json\/wp\/v2\/types\/news"}],"version-history":[{"count":0,"href":"https:\/\/www.sagafurs.com\/sv\/wp-json\/wp\/v2\/news\/169594\/revisions"}],"wp:attachment":[{"href":"https:\/\/www.sagafurs.com\/sv\/wp-json\/wp\/v2\/media?parent=169594"}],"curies":[{"name":"wp","href":"https:\/\/api.w.org\/{rel}","templated":true}]}}