{"id":169736,"date":"2018-12-20T15:46:34","date_gmt":"2018-12-20T14:46:34","guid":{"rendered":"https:\/\/www.sagafurs.com\/?post_type=news&#038;p=169736\/"},"modified":"2018-12-21T08:31:42","modified_gmt":"2018-12-21T07:31:42","slug":"saga-furs-ordnade-rakenskapsperiodens-forsta-auktion-forsaljningen-fordelades-mellan-alla-marknader","status":"publish","type":"news","link":"https:\/\/www.sagafurs.com\/sv\/bolaget\/nyheter\/saga-furs-ordnade-rakenskapsperiodens-forsta-auktion-forsaljningen-fordelades-mellan-alla-marknader\/","title":{"rendered":"Saga Furs\u2019 ordnade r\u00e4kenskapsperiodens f\u00f6rsta auktion \u2013 f\u00f6rs\u00e4ljningen f\u00f6rdelades mellan alla marknader  \u00a0"},"content":{"rendered":"<p>Saga Furs Oyj, b\u00f6rsmeddelande, 20.12.2018 kl. 16.35<\/p>\n<p>Den internationella modeindustrin deltog aktivt i Saga Furs\u2019 p\u00e4lsauktion, som avslutades torsdagen den 20.12.2018. Under den tv\u00e5 dagar l\u00e5nga auktionen bj\u00f6ds ut ca 280\u00a0000 certifierade Saga-r\u00e4v- och ca 35\u00a0000 certifierade Saga-finnsjubbskinn. Dessutom bj\u00f6ds ut karakul-lamm- och sobelskinn. \u00d6ver 200 k\u00f6pare deltog i auktionen, och v\u00e4rdet p\u00e5 den totala auktionsf\u00f6rs\u00e4ljningen var 20 miljoner euro (18 milj. euro i december 2017).<\/p>\n<p>Bl\u00e5r\u00e4vskinnen s\u00e5ldes i dag till 100 procent till n\u00e4rap\u00e5 samma prisniv\u00e5 som vid septemberauktionen, och ett positivt tecken var att f\u00f6rs\u00e4ljningen f\u00f6rdelades mellan olika marknader. Priserna t\u00e4cker dock tyv\u00e4rr inte skinnens produktionskostnader. Prisniv\u00e5n p\u00e5 shadowr\u00e4v sj\u00f6nk en aning men var klart h\u00f6gre j\u00e4mf\u00f6rt med bl\u00e5r\u00e4vskinnen. De \u00f6vriga r\u00e4vskinnen s\u00e5ldes till ca 80 procent till stabila eller l\u00e4tt sjunkande priser. Finnsjubbskinnen s\u00e5ldes till 100 procent och prisniv\u00e5n sj\u00f6nk ca 10 procent j\u00e4mf\u00f6rt med septemberauktionen. Auktionsink\u00f6pen gjordes till Kina och modeindustrin i Europa med kraftigt st\u00f6d av Korea, Turkiet och Ryssland.<\/p>\n<p>\u201dResultatet vid s\u00e4songens f\u00f6rsta auktion var p\u00e5 det stora hela enligt f\u00f6rv\u00e4ntningarna. R\u00e4v- och finnsjubbf\u00f6rs\u00e4ljningen f\u00f6rdelades j\u00e4mt mellan de olika marknadsomr\u00e5dena, vilket \u00e4r ett tecken p\u00e5 att p\u00e4ls anv\u00e4nds till besatser och plagg p\u00e5 alla marknader. Bl\u00e5r\u00e4vskinnens verkliga marknadsl\u00e4ge klarnar dock under s\u00e4songens f\u00f6ljande auktioner\u201d, s\u00e4ger verkst\u00e4llande direkt\u00f6r <strong>Pertti Fallenius<\/strong>.<\/p>\n<p>Saga Furs ordnar n\u00e4sta auktion den 8-15.3.2019, d\u00e5 utbuden f\u00f6rutom r\u00e4v- och finnsjubbskinn \u00e4ven inneh\u00e5ller minkskinn. Auktionen ordnas i samarbete med det nordamerikanska auktionsbolaget Fur Harvesters Auction Inc.<\/p>\n","protected":false},"excerpt":{"rendered":"<p>Saga Furs Oyj, b\u00f6rsmeddelande, 20.12.2018 kl. 16.35 Den internationella modeindustrin deltog aktivt i Saga Furs\u2019 p\u00e4lsauktion, som avslutades torsdagen den 20.12.2018. Under den tv\u00e5 dagar l\u00e5nga auktionen bj\u00f6ds ut ca 280\u00a0000 certifierade Saga-r\u00e4v- och ca 35\u00a0000 certifierade Saga-finnsjubbskinn. Dessutom bj\u00f6ds ut karakul-lamm- och sobelskinn. \u00d6ver 200 k\u00f6pare deltog i auktionen, och v\u00e4rdet p\u00e5 den totala<a class=\"excerpt-read-more\" href=\"https:\/\/www.sagafurs.com\/sv\/bolaget\/nyheter\/saga-furs-ordnade-rakenskapsperiodens-forsta-auktion-forsaljningen-fordelades-mellan-alla-marknader\/\" title=\"L\u00e4sSaga Furs\u2019 ordnade r\u00e4kenskapsperiodens f\u00f6rsta auktion \u2013 f\u00f6rs\u00e4ljningen f\u00f6rdelades mellan alla marknader  \u00a0\">\u2026 L\u00e4s mera &raquo;<\/a><\/p>\n","protected":false},"featured_media":0,"template":"","class_list":["post-169736","news","type-news","status-publish","hentry","news_category-auction-sv"],"acf":[],"yoast_head":"<!-- This site is optimized with the Yoast SEO plugin v27.4 - https:\/\/yoast.com\/product\/yoast-seo-wordpress\/ -->\n<title>Saga Furs\u2019 ordnade r\u00e4kenskapsperiodens f\u00f6rsta auktion \u2013 f\u00f6rs\u00e4ljningen f\u00f6rdelades mellan alla marknader \u00a0 - Sagafurs<\/title>\n<meta name=\"robots\" content=\"index, follow, max-snippet:-1, max-image-preview:large, max-video-preview:-1\" \/>\n<link rel=\"canonical\" href=\"https:\/\/www.sagafurs.com\/sv\/bolaget\/nyheter\/saga-furs-ordnade-rakenskapsperiodens-forsta-auktion-forsaljningen-fordelades-mellan-alla-marknader\/\" \/>\n<meta property=\"og:locale\" content=\"sv_SE\" \/>\n<meta property=\"og:type\" content=\"article\" \/>\n<meta property=\"og:title\" content=\"Saga Furs\u2019 ordnade r\u00e4kenskapsperiodens f\u00f6rsta auktion \u2013 f\u00f6rs\u00e4ljningen f\u00f6rdelades mellan alla marknader \u00a0 - Sagafurs\" \/>\n<meta property=\"og:description\" content=\"Saga Furs Oyj, b\u00f6rsmeddelande, 20.12.2018 kl. 16.35 Den internationella modeindustrin deltog aktivt i Saga Furs\u2019 p\u00e4lsauktion, som avslutades torsdagen den 20.12.2018. Under den tv\u00e5 dagar l\u00e5nga auktionen bj\u00f6ds ut ca 280\u00a0000 certifierade Saga-r\u00e4v- och ca 35\u00a0000 certifierade Saga-finnsjubbskinn. Dessutom bj\u00f6ds ut karakul-lamm- och sobelskinn. \u00d6ver 200 k\u00f6pare deltog i auktionen, och v\u00e4rdet p\u00e5 den totala\u2026 L\u00e4s mera &raquo;\" \/>\n<meta property=\"og:url\" content=\"https:\/\/www.sagafurs.com\/sv\/bolaget\/nyheter\/saga-furs-ordnade-rakenskapsperiodens-forsta-auktion-forsaljningen-fordelades-mellan-alla-marknader\/\" \/>\n<meta property=\"og:site_name\" content=\"Sagafurs\" \/>\n<meta property=\"article:modified_time\" content=\"2018-12-21T07:31:42+00:00\" \/>\n<meta name=\"twitter:card\" content=\"summary_large_image\" \/>\n<meta name=\"twitter:label1\" content=\"Ber\u00e4knad l\u00e4stid\" \/>\n\t<meta name=\"twitter:data1\" content=\"1 minut\" \/>\n<script type=\"application\/ld+json\" class=\"yoast-schema-graph\">{\"@context\":\"https:\\\/\\\/schema.org\",\"@graph\":[{\"@type\":\"WebPage\",\"@id\":\"https:\\\/\\\/www.sagafurs.com\\\/sv\\\/bolaget\\\/nyheter\\\/saga-furs-ordnade-rakenskapsperiodens-forsta-auktion-forsaljningen-fordelades-mellan-alla-marknader\\\/\",\"url\":\"https:\\\/\\\/www.sagafurs.com\\\/sv\\\/bolaget\\\/nyheter\\\/saga-furs-ordnade-rakenskapsperiodens-forsta-auktion-forsaljningen-fordelades-mellan-alla-marknader\\\/\",\"name\":\"Saga Furs\u2019 ordnade r\u00e4kenskapsperiodens f\u00f6rsta auktion \u2013 f\u00f6rs\u00e4ljningen f\u00f6rdelades mellan alla marknader \u00a0 - Sagafurs\",\"isPartOf\":{\"@id\":\"https:\\\/\\\/www.sagafurs.com\\\/#website\"},\"datePublished\":\"2018-12-20T14:46:34+00:00\",\"dateModified\":\"2018-12-21T07:31:42+00:00\",\"breadcrumb\":{\"@id\":\"https:\\\/\\\/www.sagafurs.com\\\/sv\\\/bolaget\\\/nyheter\\\/saga-furs-ordnade-rakenskapsperiodens-forsta-auktion-forsaljningen-fordelades-mellan-alla-marknader\\\/#breadcrumb\"},\"inLanguage\":\"sv-SE\",\"potentialAction\":[{\"@type\":\"ReadAction\",\"target\":[\"https:\\\/\\\/www.sagafurs.com\\\/sv\\\/bolaget\\\/nyheter\\\/saga-furs-ordnade-rakenskapsperiodens-forsta-auktion-forsaljningen-fordelades-mellan-alla-marknader\\\/\"]}]},{\"@type\":\"BreadcrumbList\",\"@id\":\"https:\\\/\\\/www.sagafurs.com\\\/sv\\\/bolaget\\\/nyheter\\\/saga-furs-ordnade-rakenskapsperiodens-forsta-auktion-forsaljningen-fordelades-mellan-alla-marknader\\\/#breadcrumb\",\"itemListElement\":[{\"@type\":\"ListItem\",\"position\":1,\"name\":\"Home\",\"item\":\"https:\\\/\\\/www.sagafurs.com\\\/sv\\\/\"},{\"@type\":\"ListItem\",\"position\":2,\"name\":\"Saga Furs\u2019 ordnade r\u00e4kenskapsperiodens f\u00f6rsta auktion \u2013 f\u00f6rs\u00e4ljningen f\u00f6rdelades mellan alla marknader \u00a0\"}]},{\"@type\":\"WebSite\",\"@id\":\"https:\\\/\\\/www.sagafurs.com\\\/#website\",\"url\":\"https:\\\/\\\/www.sagafurs.com\\\/\",\"name\":\"Sagafurs\",\"description\":\"Sagafurs\",\"potentialAction\":[{\"@type\":\"SearchAction\",\"target\":{\"@type\":\"EntryPoint\",\"urlTemplate\":\"https:\\\/\\\/www.sagafurs.com\\\/?s={search_term_string}\"},\"query-input\":{\"@type\":\"PropertyValueSpecification\",\"valueRequired\":true,\"valueName\":\"search_term_string\"}}],\"inLanguage\":\"sv-SE\"}]}<\/script>\n<!-- \/ Yoast SEO plugin. -->","yoast_head_json":{"title":"Saga Furs\u2019 ordnade r\u00e4kenskapsperiodens f\u00f6rsta auktion \u2013 f\u00f6rs\u00e4ljningen f\u00f6rdelades mellan alla marknader \u00a0 - Sagafurs","robots":{"index":"index","follow":"follow","max-snippet":"max-snippet:-1","max-image-preview":"max-image-preview:large","max-video-preview":"max-video-preview:-1"},"canonical":"https:\/\/www.sagafurs.com\/sv\/bolaget\/nyheter\/saga-furs-ordnade-rakenskapsperiodens-forsta-auktion-forsaljningen-fordelades-mellan-alla-marknader\/","og_locale":"sv_SE","og_type":"article","og_title":"Saga Furs\u2019 ordnade r\u00e4kenskapsperiodens f\u00f6rsta auktion \u2013 f\u00f6rs\u00e4ljningen f\u00f6rdelades mellan alla marknader \u00a0 - Sagafurs","og_description":"Saga Furs Oyj, b\u00f6rsmeddelande, 20.12.2018 kl. 16.35 Den internationella modeindustrin deltog aktivt i Saga Furs\u2019 p\u00e4lsauktion, som avslutades torsdagen den 20.12.2018. Under den tv\u00e5 dagar l\u00e5nga auktionen bj\u00f6ds ut ca 280\u00a0000 certifierade Saga-r\u00e4v- och ca 35\u00a0000 certifierade Saga-finnsjubbskinn. Dessutom bj\u00f6ds ut karakul-lamm- och sobelskinn. \u00d6ver 200 k\u00f6pare deltog i auktionen, och v\u00e4rdet p\u00e5 den totala\u2026 L\u00e4s mera &raquo;","og_url":"https:\/\/www.sagafurs.com\/sv\/bolaget\/nyheter\/saga-furs-ordnade-rakenskapsperiodens-forsta-auktion-forsaljningen-fordelades-mellan-alla-marknader\/","og_site_name":"Sagafurs","article_modified_time":"2018-12-21T07:31:42+00:00","twitter_card":"summary_large_image","twitter_misc":{"Ber\u00e4knad l\u00e4stid":"1 minut"},"schema":{"@context":"https:\/\/schema.org","@graph":[{"@type":"WebPage","@id":"https:\/\/www.sagafurs.com\/sv\/bolaget\/nyheter\/saga-furs-ordnade-rakenskapsperiodens-forsta-auktion-forsaljningen-fordelades-mellan-alla-marknader\/","url":"https:\/\/www.sagafurs.com\/sv\/bolaget\/nyheter\/saga-furs-ordnade-rakenskapsperiodens-forsta-auktion-forsaljningen-fordelades-mellan-alla-marknader\/","name":"Saga Furs\u2019 ordnade r\u00e4kenskapsperiodens f\u00f6rsta auktion \u2013 f\u00f6rs\u00e4ljningen f\u00f6rdelades mellan alla marknader \u00a0 - Sagafurs","isPartOf":{"@id":"https:\/\/www.sagafurs.com\/#website"},"datePublished":"2018-12-20T14:46:34+00:00","dateModified":"2018-12-21T07:31:42+00:00","breadcrumb":{"@id":"https:\/\/www.sagafurs.com\/sv\/bolaget\/nyheter\/saga-furs-ordnade-rakenskapsperiodens-forsta-auktion-forsaljningen-fordelades-mellan-alla-marknader\/#breadcrumb"},"inLanguage":"sv-SE","potentialAction":[{"@type":"ReadAction","target":["https:\/\/www.sagafurs.com\/sv\/bolaget\/nyheter\/saga-furs-ordnade-rakenskapsperiodens-forsta-auktion-forsaljningen-fordelades-mellan-alla-marknader\/"]}]},{"@type":"BreadcrumbList","@id":"https:\/\/www.sagafurs.com\/sv\/bolaget\/nyheter\/saga-furs-ordnade-rakenskapsperiodens-forsta-auktion-forsaljningen-fordelades-mellan-alla-marknader\/#breadcrumb","itemListElement":[{"@type":"ListItem","position":1,"name":"Home","item":"https:\/\/www.sagafurs.com\/sv\/"},{"@type":"ListItem","position":2,"name":"Saga Furs\u2019 ordnade r\u00e4kenskapsperiodens f\u00f6rsta auktion \u2013 f\u00f6rs\u00e4ljningen f\u00f6rdelades mellan alla marknader \u00a0"}]},{"@type":"WebSite","@id":"https:\/\/www.sagafurs.com\/#website","url":"https:\/\/www.sagafurs.com\/","name":"Sagafurs","description":"Sagafurs","potentialAction":[{"@type":"SearchAction","target":{"@type":"EntryPoint","urlTemplate":"https:\/\/www.sagafurs.com\/?s={search_term_string}"},"query-input":{"@type":"PropertyValueSpecification","valueRequired":true,"valueName":"search_term_string"}}],"inLanguage":"sv-SE"}]}},"_links":{"self":[{"href":"https:\/\/www.sagafurs.com\/sv\/wp-json\/wp\/v2\/news\/169736","targetHints":{"allow":["GET"]}}],"collection":[{"href":"https:\/\/www.sagafurs.com\/sv\/wp-json\/wp\/v2\/news"}],"about":[{"href":"https:\/\/www.sagafurs.com\/sv\/wp-json\/wp\/v2\/types\/news"}],"version-history":[{"count":0,"href":"https:\/\/www.sagafurs.com\/sv\/wp-json\/wp\/v2\/news\/169736\/revisions"}],"wp:attachment":[{"href":"https:\/\/www.sagafurs.com\/sv\/wp-json\/wp\/v2\/media?parent=169736"}],"curies":[{"name":"wp","href":"https:\/\/api.w.org\/{rel}","templated":true}]}}