{"id":171296,"date":"2019-06-03T08:58:59","date_gmt":"2019-06-03T05:58:59","guid":{"rendered":"https:\/\/www.sagafurs.com\/corporate\/news\/saga-furs-opening-hours-during-summer-2019\/"},"modified":"2019-06-04T09:10:25","modified_gmt":"2019-06-04T06:10:25","slug":"saga-furs-oppethallningstider-sommaren-2019","status":"publish","type":"news","link":"https:\/\/www.sagafurs.com\/sv\/bolaget\/nyheter\/saga-furs-oppethallningstider-sommaren-2019\/","title":{"rendered":"Saga Furs\u2019 \u00f6ppeth\u00e5llningstider sommaren 2019"},"content":{"rendered":"<p>Saga Furs har avvikande \u00f6ppeth\u00e5llningstider under semesterperioden.<\/p>\n<p>Saga Furs \u00e4r st\u00e4ngt p\u00e5 fredagarna under perioden 21.6.2019 &#8211; 30.8.2019. Kontoret \u00e4r \u00e4ven st\u00e4ngt 5-11 augusti.<\/p>\n<p>Vi \u00f6nskar alla en trevlig sommar!<\/p>\n<p>Saga Furs<\/p>\n<p>&nbsp;<\/p>\n","protected":false},"excerpt":{"rendered":"<p>Saga Furs har avvikande \u00f6ppeth\u00e5llningstider under semesterperioden. Saga Furs \u00e4r st\u00e4ngt p\u00e5 fredagarna under perioden 21.6.2019 &#8211; 30.8.2019. Kontoret \u00e4r \u00e4ven st\u00e4ngt 5-11 augusti. Vi \u00f6nskar alla en trevlig sommar! Saga Furs &nbsp;<\/p>\n","protected":false},"featured_media":0,"template":"","class_list":["post-171296","news","type-news","status-publish","hentry","news_category-corporate-sv"],"acf":[],"yoast_head":"<!-- This site is optimized with the Yoast SEO plugin v27.4 - https:\/\/yoast.com\/product\/yoast-seo-wordpress\/ -->\n<title>Saga Furs\u2019 \u00f6ppeth\u00e5llningstider sommaren 2019 - Sagafurs<\/title>\n<meta name=\"robots\" content=\"index, follow, max-snippet:-1, max-image-preview:large, max-video-preview:-1\" \/>\n<link rel=\"canonical\" href=\"https:\/\/www.sagafurs.com\/sv\/bolaget\/nyheter\/saga-furs-oppethallningstider-sommaren-2019\/\" \/>\n<meta property=\"og:locale\" content=\"sv_SE\" \/>\n<meta property=\"og:type\" content=\"article\" \/>\n<meta property=\"og:title\" content=\"Saga Furs\u2019 \u00f6ppeth\u00e5llningstider sommaren 2019 - Sagafurs\" \/>\n<meta property=\"og:description\" content=\"Saga Furs har avvikande \u00f6ppeth\u00e5llningstider under semesterperioden. Saga Furs \u00e4r st\u00e4ngt p\u00e5 fredagarna under perioden 21.6.2019 &#8211; 30.8.2019. Kontoret \u00e4r \u00e4ven st\u00e4ngt 5-11 augusti. Vi \u00f6nskar alla en trevlig sommar! Saga Furs &nbsp;\" \/>\n<meta property=\"og:url\" content=\"https:\/\/www.sagafurs.com\/sv\/bolaget\/nyheter\/saga-furs-oppethallningstider-sommaren-2019\/\" \/>\n<meta property=\"og:site_name\" content=\"Sagafurs\" \/>\n<meta property=\"article:modified_time\" content=\"2019-06-04T06:10:25+00:00\" \/>\n<meta name=\"twitter:card\" content=\"summary_large_image\" \/>\n<script type=\"application\/ld+json\" class=\"yoast-schema-graph\">{\"@context\":\"https:\\\/\\\/schema.org\",\"@graph\":[{\"@type\":\"WebPage\",\"@id\":\"https:\\\/\\\/www.sagafurs.com\\\/sv\\\/bolaget\\\/nyheter\\\/saga-furs-oppethallningstider-sommaren-2019\\\/\",\"url\":\"https:\\\/\\\/www.sagafurs.com\\\/sv\\\/bolaget\\\/nyheter\\\/saga-furs-oppethallningstider-sommaren-2019\\\/\",\"name\":\"Saga Furs\u2019 \u00f6ppeth\u00e5llningstider sommaren 2019 - Sagafurs\",\"isPartOf\":{\"@id\":\"https:\\\/\\\/www.sagafurs.com\\\/#website\"},\"datePublished\":\"2019-06-03T05:58:59+00:00\",\"dateModified\":\"2019-06-04T06:10:25+00:00\",\"breadcrumb\":{\"@id\":\"https:\\\/\\\/www.sagafurs.com\\\/sv\\\/bolaget\\\/nyheter\\\/saga-furs-oppethallningstider-sommaren-2019\\\/#breadcrumb\"},\"inLanguage\":\"sv-SE\",\"potentialAction\":[{\"@type\":\"ReadAction\",\"target\":[\"https:\\\/\\\/www.sagafurs.com\\\/sv\\\/bolaget\\\/nyheter\\\/saga-furs-oppethallningstider-sommaren-2019\\\/\"]}]},{\"@type\":\"BreadcrumbList\",\"@id\":\"https:\\\/\\\/www.sagafurs.com\\\/sv\\\/bolaget\\\/nyheter\\\/saga-furs-oppethallningstider-sommaren-2019\\\/#breadcrumb\",\"itemListElement\":[{\"@type\":\"ListItem\",\"position\":1,\"name\":\"Home\",\"item\":\"https:\\\/\\\/www.sagafurs.com\\\/sv\\\/\"},{\"@type\":\"ListItem\",\"position\":2,\"name\":\"Saga Furs\u2019 \u00f6ppeth\u00e5llningstider sommaren 2019\"}]},{\"@type\":\"WebSite\",\"@id\":\"https:\\\/\\\/www.sagafurs.com\\\/#website\",\"url\":\"https:\\\/\\\/www.sagafurs.com\\\/\",\"name\":\"Sagafurs\",\"description\":\"Sagafurs\",\"potentialAction\":[{\"@type\":\"SearchAction\",\"target\":{\"@type\":\"EntryPoint\",\"urlTemplate\":\"https:\\\/\\\/www.sagafurs.com\\\/?s={search_term_string}\"},\"query-input\":{\"@type\":\"PropertyValueSpecification\",\"valueRequired\":true,\"valueName\":\"search_term_string\"}}],\"inLanguage\":\"sv-SE\"}]}<\/script>\n<!-- \/ Yoast SEO plugin. -->","yoast_head_json":{"title":"Saga Furs\u2019 \u00f6ppeth\u00e5llningstider sommaren 2019 - Sagafurs","robots":{"index":"index","follow":"follow","max-snippet":"max-snippet:-1","max-image-preview":"max-image-preview:large","max-video-preview":"max-video-preview:-1"},"canonical":"https:\/\/www.sagafurs.com\/sv\/bolaget\/nyheter\/saga-furs-oppethallningstider-sommaren-2019\/","og_locale":"sv_SE","og_type":"article","og_title":"Saga Furs\u2019 \u00f6ppeth\u00e5llningstider sommaren 2019 - Sagafurs","og_description":"Saga Furs har avvikande \u00f6ppeth\u00e5llningstider under semesterperioden. Saga Furs \u00e4r st\u00e4ngt p\u00e5 fredagarna under perioden 21.6.2019 &#8211; 30.8.2019. Kontoret \u00e4r \u00e4ven st\u00e4ngt 5-11 augusti. Vi \u00f6nskar alla en trevlig sommar! Saga Furs &nbsp;","og_url":"https:\/\/www.sagafurs.com\/sv\/bolaget\/nyheter\/saga-furs-oppethallningstider-sommaren-2019\/","og_site_name":"Sagafurs","article_modified_time":"2019-06-04T06:10:25+00:00","twitter_card":"summary_large_image","schema":{"@context":"https:\/\/schema.org","@graph":[{"@type":"WebPage","@id":"https:\/\/www.sagafurs.com\/sv\/bolaget\/nyheter\/saga-furs-oppethallningstider-sommaren-2019\/","url":"https:\/\/www.sagafurs.com\/sv\/bolaget\/nyheter\/saga-furs-oppethallningstider-sommaren-2019\/","name":"Saga Furs\u2019 \u00f6ppeth\u00e5llningstider sommaren 2019 - Sagafurs","isPartOf":{"@id":"https:\/\/www.sagafurs.com\/#website"},"datePublished":"2019-06-03T05:58:59+00:00","dateModified":"2019-06-04T06:10:25+00:00","breadcrumb":{"@id":"https:\/\/www.sagafurs.com\/sv\/bolaget\/nyheter\/saga-furs-oppethallningstider-sommaren-2019\/#breadcrumb"},"inLanguage":"sv-SE","potentialAction":[{"@type":"ReadAction","target":["https:\/\/www.sagafurs.com\/sv\/bolaget\/nyheter\/saga-furs-oppethallningstider-sommaren-2019\/"]}]},{"@type":"BreadcrumbList","@id":"https:\/\/www.sagafurs.com\/sv\/bolaget\/nyheter\/saga-furs-oppethallningstider-sommaren-2019\/#breadcrumb","itemListElement":[{"@type":"ListItem","position":1,"name":"Home","item":"https:\/\/www.sagafurs.com\/sv\/"},{"@type":"ListItem","position":2,"name":"Saga Furs\u2019 \u00f6ppeth\u00e5llningstider sommaren 2019"}]},{"@type":"WebSite","@id":"https:\/\/www.sagafurs.com\/#website","url":"https:\/\/www.sagafurs.com\/","name":"Sagafurs","description":"Sagafurs","potentialAction":[{"@type":"SearchAction","target":{"@type":"EntryPoint","urlTemplate":"https:\/\/www.sagafurs.com\/?s={search_term_string}"},"query-input":{"@type":"PropertyValueSpecification","valueRequired":true,"valueName":"search_term_string"}}],"inLanguage":"sv-SE"}]}},"_links":{"self":[{"href":"https:\/\/www.sagafurs.com\/sv\/wp-json\/wp\/v2\/news\/171296","targetHints":{"allow":["GET"]}}],"collection":[{"href":"https:\/\/www.sagafurs.com\/sv\/wp-json\/wp\/v2\/news"}],"about":[{"href":"https:\/\/www.sagafurs.com\/sv\/wp-json\/wp\/v2\/types\/news"}],"version-history":[{"count":0,"href":"https:\/\/www.sagafurs.com\/sv\/wp-json\/wp\/v2\/news\/171296\/revisions"}],"wp:attachment":[{"href":"https:\/\/www.sagafurs.com\/sv\/wp-json\/wp\/v2\/media?parent=171296"}],"curies":[{"name":"wp","href":"https:\/\/api.w.org\/{rel}","templated":true}]}}