{"id":171343,"date":"2019-06-07T08:08:31","date_gmt":"2019-06-07T05:08:31","guid":{"rendered":"https:\/\/www.sagafurs.com\/?post_type=news&#038;p=171343\/"},"modified":"2019-06-07T08:08:31","modified_gmt":"2019-06-07T05:08:31","slug":"saga-furs-palsauktion-inleds-pa-mandagen","status":"publish","type":"news","link":"https:\/\/www.sagafurs.com\/sv\/bolaget\/nyheter\/saga-furs-palsauktion-inleds-pa-mandagen\/","title":{"rendered":"Saga Furs\u2019 p\u00e4lsauktion inleds p\u00e5 m\u00e5ndagen"},"content":{"rendered":"<p>Saga Furs\u2019 juniauktion inleds i Vanda m\u00e5ndagen den 10.6.2019. Vid auktionen bjuds ut ca 4,0 miljoner Saga\u00ae-minkskinn och 610 000 certifierade Saga \u00ae-r\u00e4vskinn samt 35 000 certifierade Saga\u00ae- finnsjubbskinn. Dessutom bjuds ut karakul-lammskinn och Sagas kanadensiska samarbetspartner Fur Harvester Auctions bjuder ut vilda skinn. Auktionen fortg\u00e5r \u00f6ver veckoslutet och avslutas m\u00e5ndagen den 17.6.<\/p>\n<p>Till auktionen v\u00e4ntas ca 450 k\u00f6pare fr\u00e5n samtliga huvudmarknader, dvs. Kina, Ryssland, Sydkorea och de viktigaste modemarknaderna i Europa.<br \/>\n\u201dSaga Furs har satsat p\u00e5 och investerat i farmcertifieringen som iakttar principerna f\u00f6r h\u00e5llbar utveckling, och certifieringen, ansvarsfullhet samt v\u00e5ra omfattande skinnutbud \u00e4r orsakerna till att k\u00f6parna deltar i v\u00e5ra auktioner\u201d, s\u00e4ger verkst\u00e4llande direkt\u00f6r <strong>Pertti Fallenius<\/strong>. Nuf\u00f6rtiden anv\u00e4nds p\u00e4ls allt mer m\u00e5ngsidigt som r\u00e5material inom textil- och modeindustrin som ett h\u00e5llbart naturmaterial bland m\u00e5nga andra.<\/p>\n<p>Saga Furs publicerar ett b\u00f6rsmeddelande om auktionsf\u00f6rs\u00e4ljningen tisdagen den 11.6 efter r\u00e4vf\u00f6rs\u00e4ljningen samt om hela auktionens resultat m\u00e5ndagen den 17.6.2019. Bolaget rapporterar dessutom dagligen om f\u00f6rs\u00e4ljningsresultaten p\u00e5 sina hemsidor. Det detaljerade f\u00f6rs\u00e4ljningsprogrammet finns tillg\u00e4ngligt p\u00e5 bolaget hemsidor under Auktioner.<\/p>\n","protected":false},"excerpt":{"rendered":"<p>Saga Furs\u2019 juniauktion inleds i Vanda m\u00e5ndagen den 10.6.2019. Vid auktionen bjuds ut ca 4,0 miljoner Saga\u00ae-minkskinn och 610 000 certifierade Saga \u00ae-r\u00e4vskinn samt 35 000 certifierade Saga\u00ae- finnsjubbskinn. Dessutom bjuds ut karakul-lammskinn och Sagas kanadensiska samarbetspartner Fur Harvester Auctions bjuder ut vilda skinn. Auktionen fortg\u00e5r \u00f6ver veckoslutet och avslutas m\u00e5ndagen den 17.6. Till auktionen<a class=\"excerpt-read-more\" href=\"https:\/\/www.sagafurs.com\/sv\/bolaget\/nyheter\/saga-furs-palsauktion-inleds-pa-mandagen\/\" title=\"L\u00e4sSaga Furs\u2019 p\u00e4lsauktion inleds p\u00e5 m\u00e5ndagen\">\u2026 L\u00e4s mera &raquo;<\/a><\/p>\n","protected":false},"featured_media":0,"template":"","class_list":["post-171343","news","type-news","status-publish","hentry","news_category-auction-sv"],"acf":[],"yoast_head":"<!-- This site is optimized with the Yoast SEO plugin v27.4 - https:\/\/yoast.com\/product\/yoast-seo-wordpress\/ -->\n<title>Saga Furs\u2019 p\u00e4lsauktion inleds p\u00e5 m\u00e5ndagen - Sagafurs<\/title>\n<meta name=\"robots\" content=\"index, follow, max-snippet:-1, max-image-preview:large, max-video-preview:-1\" \/>\n<link rel=\"canonical\" href=\"https:\/\/www.sagafurs.com\/sv\/bolaget\/nyheter\/saga-furs-palsauktion-inleds-pa-mandagen\/\" \/>\n<meta property=\"og:locale\" content=\"sv_SE\" \/>\n<meta property=\"og:type\" content=\"article\" \/>\n<meta property=\"og:title\" content=\"Saga Furs\u2019 p\u00e4lsauktion inleds p\u00e5 m\u00e5ndagen - Sagafurs\" \/>\n<meta property=\"og:description\" content=\"Saga Furs\u2019 juniauktion inleds i Vanda m\u00e5ndagen den 10.6.2019. Vid auktionen bjuds ut ca 4,0 miljoner Saga\u00ae-minkskinn och 610 000 certifierade Saga \u00ae-r\u00e4vskinn samt 35 000 certifierade Saga\u00ae- finnsjubbskinn. Dessutom bjuds ut karakul-lammskinn och Sagas kanadensiska samarbetspartner Fur Harvester Auctions bjuder ut vilda skinn. Auktionen fortg\u00e5r \u00f6ver veckoslutet och avslutas m\u00e5ndagen den 17.6. Till auktionen\u2026 L\u00e4s mera &raquo;\" \/>\n<meta property=\"og:url\" content=\"https:\/\/www.sagafurs.com\/sv\/bolaget\/nyheter\/saga-furs-palsauktion-inleds-pa-mandagen\/\" \/>\n<meta property=\"og:site_name\" content=\"Sagafurs\" \/>\n<meta name=\"twitter:card\" content=\"summary_large_image\" \/>\n<meta name=\"twitter:label1\" content=\"Ber\u00e4knad l\u00e4stid\" \/>\n\t<meta name=\"twitter:data1\" content=\"1 minut\" \/>\n<script type=\"application\/ld+json\" class=\"yoast-schema-graph\">{\"@context\":\"https:\\\/\\\/schema.org\",\"@graph\":[{\"@type\":\"WebPage\",\"@id\":\"https:\\\/\\\/www.sagafurs.com\\\/sv\\\/bolaget\\\/nyheter\\\/saga-furs-palsauktion-inleds-pa-mandagen\\\/\",\"url\":\"https:\\\/\\\/www.sagafurs.com\\\/sv\\\/bolaget\\\/nyheter\\\/saga-furs-palsauktion-inleds-pa-mandagen\\\/\",\"name\":\"Saga Furs\u2019 p\u00e4lsauktion inleds p\u00e5 m\u00e5ndagen - Sagafurs\",\"isPartOf\":{\"@id\":\"https:\\\/\\\/www.sagafurs.com\\\/#website\"},\"datePublished\":\"2019-06-07T05:08:31+00:00\",\"breadcrumb\":{\"@id\":\"https:\\\/\\\/www.sagafurs.com\\\/sv\\\/bolaget\\\/nyheter\\\/saga-furs-palsauktion-inleds-pa-mandagen\\\/#breadcrumb\"},\"inLanguage\":\"sv-SE\",\"potentialAction\":[{\"@type\":\"ReadAction\",\"target\":[\"https:\\\/\\\/www.sagafurs.com\\\/sv\\\/bolaget\\\/nyheter\\\/saga-furs-palsauktion-inleds-pa-mandagen\\\/\"]}]},{\"@type\":\"BreadcrumbList\",\"@id\":\"https:\\\/\\\/www.sagafurs.com\\\/sv\\\/bolaget\\\/nyheter\\\/saga-furs-palsauktion-inleds-pa-mandagen\\\/#breadcrumb\",\"itemListElement\":[{\"@type\":\"ListItem\",\"position\":1,\"name\":\"Home\",\"item\":\"https:\\\/\\\/www.sagafurs.com\\\/sv\\\/\"},{\"@type\":\"ListItem\",\"position\":2,\"name\":\"Saga Furs\u2019 p\u00e4lsauktion inleds p\u00e5 m\u00e5ndagen\"}]},{\"@type\":\"WebSite\",\"@id\":\"https:\\\/\\\/www.sagafurs.com\\\/#website\",\"url\":\"https:\\\/\\\/www.sagafurs.com\\\/\",\"name\":\"Sagafurs\",\"description\":\"Sagafurs\",\"potentialAction\":[{\"@type\":\"SearchAction\",\"target\":{\"@type\":\"EntryPoint\",\"urlTemplate\":\"https:\\\/\\\/www.sagafurs.com\\\/?s={search_term_string}\"},\"query-input\":{\"@type\":\"PropertyValueSpecification\",\"valueRequired\":true,\"valueName\":\"search_term_string\"}}],\"inLanguage\":\"sv-SE\"}]}<\/script>\n<!-- \/ Yoast SEO plugin. -->","yoast_head_json":{"title":"Saga Furs\u2019 p\u00e4lsauktion inleds p\u00e5 m\u00e5ndagen - Sagafurs","robots":{"index":"index","follow":"follow","max-snippet":"max-snippet:-1","max-image-preview":"max-image-preview:large","max-video-preview":"max-video-preview:-1"},"canonical":"https:\/\/www.sagafurs.com\/sv\/bolaget\/nyheter\/saga-furs-palsauktion-inleds-pa-mandagen\/","og_locale":"sv_SE","og_type":"article","og_title":"Saga Furs\u2019 p\u00e4lsauktion inleds p\u00e5 m\u00e5ndagen - Sagafurs","og_description":"Saga Furs\u2019 juniauktion inleds i Vanda m\u00e5ndagen den 10.6.2019. Vid auktionen bjuds ut ca 4,0 miljoner Saga\u00ae-minkskinn och 610 000 certifierade Saga \u00ae-r\u00e4vskinn samt 35 000 certifierade Saga\u00ae- finnsjubbskinn. Dessutom bjuds ut karakul-lammskinn och Sagas kanadensiska samarbetspartner Fur Harvester Auctions bjuder ut vilda skinn. Auktionen fortg\u00e5r \u00f6ver veckoslutet och avslutas m\u00e5ndagen den 17.6. Till auktionen\u2026 L\u00e4s mera &raquo;","og_url":"https:\/\/www.sagafurs.com\/sv\/bolaget\/nyheter\/saga-furs-palsauktion-inleds-pa-mandagen\/","og_site_name":"Sagafurs","twitter_card":"summary_large_image","twitter_misc":{"Ber\u00e4knad l\u00e4stid":"1 minut"},"schema":{"@context":"https:\/\/schema.org","@graph":[{"@type":"WebPage","@id":"https:\/\/www.sagafurs.com\/sv\/bolaget\/nyheter\/saga-furs-palsauktion-inleds-pa-mandagen\/","url":"https:\/\/www.sagafurs.com\/sv\/bolaget\/nyheter\/saga-furs-palsauktion-inleds-pa-mandagen\/","name":"Saga Furs\u2019 p\u00e4lsauktion inleds p\u00e5 m\u00e5ndagen - Sagafurs","isPartOf":{"@id":"https:\/\/www.sagafurs.com\/#website"},"datePublished":"2019-06-07T05:08:31+00:00","breadcrumb":{"@id":"https:\/\/www.sagafurs.com\/sv\/bolaget\/nyheter\/saga-furs-palsauktion-inleds-pa-mandagen\/#breadcrumb"},"inLanguage":"sv-SE","potentialAction":[{"@type":"ReadAction","target":["https:\/\/www.sagafurs.com\/sv\/bolaget\/nyheter\/saga-furs-palsauktion-inleds-pa-mandagen\/"]}]},{"@type":"BreadcrumbList","@id":"https:\/\/www.sagafurs.com\/sv\/bolaget\/nyheter\/saga-furs-palsauktion-inleds-pa-mandagen\/#breadcrumb","itemListElement":[{"@type":"ListItem","position":1,"name":"Home","item":"https:\/\/www.sagafurs.com\/sv\/"},{"@type":"ListItem","position":2,"name":"Saga Furs\u2019 p\u00e4lsauktion inleds p\u00e5 m\u00e5ndagen"}]},{"@type":"WebSite","@id":"https:\/\/www.sagafurs.com\/#website","url":"https:\/\/www.sagafurs.com\/","name":"Sagafurs","description":"Sagafurs","potentialAction":[{"@type":"SearchAction","target":{"@type":"EntryPoint","urlTemplate":"https:\/\/www.sagafurs.com\/?s={search_term_string}"},"query-input":{"@type":"PropertyValueSpecification","valueRequired":true,"valueName":"search_term_string"}}],"inLanguage":"sv-SE"}]}},"_links":{"self":[{"href":"https:\/\/www.sagafurs.com\/sv\/wp-json\/wp\/v2\/news\/171343","targetHints":{"allow":["GET"]}}],"collection":[{"href":"https:\/\/www.sagafurs.com\/sv\/wp-json\/wp\/v2\/news"}],"about":[{"href":"https:\/\/www.sagafurs.com\/sv\/wp-json\/wp\/v2\/types\/news"}],"version-history":[{"count":0,"href":"https:\/\/www.sagafurs.com\/sv\/wp-json\/wp\/v2\/news\/171343\/revisions"}],"wp:attachment":[{"href":"https:\/\/www.sagafurs.com\/sv\/wp-json\/wp\/v2\/media?parent=171343"}],"curies":[{"name":"wp","href":"https:\/\/api.w.org\/{rel}","templated":true}]}}