{"id":173921,"date":"2020-07-02T18:27:38","date_gmt":"2020-07-02T15:27:38","guid":{"rendered":"https:\/\/www.sagafurs.com\/corporate\/news\/the-impact-of-covid-19-affected-heavily-the-blackglama-sale\/"},"modified":"2020-07-02T18:37:09","modified_gmt":"2020-07-02T15:37:09","slug":"effekterna-av-covid-19-paverkade-kraftigt-blackglama-forsaljningen","status":"publish","type":"news","link":"https:\/\/www.sagafurs.com\/sv\/bolaget\/nyheter\/effekterna-av-covid-19-paverkade-kraftigt-blackglama-forsaljningen\/","title":{"rendered":"Effekterna av Covid-19 p\u00e5verkade kraftigt BLACKGLAMA-f\u00f6rs\u00e4ljningen"},"content":{"rendered":"<p>Auktionen fortsatte idag med f\u00f6rs\u00e4ljning av BLACKGLAMA-, Mahogany- och Palomino- samt svarta minkskinn. F\u00f6rs\u00e4ljningen var \u00e5terigen selektiv p\u00e5 grund av os\u00e4kerheten p\u00e5 marknaderna och Covid-19-l\u00e4get.<\/p>\n<p>F\u00f6rs\u00e4ljningen av BLACKGLAMA- hanskinn var mycket selektiv och st\u00f6rsta delen av skinnen drogs tillbaka eftersom st\u00f6det fr\u00e5n de grekiska marknaderna saknades som en f\u00f6ljd av reserestriktionerna. Utbuden av BLACKGLAMA- honskinn s\u00e5ldes till 20%, fr\u00e4mst till Korea.<\/p>\n<p>De mer kommersiella typerna s\u00e5lde n\u00e5got b\u00e4ttre \u00e4ven om efterfr\u00e5gan fortfarande var mycket selektiv. Av de svarta hanskinnen s\u00e5ldes 16% och av honskinnen 26%. Av de amerikanska Mahogany- skinnen s\u00e5ldes 25%, av de samsorterade amerikanska Palomino Classic- skinnen 30% och av Palomino Velvet- utbuden 10%. Kina var den huvudsakligen k\u00f6paren av dessa typer.<\/p>\n<p>Auktionen forts\u00e4tter i morgon fredag med f\u00f6rs\u00e4ljning av bruna minkskinn.<\/p>\n","protected":false},"excerpt":{"rendered":"<p>Auktionen fortsatte idag med f\u00f6rs\u00e4ljning av BLACKGLAMA-, Mahogany- och Palomino- samt svarta minkskinn. F\u00f6rs\u00e4ljningen var \u00e5terigen selektiv p\u00e5 grund av os\u00e4kerheten p\u00e5 marknaderna och Covid-19-l\u00e4get. F\u00f6rs\u00e4ljningen av BLACKGLAMA- hanskinn var mycket selektiv och st\u00f6rsta delen av skinnen drogs tillbaka eftersom st\u00f6det fr\u00e5n de grekiska marknaderna saknades som en f\u00f6ljd av reserestriktionerna. Utbuden av BLACKGLAMA- honskinn<a class=\"excerpt-read-more\" href=\"https:\/\/www.sagafurs.com\/sv\/bolaget\/nyheter\/effekterna-av-covid-19-paverkade-kraftigt-blackglama-forsaljningen\/\" title=\"L\u00e4sEffekterna av Covid-19 p\u00e5verkade kraftigt BLACKGLAMA-f\u00f6rs\u00e4ljningen\">\u2026 L\u00e4s mera &raquo;<\/a><\/p>\n","protected":false},"featured_media":0,"template":"","class_list":["post-173921","news","type-news","status-publish","hentry","news_category-auction-sv"],"acf":[],"yoast_head":"<!-- This site is optimized with the Yoast SEO plugin v27.4 - https:\/\/yoast.com\/product\/yoast-seo-wordpress\/ -->\n<title>Effekterna av Covid-19 p\u00e5verkade kraftigt BLACKGLAMA-f\u00f6rs\u00e4ljningen - Sagafurs<\/title>\n<meta name=\"robots\" content=\"index, follow, max-snippet:-1, max-image-preview:large, max-video-preview:-1\" \/>\n<link rel=\"canonical\" href=\"https:\/\/www.sagafurs.com\/sv\/bolaget\/nyheter\/effekterna-av-covid-19-paverkade-kraftigt-blackglama-forsaljningen\/\" \/>\n<meta property=\"og:locale\" content=\"sv_SE\" \/>\n<meta property=\"og:type\" content=\"article\" \/>\n<meta property=\"og:title\" content=\"Effekterna av Covid-19 p\u00e5verkade kraftigt BLACKGLAMA-f\u00f6rs\u00e4ljningen - Sagafurs\" \/>\n<meta property=\"og:description\" content=\"Auktionen fortsatte idag med f\u00f6rs\u00e4ljning av BLACKGLAMA-, Mahogany- och Palomino- samt svarta minkskinn. F\u00f6rs\u00e4ljningen var \u00e5terigen selektiv p\u00e5 grund av os\u00e4kerheten p\u00e5 marknaderna och Covid-19-l\u00e4get. F\u00f6rs\u00e4ljningen av BLACKGLAMA- hanskinn var mycket selektiv och st\u00f6rsta delen av skinnen drogs tillbaka eftersom st\u00f6det fr\u00e5n de grekiska marknaderna saknades som en f\u00f6ljd av reserestriktionerna. Utbuden av BLACKGLAMA- honskinn\u2026 L\u00e4s mera &raquo;\" \/>\n<meta property=\"og:url\" content=\"https:\/\/www.sagafurs.com\/sv\/bolaget\/nyheter\/effekterna-av-covid-19-paverkade-kraftigt-blackglama-forsaljningen\/\" \/>\n<meta property=\"og:site_name\" content=\"Sagafurs\" \/>\n<meta property=\"article:modified_time\" content=\"2020-07-02T15:37:09+00:00\" \/>\n<meta name=\"twitter:card\" content=\"summary_large_image\" \/>\n<meta name=\"twitter:label1\" content=\"Ber\u00e4knad l\u00e4stid\" \/>\n\t<meta name=\"twitter:data1\" content=\"1 minut\" \/>\n<script type=\"application\/ld+json\" class=\"yoast-schema-graph\">{\"@context\":\"https:\\\/\\\/schema.org\",\"@graph\":[{\"@type\":\"WebPage\",\"@id\":\"https:\\\/\\\/www.sagafurs.com\\\/sv\\\/bolaget\\\/nyheter\\\/effekterna-av-covid-19-paverkade-kraftigt-blackglama-forsaljningen\\\/\",\"url\":\"https:\\\/\\\/www.sagafurs.com\\\/sv\\\/bolaget\\\/nyheter\\\/effekterna-av-covid-19-paverkade-kraftigt-blackglama-forsaljningen\\\/\",\"name\":\"Effekterna av Covid-19 p\u00e5verkade kraftigt BLACKGLAMA-f\u00f6rs\u00e4ljningen - Sagafurs\",\"isPartOf\":{\"@id\":\"https:\\\/\\\/www.sagafurs.com\\\/#website\"},\"datePublished\":\"2020-07-02T15:27:38+00:00\",\"dateModified\":\"2020-07-02T15:37:09+00:00\",\"breadcrumb\":{\"@id\":\"https:\\\/\\\/www.sagafurs.com\\\/sv\\\/bolaget\\\/nyheter\\\/effekterna-av-covid-19-paverkade-kraftigt-blackglama-forsaljningen\\\/#breadcrumb\"},\"inLanguage\":\"sv-SE\",\"potentialAction\":[{\"@type\":\"ReadAction\",\"target\":[\"https:\\\/\\\/www.sagafurs.com\\\/sv\\\/bolaget\\\/nyheter\\\/effekterna-av-covid-19-paverkade-kraftigt-blackglama-forsaljningen\\\/\"]}]},{\"@type\":\"BreadcrumbList\",\"@id\":\"https:\\\/\\\/www.sagafurs.com\\\/sv\\\/bolaget\\\/nyheter\\\/effekterna-av-covid-19-paverkade-kraftigt-blackglama-forsaljningen\\\/#breadcrumb\",\"itemListElement\":[{\"@type\":\"ListItem\",\"position\":1,\"name\":\"Home\",\"item\":\"https:\\\/\\\/www.sagafurs.com\\\/sv\\\/\"},{\"@type\":\"ListItem\",\"position\":2,\"name\":\"Effekterna av Covid-19 p\u00e5verkade kraftigt BLACKGLAMA-f\u00f6rs\u00e4ljningen\"}]},{\"@type\":\"WebSite\",\"@id\":\"https:\\\/\\\/www.sagafurs.com\\\/#website\",\"url\":\"https:\\\/\\\/www.sagafurs.com\\\/\",\"name\":\"Sagafurs\",\"description\":\"Sagafurs\",\"potentialAction\":[{\"@type\":\"SearchAction\",\"target\":{\"@type\":\"EntryPoint\",\"urlTemplate\":\"https:\\\/\\\/www.sagafurs.com\\\/?s={search_term_string}\"},\"query-input\":{\"@type\":\"PropertyValueSpecification\",\"valueRequired\":true,\"valueName\":\"search_term_string\"}}],\"inLanguage\":\"sv-SE\"}]}<\/script>\n<!-- \/ Yoast SEO plugin. -->","yoast_head_json":{"title":"Effekterna av Covid-19 p\u00e5verkade kraftigt BLACKGLAMA-f\u00f6rs\u00e4ljningen - Sagafurs","robots":{"index":"index","follow":"follow","max-snippet":"max-snippet:-1","max-image-preview":"max-image-preview:large","max-video-preview":"max-video-preview:-1"},"canonical":"https:\/\/www.sagafurs.com\/sv\/bolaget\/nyheter\/effekterna-av-covid-19-paverkade-kraftigt-blackglama-forsaljningen\/","og_locale":"sv_SE","og_type":"article","og_title":"Effekterna av Covid-19 p\u00e5verkade kraftigt BLACKGLAMA-f\u00f6rs\u00e4ljningen - Sagafurs","og_description":"Auktionen fortsatte idag med f\u00f6rs\u00e4ljning av BLACKGLAMA-, Mahogany- och Palomino- samt svarta minkskinn. F\u00f6rs\u00e4ljningen var \u00e5terigen selektiv p\u00e5 grund av os\u00e4kerheten p\u00e5 marknaderna och Covid-19-l\u00e4get. F\u00f6rs\u00e4ljningen av BLACKGLAMA- hanskinn var mycket selektiv och st\u00f6rsta delen av skinnen drogs tillbaka eftersom st\u00f6det fr\u00e5n de grekiska marknaderna saknades som en f\u00f6ljd av reserestriktionerna. Utbuden av BLACKGLAMA- honskinn\u2026 L\u00e4s mera &raquo;","og_url":"https:\/\/www.sagafurs.com\/sv\/bolaget\/nyheter\/effekterna-av-covid-19-paverkade-kraftigt-blackglama-forsaljningen\/","og_site_name":"Sagafurs","article_modified_time":"2020-07-02T15:37:09+00:00","twitter_card":"summary_large_image","twitter_misc":{"Ber\u00e4knad l\u00e4stid":"1 minut"},"schema":{"@context":"https:\/\/schema.org","@graph":[{"@type":"WebPage","@id":"https:\/\/www.sagafurs.com\/sv\/bolaget\/nyheter\/effekterna-av-covid-19-paverkade-kraftigt-blackglama-forsaljningen\/","url":"https:\/\/www.sagafurs.com\/sv\/bolaget\/nyheter\/effekterna-av-covid-19-paverkade-kraftigt-blackglama-forsaljningen\/","name":"Effekterna av Covid-19 p\u00e5verkade kraftigt BLACKGLAMA-f\u00f6rs\u00e4ljningen - Sagafurs","isPartOf":{"@id":"https:\/\/www.sagafurs.com\/#website"},"datePublished":"2020-07-02T15:27:38+00:00","dateModified":"2020-07-02T15:37:09+00:00","breadcrumb":{"@id":"https:\/\/www.sagafurs.com\/sv\/bolaget\/nyheter\/effekterna-av-covid-19-paverkade-kraftigt-blackglama-forsaljningen\/#breadcrumb"},"inLanguage":"sv-SE","potentialAction":[{"@type":"ReadAction","target":["https:\/\/www.sagafurs.com\/sv\/bolaget\/nyheter\/effekterna-av-covid-19-paverkade-kraftigt-blackglama-forsaljningen\/"]}]},{"@type":"BreadcrumbList","@id":"https:\/\/www.sagafurs.com\/sv\/bolaget\/nyheter\/effekterna-av-covid-19-paverkade-kraftigt-blackglama-forsaljningen\/#breadcrumb","itemListElement":[{"@type":"ListItem","position":1,"name":"Home","item":"https:\/\/www.sagafurs.com\/sv\/"},{"@type":"ListItem","position":2,"name":"Effekterna av Covid-19 p\u00e5verkade kraftigt BLACKGLAMA-f\u00f6rs\u00e4ljningen"}]},{"@type":"WebSite","@id":"https:\/\/www.sagafurs.com\/#website","url":"https:\/\/www.sagafurs.com\/","name":"Sagafurs","description":"Sagafurs","potentialAction":[{"@type":"SearchAction","target":{"@type":"EntryPoint","urlTemplate":"https:\/\/www.sagafurs.com\/?s={search_term_string}"},"query-input":{"@type":"PropertyValueSpecification","valueRequired":true,"valueName":"search_term_string"}}],"inLanguage":"sv-SE"}]}},"_links":{"self":[{"href":"https:\/\/www.sagafurs.com\/sv\/wp-json\/wp\/v2\/news\/173921","targetHints":{"allow":["GET"]}}],"collection":[{"href":"https:\/\/www.sagafurs.com\/sv\/wp-json\/wp\/v2\/news"}],"about":[{"href":"https:\/\/www.sagafurs.com\/sv\/wp-json\/wp\/v2\/types\/news"}],"version-history":[{"count":0,"href":"https:\/\/www.sagafurs.com\/sv\/wp-json\/wp\/v2\/news\/173921\/revisions"}],"wp:attachment":[{"href":"https:\/\/www.sagafurs.com\/sv\/wp-json\/wp\/v2\/media?parent=173921"}],"curies":[{"name":"wp","href":"https:\/\/api.w.org\/{rel}","templated":true}]}}