{"id":174266,"date":"2020-09-08T21:15:39","date_gmt":"2020-09-08T18:15:39","guid":{"rendered":"https:\/\/www.sagafurs.com\/corporate\/news\/saga-furs-september-auction-kicked-off-with-a-positive-note\/"},"modified":"2020-09-08T21:24:35","modified_gmt":"2020-09-08T18:24:35","slug":"positiv-inledning-pa-saga-furs-septemberauktion","status":"publish","type":"news","link":"https:\/\/www.sagafurs.com\/sv\/bolaget\/nyheter\/positiv-inledning-pa-saga-furs-septemberauktion\/","title":{"rendered":"Positiv inledning p\u00e5 Saga Furs\u2019 septemberauktion"},"content":{"rendered":"<p>Saga Furs\u2019 septemberauktion inleddes i dag med f\u00f6rs\u00e4ljning av 734\u00a0000 vita och Pearl- minkskinn. Trots det utmanande marknadsl\u00e4get var \u00f6ver 60 k\u00f6pare n\u00e4rvarande i auktionssalen och konkurrerade aktivt om skinnen, vilket inte f\u00f6rekommit vid n\u00e5gon internationell live-auktion sedan b\u00f6rjan av coronapandemin.<\/p>\n<p>Saga Furs uppn\u00e5dde en 80%:s f\u00f6rs\u00e4ljning, och de vita Velvet- honskinnen s\u00e5ldes till n\u00e4stan 100 procent. \u00c4ven om skinnpriserna fortfarande \u00e4r p\u00e5 en otillfredsst\u00e4llande niv\u00e5 \u00e4r de h\u00f6ga f\u00f6rs\u00e4ljningsprocenterna positiva. St\u00e4llvis steg priserna till h\u00f6gre niv\u00e5er j\u00e4mf\u00f6rt med senaste internationella auktioner.<\/p>\n<p>Ink\u00f6pen gjordes huvudsakligen till Kina, och hanskinn s\u00e5ldes \u00e4ven i n\u00e5gon m\u00e5n till Turkiet.<\/p>\n<p>Auktionen forts\u00e4tter i morgon med f\u00f6rs\u00e4ljning av Silverblue-, Sapphire, och nordamerikanska mutationsminkskinn.<\/p>\n","protected":false},"excerpt":{"rendered":"<p>Saga Furs\u2019 septemberauktion inleddes i dag med f\u00f6rs\u00e4ljning av 734\u00a0000 vita och Pearl- minkskinn. Trots det utmanande marknadsl\u00e4get var \u00f6ver 60 k\u00f6pare n\u00e4rvarande i auktionssalen och konkurrerade aktivt om skinnen, vilket inte f\u00f6rekommit vid n\u00e5gon internationell live-auktion sedan b\u00f6rjan av coronapandemin. Saga Furs uppn\u00e5dde en 80%:s f\u00f6rs\u00e4ljning, och de vita Velvet- honskinnen s\u00e5ldes till n\u00e4stan<a class=\"excerpt-read-more\" href=\"https:\/\/www.sagafurs.com\/sv\/bolaget\/nyheter\/positiv-inledning-pa-saga-furs-septemberauktion\/\" title=\"L\u00e4sPositiv inledning p\u00e5 Saga Furs\u2019 septemberauktion\">\u2026 L\u00e4s mera &raquo;<\/a><\/p>\n","protected":false},"featured_media":0,"template":"","class_list":["post-174266","news","type-news","status-publish","hentry","news_category-auction-sv"],"acf":[],"yoast_head":"<!-- This site is optimized with the Yoast SEO plugin v27.4 - https:\/\/yoast.com\/product\/yoast-seo-wordpress\/ -->\n<title>Positiv inledning p\u00e5 Saga Furs\u2019 septemberauktion - Sagafurs<\/title>\n<meta name=\"robots\" content=\"index, follow, max-snippet:-1, max-image-preview:large, max-video-preview:-1\" \/>\n<link rel=\"canonical\" href=\"https:\/\/www.sagafurs.com\/sv\/bolaget\/nyheter\/positiv-inledning-pa-saga-furs-septemberauktion\/\" \/>\n<meta property=\"og:locale\" content=\"sv_SE\" \/>\n<meta property=\"og:type\" content=\"article\" \/>\n<meta property=\"og:title\" content=\"Positiv inledning p\u00e5 Saga Furs\u2019 septemberauktion - Sagafurs\" \/>\n<meta property=\"og:description\" content=\"Saga Furs\u2019 septemberauktion inleddes i dag med f\u00f6rs\u00e4ljning av 734\u00a0000 vita och Pearl- minkskinn. Trots det utmanande marknadsl\u00e4get var \u00f6ver 60 k\u00f6pare n\u00e4rvarande i auktionssalen och konkurrerade aktivt om skinnen, vilket inte f\u00f6rekommit vid n\u00e5gon internationell live-auktion sedan b\u00f6rjan av coronapandemin. Saga Furs uppn\u00e5dde en 80%:s f\u00f6rs\u00e4ljning, och de vita Velvet- honskinnen s\u00e5ldes till n\u00e4stan\u2026 L\u00e4s mera &raquo;\" \/>\n<meta property=\"og:url\" content=\"https:\/\/www.sagafurs.com\/sv\/bolaget\/nyheter\/positiv-inledning-pa-saga-furs-septemberauktion\/\" \/>\n<meta property=\"og:site_name\" content=\"Sagafurs\" \/>\n<meta property=\"article:modified_time\" content=\"2020-09-08T18:24:35+00:00\" \/>\n<meta name=\"twitter:card\" content=\"summary_large_image\" \/>\n<meta name=\"twitter:label1\" content=\"Ber\u00e4knad l\u00e4stid\" \/>\n\t<meta name=\"twitter:data1\" content=\"1 minut\" \/>\n<script type=\"application\/ld+json\" class=\"yoast-schema-graph\">{\"@context\":\"https:\\\/\\\/schema.org\",\"@graph\":[{\"@type\":\"WebPage\",\"@id\":\"https:\\\/\\\/www.sagafurs.com\\\/sv\\\/bolaget\\\/nyheter\\\/positiv-inledning-pa-saga-furs-septemberauktion\\\/\",\"url\":\"https:\\\/\\\/www.sagafurs.com\\\/sv\\\/bolaget\\\/nyheter\\\/positiv-inledning-pa-saga-furs-septemberauktion\\\/\",\"name\":\"Positiv inledning p\u00e5 Saga Furs\u2019 septemberauktion - Sagafurs\",\"isPartOf\":{\"@id\":\"https:\\\/\\\/www.sagafurs.com\\\/#website\"},\"datePublished\":\"2020-09-08T18:15:39+00:00\",\"dateModified\":\"2020-09-08T18:24:35+00:00\",\"breadcrumb\":{\"@id\":\"https:\\\/\\\/www.sagafurs.com\\\/sv\\\/bolaget\\\/nyheter\\\/positiv-inledning-pa-saga-furs-septemberauktion\\\/#breadcrumb\"},\"inLanguage\":\"sv-SE\",\"potentialAction\":[{\"@type\":\"ReadAction\",\"target\":[\"https:\\\/\\\/www.sagafurs.com\\\/sv\\\/bolaget\\\/nyheter\\\/positiv-inledning-pa-saga-furs-septemberauktion\\\/\"]}]},{\"@type\":\"BreadcrumbList\",\"@id\":\"https:\\\/\\\/www.sagafurs.com\\\/sv\\\/bolaget\\\/nyheter\\\/positiv-inledning-pa-saga-furs-septemberauktion\\\/#breadcrumb\",\"itemListElement\":[{\"@type\":\"ListItem\",\"position\":1,\"name\":\"Home\",\"item\":\"https:\\\/\\\/www.sagafurs.com\\\/sv\\\/\"},{\"@type\":\"ListItem\",\"position\":2,\"name\":\"Positiv inledning p\u00e5 Saga Furs\u2019 septemberauktion\"}]},{\"@type\":\"WebSite\",\"@id\":\"https:\\\/\\\/www.sagafurs.com\\\/#website\",\"url\":\"https:\\\/\\\/www.sagafurs.com\\\/\",\"name\":\"Sagafurs\",\"description\":\"Sagafurs\",\"potentialAction\":[{\"@type\":\"SearchAction\",\"target\":{\"@type\":\"EntryPoint\",\"urlTemplate\":\"https:\\\/\\\/www.sagafurs.com\\\/?s={search_term_string}\"},\"query-input\":{\"@type\":\"PropertyValueSpecification\",\"valueRequired\":true,\"valueName\":\"search_term_string\"}}],\"inLanguage\":\"sv-SE\"}]}<\/script>\n<!-- \/ Yoast SEO plugin. -->","yoast_head_json":{"title":"Positiv inledning p\u00e5 Saga Furs\u2019 septemberauktion - Sagafurs","robots":{"index":"index","follow":"follow","max-snippet":"max-snippet:-1","max-image-preview":"max-image-preview:large","max-video-preview":"max-video-preview:-1"},"canonical":"https:\/\/www.sagafurs.com\/sv\/bolaget\/nyheter\/positiv-inledning-pa-saga-furs-septemberauktion\/","og_locale":"sv_SE","og_type":"article","og_title":"Positiv inledning p\u00e5 Saga Furs\u2019 septemberauktion - Sagafurs","og_description":"Saga Furs\u2019 septemberauktion inleddes i dag med f\u00f6rs\u00e4ljning av 734\u00a0000 vita och Pearl- minkskinn. Trots det utmanande marknadsl\u00e4get var \u00f6ver 60 k\u00f6pare n\u00e4rvarande i auktionssalen och konkurrerade aktivt om skinnen, vilket inte f\u00f6rekommit vid n\u00e5gon internationell live-auktion sedan b\u00f6rjan av coronapandemin. Saga Furs uppn\u00e5dde en 80%:s f\u00f6rs\u00e4ljning, och de vita Velvet- honskinnen s\u00e5ldes till n\u00e4stan\u2026 L\u00e4s mera &raquo;","og_url":"https:\/\/www.sagafurs.com\/sv\/bolaget\/nyheter\/positiv-inledning-pa-saga-furs-septemberauktion\/","og_site_name":"Sagafurs","article_modified_time":"2020-09-08T18:24:35+00:00","twitter_card":"summary_large_image","twitter_misc":{"Ber\u00e4knad l\u00e4stid":"1 minut"},"schema":{"@context":"https:\/\/schema.org","@graph":[{"@type":"WebPage","@id":"https:\/\/www.sagafurs.com\/sv\/bolaget\/nyheter\/positiv-inledning-pa-saga-furs-septemberauktion\/","url":"https:\/\/www.sagafurs.com\/sv\/bolaget\/nyheter\/positiv-inledning-pa-saga-furs-septemberauktion\/","name":"Positiv inledning p\u00e5 Saga Furs\u2019 septemberauktion - Sagafurs","isPartOf":{"@id":"https:\/\/www.sagafurs.com\/#website"},"datePublished":"2020-09-08T18:15:39+00:00","dateModified":"2020-09-08T18:24:35+00:00","breadcrumb":{"@id":"https:\/\/www.sagafurs.com\/sv\/bolaget\/nyheter\/positiv-inledning-pa-saga-furs-septemberauktion\/#breadcrumb"},"inLanguage":"sv-SE","potentialAction":[{"@type":"ReadAction","target":["https:\/\/www.sagafurs.com\/sv\/bolaget\/nyheter\/positiv-inledning-pa-saga-furs-septemberauktion\/"]}]},{"@type":"BreadcrumbList","@id":"https:\/\/www.sagafurs.com\/sv\/bolaget\/nyheter\/positiv-inledning-pa-saga-furs-septemberauktion\/#breadcrumb","itemListElement":[{"@type":"ListItem","position":1,"name":"Home","item":"https:\/\/www.sagafurs.com\/sv\/"},{"@type":"ListItem","position":2,"name":"Positiv inledning p\u00e5 Saga Furs\u2019 septemberauktion"}]},{"@type":"WebSite","@id":"https:\/\/www.sagafurs.com\/#website","url":"https:\/\/www.sagafurs.com\/","name":"Sagafurs","description":"Sagafurs","potentialAction":[{"@type":"SearchAction","target":{"@type":"EntryPoint","urlTemplate":"https:\/\/www.sagafurs.com\/?s={search_term_string}"},"query-input":{"@type":"PropertyValueSpecification","valueRequired":true,"valueName":"search_term_string"}}],"inLanguage":"sv-SE"}]}},"_links":{"self":[{"href":"https:\/\/www.sagafurs.com\/sv\/wp-json\/wp\/v2\/news\/174266","targetHints":{"allow":["GET"]}}],"collection":[{"href":"https:\/\/www.sagafurs.com\/sv\/wp-json\/wp\/v2\/news"}],"about":[{"href":"https:\/\/www.sagafurs.com\/sv\/wp-json\/wp\/v2\/types\/news"}],"version-history":[{"count":0,"href":"https:\/\/www.sagafurs.com\/sv\/wp-json\/wp\/v2\/news\/174266\/revisions"}],"wp:attachment":[{"href":"https:\/\/www.sagafurs.com\/sv\/wp-json\/wp\/v2\/media?parent=174266"}],"curies":[{"name":"wp","href":"https:\/\/api.w.org\/{rel}","templated":true}]}}