{"id":174317,"date":"2020-09-10T21:21:22","date_gmt":"2020-09-10T18:21:22","guid":{"rendered":"https:\/\/www.sagafurs.com\/corporate\/news\/%d0%b2%d1%8b%d1%81%d0%be%d0%ba%d0%b8%d0%b9-%d1%81%d0%bf%d1%80%d0%be%d1%81-%d0%bd%d0%b0-%d0%ba%d0%be%d0%bb%d0%bb%d0%b5%d0%ba%d1%86%d0%b8%d1%8e-%d1%81%d0%b5%d0%b2%d0%b5%d1%80%d0%be%d0%b0%d0%bc%d0%b5\/"},"modified":"2020-09-10T21:52:18","modified_gmt":"2020-09-10T18:52:18","slug":"efterfragan-pa-nordamerikansk-mink-vid-saga-furs-auktion","status":"publish","type":"news","link":"https:\/\/www.sagafurs.com\/sv\/bolaget\/nyheter\/efterfragan-pa-nordamerikansk-mink-vid-saga-furs-auktion\/","title":{"rendered":"Efterfr\u00e5gan p\u00e5 nordamerikansk mink vid Saga Furs\u2019 auktion"},"content":{"rendered":"<p>Saga Furs\u2019 auktion fortsatte idag med f\u00f6rs\u00e4ljning av nordamerikansk mink. Utbuden omfattade f\u00f6rstklassiga BLACKGLAMA- minkskinn samt svarta, Mahogany-, Pastel- och Palomino- minkskinn.<\/p>\n<p>Det r\u00e5dde h\u00e5rd konkurrens om BLACKGLAMA- hanminkskinnen och 70% s\u00e5ldes. Majoriteten av skinnen s\u00e5ldes till Kina och i viss m\u00e5n till Grekland. Pga. reserestriktionerna var koreanerna f\u00f6rhindrade att delta och d\u00e4rf\u00f6r var det begr\u00e4nsad efterfr\u00e5gan p\u00e5 honminkskinnen. Man b\u00f6r dock notera att prisniv\u00e5n p\u00e5 dessa exklusiva skinn var mycket l\u00e5g.<\/p>\n<p>De svarta nordamerikanska minkskinnen s\u00e5ldes till n\u00e4stan 100 procent i en livlig auktionssal. Pastel- och Mahogany-minkskinnen uppn\u00e5dde de h\u00f6gsta f\u00f6rs\u00e4ljningssiffrorna och ink\u00f6pen gick huvudsakligen till Kina och Turkiet. Dagens auktion avslutades med f\u00f6rs\u00e4ljning av nordamerikanska Palomino- minkskinn.<\/p>\n<p>Under de tre f\u00f6rsta dagarna har Saga Furs s\u00e5lt \u00f6ver 2 miljoner minkskinn. Auktionen forts\u00e4tter i morgon med f\u00f6rs\u00e4ljning av europeiska hanskinn ur huvudtyperna samt Palomino- minkskinn.<\/p>\n","protected":false},"excerpt":{"rendered":"<p>Saga Furs\u2019 auktion fortsatte idag med f\u00f6rs\u00e4ljning av nordamerikansk mink. Utbuden omfattade f\u00f6rstklassiga BLACKGLAMA- minkskinn samt svarta, Mahogany-, Pastel- och Palomino- minkskinn. Det r\u00e5dde h\u00e5rd konkurrens om BLACKGLAMA- hanminkskinnen och 70% s\u00e5ldes. Majoriteten av skinnen s\u00e5ldes till Kina och i viss m\u00e5n till Grekland. Pga. reserestriktionerna var koreanerna f\u00f6rhindrade att delta och d\u00e4rf\u00f6r var det<a class=\"excerpt-read-more\" href=\"https:\/\/www.sagafurs.com\/sv\/bolaget\/nyheter\/efterfragan-pa-nordamerikansk-mink-vid-saga-furs-auktion\/\" title=\"L\u00e4sEfterfr\u00e5gan p\u00e5 nordamerikansk mink vid Saga Furs\u2019 auktion\">\u2026 L\u00e4s mera &raquo;<\/a><\/p>\n","protected":false},"featured_media":0,"template":"","class_list":["post-174317","news","type-news","status-publish","hentry","news_category-auction-sv"],"acf":[],"yoast_head":"<!-- This site is optimized with the Yoast SEO plugin v27.4 - https:\/\/yoast.com\/product\/yoast-seo-wordpress\/ -->\n<title>Efterfr\u00e5gan p\u00e5 nordamerikansk mink vid Saga Furs\u2019 auktion - Sagafurs<\/title>\n<meta name=\"robots\" content=\"index, follow, max-snippet:-1, max-image-preview:large, max-video-preview:-1\" \/>\n<link rel=\"canonical\" href=\"https:\/\/www.sagafurs.com\/sv\/bolaget\/nyheter\/efterfragan-pa-nordamerikansk-mink-vid-saga-furs-auktion\/\" \/>\n<meta property=\"og:locale\" content=\"sv_SE\" \/>\n<meta property=\"og:type\" content=\"article\" \/>\n<meta property=\"og:title\" content=\"Efterfr\u00e5gan p\u00e5 nordamerikansk mink vid Saga Furs\u2019 auktion - Sagafurs\" \/>\n<meta property=\"og:description\" content=\"Saga Furs\u2019 auktion fortsatte idag med f\u00f6rs\u00e4ljning av nordamerikansk mink. Utbuden omfattade f\u00f6rstklassiga BLACKGLAMA- minkskinn samt svarta, Mahogany-, Pastel- och Palomino- minkskinn. Det r\u00e5dde h\u00e5rd konkurrens om BLACKGLAMA- hanminkskinnen och 70% s\u00e5ldes. Majoriteten av skinnen s\u00e5ldes till Kina och i viss m\u00e5n till Grekland. Pga. reserestriktionerna var koreanerna f\u00f6rhindrade att delta och d\u00e4rf\u00f6r var det\u2026 L\u00e4s mera &raquo;\" \/>\n<meta property=\"og:url\" content=\"https:\/\/www.sagafurs.com\/sv\/bolaget\/nyheter\/efterfragan-pa-nordamerikansk-mink-vid-saga-furs-auktion\/\" \/>\n<meta property=\"og:site_name\" content=\"Sagafurs\" \/>\n<meta property=\"article:modified_time\" content=\"2020-09-10T18:52:18+00:00\" \/>\n<meta name=\"twitter:card\" content=\"summary_large_image\" \/>\n<meta name=\"twitter:label1\" content=\"Ber\u00e4knad l\u00e4stid\" \/>\n\t<meta name=\"twitter:data1\" content=\"1 minut\" \/>\n<script type=\"application\/ld+json\" class=\"yoast-schema-graph\">{\"@context\":\"https:\\\/\\\/schema.org\",\"@graph\":[{\"@type\":\"WebPage\",\"@id\":\"https:\\\/\\\/www.sagafurs.com\\\/sv\\\/bolaget\\\/nyheter\\\/efterfragan-pa-nordamerikansk-mink-vid-saga-furs-auktion\\\/\",\"url\":\"https:\\\/\\\/www.sagafurs.com\\\/sv\\\/bolaget\\\/nyheter\\\/efterfragan-pa-nordamerikansk-mink-vid-saga-furs-auktion\\\/\",\"name\":\"Efterfr\u00e5gan p\u00e5 nordamerikansk mink vid Saga Furs\u2019 auktion - Sagafurs\",\"isPartOf\":{\"@id\":\"https:\\\/\\\/www.sagafurs.com\\\/#website\"},\"datePublished\":\"2020-09-10T18:21:22+00:00\",\"dateModified\":\"2020-09-10T18:52:18+00:00\",\"breadcrumb\":{\"@id\":\"https:\\\/\\\/www.sagafurs.com\\\/sv\\\/bolaget\\\/nyheter\\\/efterfragan-pa-nordamerikansk-mink-vid-saga-furs-auktion\\\/#breadcrumb\"},\"inLanguage\":\"sv-SE\",\"potentialAction\":[{\"@type\":\"ReadAction\",\"target\":[\"https:\\\/\\\/www.sagafurs.com\\\/sv\\\/bolaget\\\/nyheter\\\/efterfragan-pa-nordamerikansk-mink-vid-saga-furs-auktion\\\/\"]}]},{\"@type\":\"BreadcrumbList\",\"@id\":\"https:\\\/\\\/www.sagafurs.com\\\/sv\\\/bolaget\\\/nyheter\\\/efterfragan-pa-nordamerikansk-mink-vid-saga-furs-auktion\\\/#breadcrumb\",\"itemListElement\":[{\"@type\":\"ListItem\",\"position\":1,\"name\":\"Home\",\"item\":\"https:\\\/\\\/www.sagafurs.com\\\/sv\\\/\"},{\"@type\":\"ListItem\",\"position\":2,\"name\":\"Efterfr\u00e5gan p\u00e5 nordamerikansk mink vid Saga Furs\u2019 auktion\"}]},{\"@type\":\"WebSite\",\"@id\":\"https:\\\/\\\/www.sagafurs.com\\\/#website\",\"url\":\"https:\\\/\\\/www.sagafurs.com\\\/\",\"name\":\"Sagafurs\",\"description\":\"Sagafurs\",\"potentialAction\":[{\"@type\":\"SearchAction\",\"target\":{\"@type\":\"EntryPoint\",\"urlTemplate\":\"https:\\\/\\\/www.sagafurs.com\\\/?s={search_term_string}\"},\"query-input\":{\"@type\":\"PropertyValueSpecification\",\"valueRequired\":true,\"valueName\":\"search_term_string\"}}],\"inLanguage\":\"sv-SE\"}]}<\/script>\n<!-- \/ Yoast SEO plugin. -->","yoast_head_json":{"title":"Efterfr\u00e5gan p\u00e5 nordamerikansk mink vid Saga Furs\u2019 auktion - Sagafurs","robots":{"index":"index","follow":"follow","max-snippet":"max-snippet:-1","max-image-preview":"max-image-preview:large","max-video-preview":"max-video-preview:-1"},"canonical":"https:\/\/www.sagafurs.com\/sv\/bolaget\/nyheter\/efterfragan-pa-nordamerikansk-mink-vid-saga-furs-auktion\/","og_locale":"sv_SE","og_type":"article","og_title":"Efterfr\u00e5gan p\u00e5 nordamerikansk mink vid Saga Furs\u2019 auktion - Sagafurs","og_description":"Saga Furs\u2019 auktion fortsatte idag med f\u00f6rs\u00e4ljning av nordamerikansk mink. Utbuden omfattade f\u00f6rstklassiga BLACKGLAMA- minkskinn samt svarta, Mahogany-, Pastel- och Palomino- minkskinn. Det r\u00e5dde h\u00e5rd konkurrens om BLACKGLAMA- hanminkskinnen och 70% s\u00e5ldes. Majoriteten av skinnen s\u00e5ldes till Kina och i viss m\u00e5n till Grekland. Pga. reserestriktionerna var koreanerna f\u00f6rhindrade att delta och d\u00e4rf\u00f6r var det\u2026 L\u00e4s mera &raquo;","og_url":"https:\/\/www.sagafurs.com\/sv\/bolaget\/nyheter\/efterfragan-pa-nordamerikansk-mink-vid-saga-furs-auktion\/","og_site_name":"Sagafurs","article_modified_time":"2020-09-10T18:52:18+00:00","twitter_card":"summary_large_image","twitter_misc":{"Ber\u00e4knad l\u00e4stid":"1 minut"},"schema":{"@context":"https:\/\/schema.org","@graph":[{"@type":"WebPage","@id":"https:\/\/www.sagafurs.com\/sv\/bolaget\/nyheter\/efterfragan-pa-nordamerikansk-mink-vid-saga-furs-auktion\/","url":"https:\/\/www.sagafurs.com\/sv\/bolaget\/nyheter\/efterfragan-pa-nordamerikansk-mink-vid-saga-furs-auktion\/","name":"Efterfr\u00e5gan p\u00e5 nordamerikansk mink vid Saga Furs\u2019 auktion - Sagafurs","isPartOf":{"@id":"https:\/\/www.sagafurs.com\/#website"},"datePublished":"2020-09-10T18:21:22+00:00","dateModified":"2020-09-10T18:52:18+00:00","breadcrumb":{"@id":"https:\/\/www.sagafurs.com\/sv\/bolaget\/nyheter\/efterfragan-pa-nordamerikansk-mink-vid-saga-furs-auktion\/#breadcrumb"},"inLanguage":"sv-SE","potentialAction":[{"@type":"ReadAction","target":["https:\/\/www.sagafurs.com\/sv\/bolaget\/nyheter\/efterfragan-pa-nordamerikansk-mink-vid-saga-furs-auktion\/"]}]},{"@type":"BreadcrumbList","@id":"https:\/\/www.sagafurs.com\/sv\/bolaget\/nyheter\/efterfragan-pa-nordamerikansk-mink-vid-saga-furs-auktion\/#breadcrumb","itemListElement":[{"@type":"ListItem","position":1,"name":"Home","item":"https:\/\/www.sagafurs.com\/sv\/"},{"@type":"ListItem","position":2,"name":"Efterfr\u00e5gan p\u00e5 nordamerikansk mink vid Saga Furs\u2019 auktion"}]},{"@type":"WebSite","@id":"https:\/\/www.sagafurs.com\/#website","url":"https:\/\/www.sagafurs.com\/","name":"Sagafurs","description":"Sagafurs","potentialAction":[{"@type":"SearchAction","target":{"@type":"EntryPoint","urlTemplate":"https:\/\/www.sagafurs.com\/?s={search_term_string}"},"query-input":{"@type":"PropertyValueSpecification","valueRequired":true,"valueName":"search_term_string"}}],"inLanguage":"sv-SE"}]}},"_links":{"self":[{"href":"https:\/\/www.sagafurs.com\/sv\/wp-json\/wp\/v2\/news\/174317","targetHints":{"allow":["GET"]}}],"collection":[{"href":"https:\/\/www.sagafurs.com\/sv\/wp-json\/wp\/v2\/news"}],"about":[{"href":"https:\/\/www.sagafurs.com\/sv\/wp-json\/wp\/v2\/types\/news"}],"version-history":[{"count":0,"href":"https:\/\/www.sagafurs.com\/sv\/wp-json\/wp\/v2\/news\/174317\/revisions"}],"wp:attachment":[{"href":"https:\/\/www.sagafurs.com\/sv\/wp-json\/wp\/v2\/media?parent=174317"}],"curies":[{"name":"wp","href":"https:\/\/api.w.org\/{rel}","templated":true}]}}