{"id":174865,"date":"2020-12-16T18:26:13","date_gmt":"2020-12-16T16:26:13","guid":{"rendered":"https:\/\/www.sagafurs.com\/corporate\/news\/saga-furs-mullisti-minkkimarkkinan-kauden-avaushuutokaupassa\/"},"modified":"2020-12-16T18:53:25","modified_gmt":"2020-12-16T16:53:25","slug":"saga-furs-astadkommer-helomvandning-pa-minkmarknaderna-vid-sasongens-forsta-auktion","status":"publish","type":"news","link":"https:\/\/www.sagafurs.com\/sv\/bolaget\/nyheter\/saga-furs-astadkommer-helomvandning-pa-minkmarknaderna-vid-sasongens-forsta-auktion\/","title":{"rendered":"Saga Furs \u00e5stadkommer helomv\u00e4ndning p\u00e5 minkmarknaderna vid s\u00e4songens f\u00f6rsta auktion"},"content":{"rendered":"<p>Saga Furs\u2019 minkauktion avslutades idag med uppmuntrande resultat. Utbuden av \u00f6ver 800\u00a0000 minkskinn n\u00e5dde h\u00f6ga f\u00f6rs\u00e4ljningsprocenter och 90% av de europeiska minkutbuden s\u00e5ldes. Prisniv\u00e5erna steg i medeltal mer \u00e4n 50% j\u00e4mf\u00f6rt med de l\u00e5ga niv\u00e5erna i vid septemberauktionen; vissa typer s\u00e5som BLACKGLAMA- hanskinn steg med 45% och Silverblue Velvet- hanskinn med hela 60%. De stigande priserna och h\u00f6ga f\u00f6rs\u00e4ljningsprocenterna \u00e4r de f\u00f6rsta indikationerna p\u00e5 en \u00e5terh\u00e4mtning p\u00e5 marknaderna.<\/p>\n<p>Auktionen ordnades online pga. Covid-19 pandemin och reserestriktionerna, men trots det konkurrerade 90 k\u00f6pare fr\u00e5n alla huvudmarknader aktivt p\u00e5 Sagas online-f\u00f6rs\u00e4ljningsplattform. Ink\u00f6pen gick huvudsakligen till Kina och i n\u00e5gon m\u00e5n ocks\u00e5 till Sydkorea, Grekland, Turkiet och Italien.<\/p>\n<p>\u201d<em>Detta var en milstolpe f\u00f6r Saga och vi \u00e4r verkligen glada \u00f6ver att kunna uppn\u00e5 s\u00e5dana resultat och bevisa v\u00e5r position som det ledande minkauktionshuset<\/em>\u201d, s\u00e4ger Saga Furs\u2019 f\u00f6rs\u00e4ljningsdirekt\u00f6r <strong>Mikko Hov\u00e9n<\/strong>.<\/p>\n<p>Topplotten av vita honminkskinn k\u00f6ptes idag av <strong>Tommaso Guida<\/strong> fr\u00e5n Italien. GUIDA har en tradition av att k\u00f6pa certifierade naturliga produkter av toppkvalitet f\u00f6r exklusiva och unika kunder och brands, som \u00e4r ikoner inom v\u00e4rldens modeindustri.<\/p>\n<p>Online-auktionen forts\u00e4tter i morgon med f\u00f6rs\u00e4ljning av r\u00e4vskinn.<\/p>\n<p><img loading=\"lazy\" decoding=\"async\" class=\"alignnone wp-image-174857 size-full\" src=\"http:\/\/www.sagafurs.com\/wp-content\/uploads\/2020\/12\/sagafurs-toplot-16122020.jpg\" alt=\"\" width=\"1024\" height=\"576\" srcset=\"https:\/\/www.sagafurs.com\/wp-content\/uploads\/2020\/12\/sagafurs-toplot-16122020.jpg 1024w, https:\/\/www.sagafurs.com\/wp-content\/uploads\/2020\/12\/sagafurs-toplot-16122020-683x384.jpg 683w, https:\/\/www.sagafurs.com\/wp-content\/uploads\/2020\/12\/sagafurs-toplot-16122020-800x450.jpg 800w, https:\/\/www.sagafurs.com\/wp-content\/uploads\/2020\/12\/sagafurs-toplot-16122020-768x432.jpg 768w, https:\/\/www.sagafurs.com\/wp-content\/uploads\/2020\/12\/sagafurs-toplot-16122020-270x153.jpg 270w, https:\/\/www.sagafurs.com\/wp-content\/uploads\/2020\/12\/sagafurs-toplot-16122020-400x225.jpg 400w\" sizes=\"auto, (max-width: 1024px) 100vw, 1024px\" \/><\/p>\n<p>&nbsp;<\/p>\n<p>&nbsp;<\/p>\n","protected":false},"excerpt":{"rendered":"<p>Saga Furs\u2019 minkauktion avslutades idag med uppmuntrande resultat. Utbuden av \u00f6ver 800\u00a0000 minkskinn n\u00e5dde h\u00f6ga f\u00f6rs\u00e4ljningsprocenter och 90% av de europeiska minkutbuden s\u00e5ldes. Prisniv\u00e5erna steg i medeltal mer \u00e4n 50% j\u00e4mf\u00f6rt med de l\u00e5ga niv\u00e5erna i vid septemberauktionen; vissa typer s\u00e5som BLACKGLAMA- hanskinn steg med 45% och Silverblue Velvet- hanskinn med hela 60%. De stigande<a class=\"excerpt-read-more\" href=\"https:\/\/www.sagafurs.com\/sv\/bolaget\/nyheter\/saga-furs-astadkommer-helomvandning-pa-minkmarknaderna-vid-sasongens-forsta-auktion\/\" title=\"L\u00e4sSaga Furs \u00e5stadkommer helomv\u00e4ndning p\u00e5 minkmarknaderna vid s\u00e4songens f\u00f6rsta auktion\">\u2026 L\u00e4s mera &raquo;<\/a><\/p>\n","protected":false},"featured_media":0,"template":"","class_list":["post-174865","news","type-news","status-publish","hentry","news_category-auction-sv"],"acf":[],"yoast_head":"<!-- This site is optimized with the Yoast SEO plugin v27.4 - https:\/\/yoast.com\/product\/yoast-seo-wordpress\/ -->\n<title>Saga Furs \u00e5stadkommer helomv\u00e4ndning p\u00e5 minkmarknaderna vid s\u00e4songens f\u00f6rsta auktion - Sagafurs<\/title>\n<meta name=\"robots\" content=\"index, follow, max-snippet:-1, max-image-preview:large, max-video-preview:-1\" \/>\n<link rel=\"canonical\" href=\"https:\/\/www.sagafurs.com\/sv\/bolaget\/nyheter\/saga-furs-astadkommer-helomvandning-pa-minkmarknaderna-vid-sasongens-forsta-auktion\/\" \/>\n<meta property=\"og:locale\" content=\"sv_SE\" \/>\n<meta property=\"og:type\" content=\"article\" \/>\n<meta property=\"og:title\" content=\"Saga Furs \u00e5stadkommer helomv\u00e4ndning p\u00e5 minkmarknaderna vid s\u00e4songens f\u00f6rsta auktion - Sagafurs\" \/>\n<meta property=\"og:description\" content=\"Saga Furs\u2019 minkauktion avslutades idag med uppmuntrande resultat. Utbuden av \u00f6ver 800\u00a0000 minkskinn n\u00e5dde h\u00f6ga f\u00f6rs\u00e4ljningsprocenter och 90% av de europeiska minkutbuden s\u00e5ldes. Prisniv\u00e5erna steg i medeltal mer \u00e4n 50% j\u00e4mf\u00f6rt med de l\u00e5ga niv\u00e5erna i vid septemberauktionen; vissa typer s\u00e5som BLACKGLAMA- hanskinn steg med 45% och Silverblue Velvet- hanskinn med hela 60%. De stigande\u2026 L\u00e4s mera &raquo;\" \/>\n<meta property=\"og:url\" content=\"https:\/\/www.sagafurs.com\/sv\/bolaget\/nyheter\/saga-furs-astadkommer-helomvandning-pa-minkmarknaderna-vid-sasongens-forsta-auktion\/\" \/>\n<meta property=\"og:site_name\" content=\"Sagafurs\" \/>\n<meta property=\"article:modified_time\" content=\"2020-12-16T16:53:25+00:00\" \/>\n<meta property=\"og:image\" content=\"http:\/\/www.sagafurs.com\/wp-content\/uploads\/2020\/12\/sagafurs-toplot-16122020.jpg\" \/>\n<meta name=\"twitter:card\" content=\"summary_large_image\" \/>\n<meta name=\"twitter:label1\" content=\"Ber\u00e4knad l\u00e4stid\" \/>\n\t<meta name=\"twitter:data1\" content=\"1 minut\" \/>\n<script type=\"application\/ld+json\" class=\"yoast-schema-graph\">{\"@context\":\"https:\\\/\\\/schema.org\",\"@graph\":[{\"@type\":\"WebPage\",\"@id\":\"https:\\\/\\\/www.sagafurs.com\\\/sv\\\/bolaget\\\/nyheter\\\/saga-furs-astadkommer-helomvandning-pa-minkmarknaderna-vid-sasongens-forsta-auktion\\\/\",\"url\":\"https:\\\/\\\/www.sagafurs.com\\\/sv\\\/bolaget\\\/nyheter\\\/saga-furs-astadkommer-helomvandning-pa-minkmarknaderna-vid-sasongens-forsta-auktion\\\/\",\"name\":\"Saga Furs \u00e5stadkommer helomv\u00e4ndning p\u00e5 minkmarknaderna vid s\u00e4songens f\u00f6rsta auktion - Sagafurs\",\"isPartOf\":{\"@id\":\"https:\\\/\\\/www.sagafurs.com\\\/#website\"},\"primaryImageOfPage\":{\"@id\":\"https:\\\/\\\/www.sagafurs.com\\\/sv\\\/bolaget\\\/nyheter\\\/saga-furs-astadkommer-helomvandning-pa-minkmarknaderna-vid-sasongens-forsta-auktion\\\/#primaryimage\"},\"image\":{\"@id\":\"https:\\\/\\\/www.sagafurs.com\\\/sv\\\/bolaget\\\/nyheter\\\/saga-furs-astadkommer-helomvandning-pa-minkmarknaderna-vid-sasongens-forsta-auktion\\\/#primaryimage\"},\"thumbnailUrl\":\"http:\\\/\\\/www.sagafurs.com\\\/wp-content\\\/uploads\\\/2020\\\/12\\\/sagafurs-toplot-16122020.jpg\",\"datePublished\":\"2020-12-16T16:26:13+00:00\",\"dateModified\":\"2020-12-16T16:53:25+00:00\",\"breadcrumb\":{\"@id\":\"https:\\\/\\\/www.sagafurs.com\\\/sv\\\/bolaget\\\/nyheter\\\/saga-furs-astadkommer-helomvandning-pa-minkmarknaderna-vid-sasongens-forsta-auktion\\\/#breadcrumb\"},\"inLanguage\":\"sv-SE\",\"potentialAction\":[{\"@type\":\"ReadAction\",\"target\":[\"https:\\\/\\\/www.sagafurs.com\\\/sv\\\/bolaget\\\/nyheter\\\/saga-furs-astadkommer-helomvandning-pa-minkmarknaderna-vid-sasongens-forsta-auktion\\\/\"]}]},{\"@type\":\"ImageObject\",\"inLanguage\":\"sv-SE\",\"@id\":\"https:\\\/\\\/www.sagafurs.com\\\/sv\\\/bolaget\\\/nyheter\\\/saga-furs-astadkommer-helomvandning-pa-minkmarknaderna-vid-sasongens-forsta-auktion\\\/#primaryimage\",\"url\":\"http:\\\/\\\/www.sagafurs.com\\\/wp-content\\\/uploads\\\/2020\\\/12\\\/sagafurs-toplot-16122020.jpg\",\"contentUrl\":\"http:\\\/\\\/www.sagafurs.com\\\/wp-content\\\/uploads\\\/2020\\\/12\\\/sagafurs-toplot-16122020.jpg\"},{\"@type\":\"BreadcrumbList\",\"@id\":\"https:\\\/\\\/www.sagafurs.com\\\/sv\\\/bolaget\\\/nyheter\\\/saga-furs-astadkommer-helomvandning-pa-minkmarknaderna-vid-sasongens-forsta-auktion\\\/#breadcrumb\",\"itemListElement\":[{\"@type\":\"ListItem\",\"position\":1,\"name\":\"Home\",\"item\":\"https:\\\/\\\/www.sagafurs.com\\\/sv\\\/\"},{\"@type\":\"ListItem\",\"position\":2,\"name\":\"Saga Furs \u00e5stadkommer helomv\u00e4ndning p\u00e5 minkmarknaderna vid s\u00e4songens f\u00f6rsta auktion\"}]},{\"@type\":\"WebSite\",\"@id\":\"https:\\\/\\\/www.sagafurs.com\\\/#website\",\"url\":\"https:\\\/\\\/www.sagafurs.com\\\/\",\"name\":\"Sagafurs\",\"description\":\"Sagafurs\",\"potentialAction\":[{\"@type\":\"SearchAction\",\"target\":{\"@type\":\"EntryPoint\",\"urlTemplate\":\"https:\\\/\\\/www.sagafurs.com\\\/?s={search_term_string}\"},\"query-input\":{\"@type\":\"PropertyValueSpecification\",\"valueRequired\":true,\"valueName\":\"search_term_string\"}}],\"inLanguage\":\"sv-SE\"}]}<\/script>\n<!-- \/ Yoast SEO plugin. -->","yoast_head_json":{"title":"Saga Furs \u00e5stadkommer helomv\u00e4ndning p\u00e5 minkmarknaderna vid s\u00e4songens f\u00f6rsta auktion - Sagafurs","robots":{"index":"index","follow":"follow","max-snippet":"max-snippet:-1","max-image-preview":"max-image-preview:large","max-video-preview":"max-video-preview:-1"},"canonical":"https:\/\/www.sagafurs.com\/sv\/bolaget\/nyheter\/saga-furs-astadkommer-helomvandning-pa-minkmarknaderna-vid-sasongens-forsta-auktion\/","og_locale":"sv_SE","og_type":"article","og_title":"Saga Furs \u00e5stadkommer helomv\u00e4ndning p\u00e5 minkmarknaderna vid s\u00e4songens f\u00f6rsta auktion - Sagafurs","og_description":"Saga Furs\u2019 minkauktion avslutades idag med uppmuntrande resultat. Utbuden av \u00f6ver 800\u00a0000 minkskinn n\u00e5dde h\u00f6ga f\u00f6rs\u00e4ljningsprocenter och 90% av de europeiska minkutbuden s\u00e5ldes. Prisniv\u00e5erna steg i medeltal mer \u00e4n 50% j\u00e4mf\u00f6rt med de l\u00e5ga niv\u00e5erna i vid septemberauktionen; vissa typer s\u00e5som BLACKGLAMA- hanskinn steg med 45% och Silverblue Velvet- hanskinn med hela 60%. De stigande\u2026 L\u00e4s mera &raquo;","og_url":"https:\/\/www.sagafurs.com\/sv\/bolaget\/nyheter\/saga-furs-astadkommer-helomvandning-pa-minkmarknaderna-vid-sasongens-forsta-auktion\/","og_site_name":"Sagafurs","article_modified_time":"2020-12-16T16:53:25+00:00","og_image":[{"url":"http:\/\/www.sagafurs.com\/wp-content\/uploads\/2020\/12\/sagafurs-toplot-16122020.jpg","type":"","width":"","height":""}],"twitter_card":"summary_large_image","twitter_misc":{"Ber\u00e4knad l\u00e4stid":"1 minut"},"schema":{"@context":"https:\/\/schema.org","@graph":[{"@type":"WebPage","@id":"https:\/\/www.sagafurs.com\/sv\/bolaget\/nyheter\/saga-furs-astadkommer-helomvandning-pa-minkmarknaderna-vid-sasongens-forsta-auktion\/","url":"https:\/\/www.sagafurs.com\/sv\/bolaget\/nyheter\/saga-furs-astadkommer-helomvandning-pa-minkmarknaderna-vid-sasongens-forsta-auktion\/","name":"Saga Furs \u00e5stadkommer helomv\u00e4ndning p\u00e5 minkmarknaderna vid s\u00e4songens f\u00f6rsta auktion - Sagafurs","isPartOf":{"@id":"https:\/\/www.sagafurs.com\/#website"},"primaryImageOfPage":{"@id":"https:\/\/www.sagafurs.com\/sv\/bolaget\/nyheter\/saga-furs-astadkommer-helomvandning-pa-minkmarknaderna-vid-sasongens-forsta-auktion\/#primaryimage"},"image":{"@id":"https:\/\/www.sagafurs.com\/sv\/bolaget\/nyheter\/saga-furs-astadkommer-helomvandning-pa-minkmarknaderna-vid-sasongens-forsta-auktion\/#primaryimage"},"thumbnailUrl":"http:\/\/www.sagafurs.com\/wp-content\/uploads\/2020\/12\/sagafurs-toplot-16122020.jpg","datePublished":"2020-12-16T16:26:13+00:00","dateModified":"2020-12-16T16:53:25+00:00","breadcrumb":{"@id":"https:\/\/www.sagafurs.com\/sv\/bolaget\/nyheter\/saga-furs-astadkommer-helomvandning-pa-minkmarknaderna-vid-sasongens-forsta-auktion\/#breadcrumb"},"inLanguage":"sv-SE","potentialAction":[{"@type":"ReadAction","target":["https:\/\/www.sagafurs.com\/sv\/bolaget\/nyheter\/saga-furs-astadkommer-helomvandning-pa-minkmarknaderna-vid-sasongens-forsta-auktion\/"]}]},{"@type":"ImageObject","inLanguage":"sv-SE","@id":"https:\/\/www.sagafurs.com\/sv\/bolaget\/nyheter\/saga-furs-astadkommer-helomvandning-pa-minkmarknaderna-vid-sasongens-forsta-auktion\/#primaryimage","url":"http:\/\/www.sagafurs.com\/wp-content\/uploads\/2020\/12\/sagafurs-toplot-16122020.jpg","contentUrl":"http:\/\/www.sagafurs.com\/wp-content\/uploads\/2020\/12\/sagafurs-toplot-16122020.jpg"},{"@type":"BreadcrumbList","@id":"https:\/\/www.sagafurs.com\/sv\/bolaget\/nyheter\/saga-furs-astadkommer-helomvandning-pa-minkmarknaderna-vid-sasongens-forsta-auktion\/#breadcrumb","itemListElement":[{"@type":"ListItem","position":1,"name":"Home","item":"https:\/\/www.sagafurs.com\/sv\/"},{"@type":"ListItem","position":2,"name":"Saga Furs \u00e5stadkommer helomv\u00e4ndning p\u00e5 minkmarknaderna vid s\u00e4songens f\u00f6rsta auktion"}]},{"@type":"WebSite","@id":"https:\/\/www.sagafurs.com\/#website","url":"https:\/\/www.sagafurs.com\/","name":"Sagafurs","description":"Sagafurs","potentialAction":[{"@type":"SearchAction","target":{"@type":"EntryPoint","urlTemplate":"https:\/\/www.sagafurs.com\/?s={search_term_string}"},"query-input":{"@type":"PropertyValueSpecification","valueRequired":true,"valueName":"search_term_string"}}],"inLanguage":"sv-SE"}]}},"_links":{"self":[{"href":"https:\/\/www.sagafurs.com\/sv\/wp-json\/wp\/v2\/news\/174865","targetHints":{"allow":["GET"]}}],"collection":[{"href":"https:\/\/www.sagafurs.com\/sv\/wp-json\/wp\/v2\/news"}],"about":[{"href":"https:\/\/www.sagafurs.com\/sv\/wp-json\/wp\/v2\/types\/news"}],"version-history":[{"count":0,"href":"https:\/\/www.sagafurs.com\/sv\/wp-json\/wp\/v2\/news\/174865\/revisions"}],"wp:attachment":[{"href":"https:\/\/www.sagafurs.com\/sv\/wp-json\/wp\/v2\/media?parent=174865"}],"curies":[{"name":"wp","href":"https:\/\/api.w.org\/{rel}","templated":true}]}}