{"id":174979,"date":"2020-12-17T19:27:44","date_gmt":"2020-12-17T17:27:44","guid":{"rendered":"https:\/\/www.sagafurs.com\/corporate\/news\/the-value-of-saga-furs-brokered-pelts-in-december-auction-doubled-from-the-last-year\/"},"modified":"2020-12-17T19:32:30","modified_gmt":"2020-12-17T17:32:30","slug":"vardet-pa-formedlingsforsaljningen-vid-saga-furs-auktion-fordubblades-fran-i-fjol","status":"publish","type":"news","link":"https:\/\/www.sagafurs.com\/sv\/bolaget\/nyheter\/vardet-pa-formedlingsforsaljningen-vid-saga-furs-auktion-fordubblades-fran-i-fjol\/","title":{"rendered":"V\u00e4rdet p\u00e5 f\u00f6rmedlingsf\u00f6rs\u00e4ljningen vid Saga Furs\u2019 auktion f\u00f6rdubblades fr\u00e5n i fjol"},"content":{"rendered":"<p>Saga Furs\u2019 decemberauktion avslutades idag. P\u00e5 grund av Covid-19-pandemin och resebegr\u00e4nsningarna ordnades auktionen online och \u00f6ver 100 k\u00f6pare fr\u00e5n samtliga huvudmarknadsomr\u00e5den deltog. Det r\u00e5dde livlig konkurrens vid auktionen. Av utbuden p\u00e5 \u00f6ver 800\u00a0000 minkskinn s\u00e5ldes \u00f6ver 80% och prisniv\u00e5n steg i medeltal ca 50% j\u00e4mf\u00f6rt med f\u00f6rra s\u00e4songen. Utbuden av bl\u00e5- och shadowr\u00e4vskinn omfattade totalt 120\u00a0000 skinn som s\u00e5ldes till 100%, och prisniv\u00e5n steg ca 20%. Av utbuden p\u00e5 100 000 mutations- och silverr\u00e4vskinn s\u00e5ldes endast en femtedel till stabila prisniv\u00e5er. Ink\u00f6pen gick huvudsakligen till Kina och en del \u00e4ven till Sydkorea, Grekland, Turkiet, Italien och Ryssland.<\/p>\n<p>\u201d<em>Den kraftiga nedg\u00e5ngen i produktionen avspeglade sig p\u00e5 prisniv\u00e5n, som n\u00e4stan steg till l\u00f6nsam niv\u00e5. Efterfr\u00e5gan varierar kraftigt de olika typerna emellan, vilket \u00e4r orsaken till att alla skinn inte s\u00e5ldes. G\u00e4llande minken ser forts\u00e4ttningen p\u00e5 s\u00e4songen ljus ut d\u00e5 efterfr\u00e5gan \u00f6verstiger utbuden. G\u00e4llande mutations- och silverr\u00e4vskinnen \u00e4r l\u00e4get tyv\u00e4rr sv\u00e5rt, d\u00e5 modev\u00e4rlden fortfarande lider av sviterna av pandemin<\/em>\u201d, s\u00e4ger Saga Furs\u2019 verkst\u00e4llande direkt\u00f6r <strong>Magnus Ljung<\/strong>.<\/p>\n<p>Topplotten av Blue Shadow-r\u00e4v k\u00f6ptes idag av <strong>Steven Holden<\/strong> f\u00f6r <strong>Rebellato Graziano sas<\/strong>.<\/p>\n<p>Saga Furs ordnar n\u00e4sta auktion i mars 2021.<\/p>\n<p><img loading=\"lazy\" decoding=\"async\" class=\"alignnone wp-image-174972 size-full\" src=\"http:\/\/www.sagafurs.com\/wp-content\/uploads\/2020\/12\/sagafurs-toplot-17122020.jpg\" alt=\"\" width=\"1024\" height=\"576\" srcset=\"https:\/\/www.sagafurs.com\/wp-content\/uploads\/2020\/12\/sagafurs-toplot-17122020.jpg 1024w, https:\/\/www.sagafurs.com\/wp-content\/uploads\/2020\/12\/sagafurs-toplot-17122020-683x384.jpg 683w, https:\/\/www.sagafurs.com\/wp-content\/uploads\/2020\/12\/sagafurs-toplot-17122020-800x450.jpg 800w, https:\/\/www.sagafurs.com\/wp-content\/uploads\/2020\/12\/sagafurs-toplot-17122020-768x432.jpg 768w, https:\/\/www.sagafurs.com\/wp-content\/uploads\/2020\/12\/sagafurs-toplot-17122020-270x153.jpg 270w, https:\/\/www.sagafurs.com\/wp-content\/uploads\/2020\/12\/sagafurs-toplot-17122020-400x225.jpg 400w\" sizes=\"auto, (max-width: 1024px) 100vw, 1024px\" \/><\/p>\n","protected":false},"excerpt":{"rendered":"<p>Saga Furs\u2019 decemberauktion avslutades idag. P\u00e5 grund av Covid-19-pandemin och resebegr\u00e4nsningarna ordnades auktionen online och \u00f6ver 100 k\u00f6pare fr\u00e5n samtliga huvudmarknadsomr\u00e5den deltog. Det r\u00e5dde livlig konkurrens vid auktionen. Av utbuden p\u00e5 \u00f6ver 800\u00a0000 minkskinn s\u00e5ldes \u00f6ver 80% och prisniv\u00e5n steg i medeltal ca 50% j\u00e4mf\u00f6rt med f\u00f6rra s\u00e4songen. Utbuden av bl\u00e5- och shadowr\u00e4vskinn omfattade totalt<a class=\"excerpt-read-more\" href=\"https:\/\/www.sagafurs.com\/sv\/bolaget\/nyheter\/vardet-pa-formedlingsforsaljningen-vid-saga-furs-auktion-fordubblades-fran-i-fjol\/\" title=\"L\u00e4sV\u00e4rdet p\u00e5 f\u00f6rmedlingsf\u00f6rs\u00e4ljningen vid Saga Furs\u2019 auktion f\u00f6rdubblades fr\u00e5n i fjol\">\u2026 L\u00e4s mera &raquo;<\/a><\/p>\n","protected":false},"featured_media":0,"template":"","class_list":["post-174979","news","type-news","status-publish","hentry","news_category-auction-sv"],"acf":[],"yoast_head":"<!-- This site is optimized with the Yoast SEO plugin v27.4 - https:\/\/yoast.com\/product\/yoast-seo-wordpress\/ -->\n<title>V\u00e4rdet p\u00e5 f\u00f6rmedlingsf\u00f6rs\u00e4ljningen vid Saga Furs\u2019 auktion f\u00f6rdubblades fr\u00e5n i fjol - Sagafurs<\/title>\n<meta name=\"robots\" content=\"index, follow, max-snippet:-1, max-image-preview:large, max-video-preview:-1\" \/>\n<link rel=\"canonical\" href=\"https:\/\/www.sagafurs.com\/sv\/bolaget\/nyheter\/vardet-pa-formedlingsforsaljningen-vid-saga-furs-auktion-fordubblades-fran-i-fjol\/\" \/>\n<meta property=\"og:locale\" content=\"sv_SE\" \/>\n<meta property=\"og:type\" content=\"article\" \/>\n<meta property=\"og:title\" content=\"V\u00e4rdet p\u00e5 f\u00f6rmedlingsf\u00f6rs\u00e4ljningen vid Saga Furs\u2019 auktion f\u00f6rdubblades fr\u00e5n i fjol - Sagafurs\" \/>\n<meta property=\"og:description\" content=\"Saga Furs\u2019 decemberauktion avslutades idag. P\u00e5 grund av Covid-19-pandemin och resebegr\u00e4nsningarna ordnades auktionen online och \u00f6ver 100 k\u00f6pare fr\u00e5n samtliga huvudmarknadsomr\u00e5den deltog. Det r\u00e5dde livlig konkurrens vid auktionen. Av utbuden p\u00e5 \u00f6ver 800\u00a0000 minkskinn s\u00e5ldes \u00f6ver 80% och prisniv\u00e5n steg i medeltal ca 50% j\u00e4mf\u00f6rt med f\u00f6rra s\u00e4songen. Utbuden av bl\u00e5- och shadowr\u00e4vskinn omfattade totalt\u2026 L\u00e4s mera &raquo;\" \/>\n<meta property=\"og:url\" content=\"https:\/\/www.sagafurs.com\/sv\/bolaget\/nyheter\/vardet-pa-formedlingsforsaljningen-vid-saga-furs-auktion-fordubblades-fran-i-fjol\/\" \/>\n<meta property=\"og:site_name\" content=\"Sagafurs\" \/>\n<meta property=\"article:modified_time\" content=\"2020-12-17T17:32:30+00:00\" \/>\n<meta property=\"og:image\" content=\"http:\/\/www.sagafurs.com\/wp-content\/uploads\/2020\/12\/sagafurs-toplot-17122020.jpg\" \/>\n<meta name=\"twitter:card\" content=\"summary_large_image\" \/>\n<meta name=\"twitter:label1\" content=\"Ber\u00e4knad l\u00e4stid\" \/>\n\t<meta name=\"twitter:data1\" content=\"1 minut\" \/>\n<script type=\"application\/ld+json\" class=\"yoast-schema-graph\">{\"@context\":\"https:\\\/\\\/schema.org\",\"@graph\":[{\"@type\":\"WebPage\",\"@id\":\"https:\\\/\\\/www.sagafurs.com\\\/sv\\\/bolaget\\\/nyheter\\\/vardet-pa-formedlingsforsaljningen-vid-saga-furs-auktion-fordubblades-fran-i-fjol\\\/\",\"url\":\"https:\\\/\\\/www.sagafurs.com\\\/sv\\\/bolaget\\\/nyheter\\\/vardet-pa-formedlingsforsaljningen-vid-saga-furs-auktion-fordubblades-fran-i-fjol\\\/\",\"name\":\"V\u00e4rdet p\u00e5 f\u00f6rmedlingsf\u00f6rs\u00e4ljningen vid Saga Furs\u2019 auktion f\u00f6rdubblades fr\u00e5n i fjol - Sagafurs\",\"isPartOf\":{\"@id\":\"https:\\\/\\\/www.sagafurs.com\\\/#website\"},\"primaryImageOfPage\":{\"@id\":\"https:\\\/\\\/www.sagafurs.com\\\/sv\\\/bolaget\\\/nyheter\\\/vardet-pa-formedlingsforsaljningen-vid-saga-furs-auktion-fordubblades-fran-i-fjol\\\/#primaryimage\"},\"image\":{\"@id\":\"https:\\\/\\\/www.sagafurs.com\\\/sv\\\/bolaget\\\/nyheter\\\/vardet-pa-formedlingsforsaljningen-vid-saga-furs-auktion-fordubblades-fran-i-fjol\\\/#primaryimage\"},\"thumbnailUrl\":\"http:\\\/\\\/www.sagafurs.com\\\/wp-content\\\/uploads\\\/2020\\\/12\\\/sagafurs-toplot-17122020.jpg\",\"datePublished\":\"2020-12-17T17:27:44+00:00\",\"dateModified\":\"2020-12-17T17:32:30+00:00\",\"breadcrumb\":{\"@id\":\"https:\\\/\\\/www.sagafurs.com\\\/sv\\\/bolaget\\\/nyheter\\\/vardet-pa-formedlingsforsaljningen-vid-saga-furs-auktion-fordubblades-fran-i-fjol\\\/#breadcrumb\"},\"inLanguage\":\"sv-SE\",\"potentialAction\":[{\"@type\":\"ReadAction\",\"target\":[\"https:\\\/\\\/www.sagafurs.com\\\/sv\\\/bolaget\\\/nyheter\\\/vardet-pa-formedlingsforsaljningen-vid-saga-furs-auktion-fordubblades-fran-i-fjol\\\/\"]}]},{\"@type\":\"ImageObject\",\"inLanguage\":\"sv-SE\",\"@id\":\"https:\\\/\\\/www.sagafurs.com\\\/sv\\\/bolaget\\\/nyheter\\\/vardet-pa-formedlingsforsaljningen-vid-saga-furs-auktion-fordubblades-fran-i-fjol\\\/#primaryimage\",\"url\":\"http:\\\/\\\/www.sagafurs.com\\\/wp-content\\\/uploads\\\/2020\\\/12\\\/sagafurs-toplot-17122020.jpg\",\"contentUrl\":\"http:\\\/\\\/www.sagafurs.com\\\/wp-content\\\/uploads\\\/2020\\\/12\\\/sagafurs-toplot-17122020.jpg\"},{\"@type\":\"BreadcrumbList\",\"@id\":\"https:\\\/\\\/www.sagafurs.com\\\/sv\\\/bolaget\\\/nyheter\\\/vardet-pa-formedlingsforsaljningen-vid-saga-furs-auktion-fordubblades-fran-i-fjol\\\/#breadcrumb\",\"itemListElement\":[{\"@type\":\"ListItem\",\"position\":1,\"name\":\"Home\",\"item\":\"https:\\\/\\\/www.sagafurs.com\\\/sv\\\/\"},{\"@type\":\"ListItem\",\"position\":2,\"name\":\"V\u00e4rdet p\u00e5 f\u00f6rmedlingsf\u00f6rs\u00e4ljningen vid Saga Furs\u2019 auktion f\u00f6rdubblades fr\u00e5n i fjol\"}]},{\"@type\":\"WebSite\",\"@id\":\"https:\\\/\\\/www.sagafurs.com\\\/#website\",\"url\":\"https:\\\/\\\/www.sagafurs.com\\\/\",\"name\":\"Sagafurs\",\"description\":\"Sagafurs\",\"potentialAction\":[{\"@type\":\"SearchAction\",\"target\":{\"@type\":\"EntryPoint\",\"urlTemplate\":\"https:\\\/\\\/www.sagafurs.com\\\/?s={search_term_string}\"},\"query-input\":{\"@type\":\"PropertyValueSpecification\",\"valueRequired\":true,\"valueName\":\"search_term_string\"}}],\"inLanguage\":\"sv-SE\"}]}<\/script>\n<!-- \/ Yoast SEO plugin. -->","yoast_head_json":{"title":"V\u00e4rdet p\u00e5 f\u00f6rmedlingsf\u00f6rs\u00e4ljningen vid Saga Furs\u2019 auktion f\u00f6rdubblades fr\u00e5n i fjol - Sagafurs","robots":{"index":"index","follow":"follow","max-snippet":"max-snippet:-1","max-image-preview":"max-image-preview:large","max-video-preview":"max-video-preview:-1"},"canonical":"https:\/\/www.sagafurs.com\/sv\/bolaget\/nyheter\/vardet-pa-formedlingsforsaljningen-vid-saga-furs-auktion-fordubblades-fran-i-fjol\/","og_locale":"sv_SE","og_type":"article","og_title":"V\u00e4rdet p\u00e5 f\u00f6rmedlingsf\u00f6rs\u00e4ljningen vid Saga Furs\u2019 auktion f\u00f6rdubblades fr\u00e5n i fjol - Sagafurs","og_description":"Saga Furs\u2019 decemberauktion avslutades idag. P\u00e5 grund av Covid-19-pandemin och resebegr\u00e4nsningarna ordnades auktionen online och \u00f6ver 100 k\u00f6pare fr\u00e5n samtliga huvudmarknadsomr\u00e5den deltog. Det r\u00e5dde livlig konkurrens vid auktionen. Av utbuden p\u00e5 \u00f6ver 800\u00a0000 minkskinn s\u00e5ldes \u00f6ver 80% och prisniv\u00e5n steg i medeltal ca 50% j\u00e4mf\u00f6rt med f\u00f6rra s\u00e4songen. Utbuden av bl\u00e5- och shadowr\u00e4vskinn omfattade totalt\u2026 L\u00e4s mera &raquo;","og_url":"https:\/\/www.sagafurs.com\/sv\/bolaget\/nyheter\/vardet-pa-formedlingsforsaljningen-vid-saga-furs-auktion-fordubblades-fran-i-fjol\/","og_site_name":"Sagafurs","article_modified_time":"2020-12-17T17:32:30+00:00","og_image":[{"url":"http:\/\/www.sagafurs.com\/wp-content\/uploads\/2020\/12\/sagafurs-toplot-17122020.jpg","type":"","width":"","height":""}],"twitter_card":"summary_large_image","twitter_misc":{"Ber\u00e4knad l\u00e4stid":"1 minut"},"schema":{"@context":"https:\/\/schema.org","@graph":[{"@type":"WebPage","@id":"https:\/\/www.sagafurs.com\/sv\/bolaget\/nyheter\/vardet-pa-formedlingsforsaljningen-vid-saga-furs-auktion-fordubblades-fran-i-fjol\/","url":"https:\/\/www.sagafurs.com\/sv\/bolaget\/nyheter\/vardet-pa-formedlingsforsaljningen-vid-saga-furs-auktion-fordubblades-fran-i-fjol\/","name":"V\u00e4rdet p\u00e5 f\u00f6rmedlingsf\u00f6rs\u00e4ljningen vid Saga Furs\u2019 auktion f\u00f6rdubblades fr\u00e5n i fjol - Sagafurs","isPartOf":{"@id":"https:\/\/www.sagafurs.com\/#website"},"primaryImageOfPage":{"@id":"https:\/\/www.sagafurs.com\/sv\/bolaget\/nyheter\/vardet-pa-formedlingsforsaljningen-vid-saga-furs-auktion-fordubblades-fran-i-fjol\/#primaryimage"},"image":{"@id":"https:\/\/www.sagafurs.com\/sv\/bolaget\/nyheter\/vardet-pa-formedlingsforsaljningen-vid-saga-furs-auktion-fordubblades-fran-i-fjol\/#primaryimage"},"thumbnailUrl":"http:\/\/www.sagafurs.com\/wp-content\/uploads\/2020\/12\/sagafurs-toplot-17122020.jpg","datePublished":"2020-12-17T17:27:44+00:00","dateModified":"2020-12-17T17:32:30+00:00","breadcrumb":{"@id":"https:\/\/www.sagafurs.com\/sv\/bolaget\/nyheter\/vardet-pa-formedlingsforsaljningen-vid-saga-furs-auktion-fordubblades-fran-i-fjol\/#breadcrumb"},"inLanguage":"sv-SE","potentialAction":[{"@type":"ReadAction","target":["https:\/\/www.sagafurs.com\/sv\/bolaget\/nyheter\/vardet-pa-formedlingsforsaljningen-vid-saga-furs-auktion-fordubblades-fran-i-fjol\/"]}]},{"@type":"ImageObject","inLanguage":"sv-SE","@id":"https:\/\/www.sagafurs.com\/sv\/bolaget\/nyheter\/vardet-pa-formedlingsforsaljningen-vid-saga-furs-auktion-fordubblades-fran-i-fjol\/#primaryimage","url":"http:\/\/www.sagafurs.com\/wp-content\/uploads\/2020\/12\/sagafurs-toplot-17122020.jpg","contentUrl":"http:\/\/www.sagafurs.com\/wp-content\/uploads\/2020\/12\/sagafurs-toplot-17122020.jpg"},{"@type":"BreadcrumbList","@id":"https:\/\/www.sagafurs.com\/sv\/bolaget\/nyheter\/vardet-pa-formedlingsforsaljningen-vid-saga-furs-auktion-fordubblades-fran-i-fjol\/#breadcrumb","itemListElement":[{"@type":"ListItem","position":1,"name":"Home","item":"https:\/\/www.sagafurs.com\/sv\/"},{"@type":"ListItem","position":2,"name":"V\u00e4rdet p\u00e5 f\u00f6rmedlingsf\u00f6rs\u00e4ljningen vid Saga Furs\u2019 auktion f\u00f6rdubblades fr\u00e5n i fjol"}]},{"@type":"WebSite","@id":"https:\/\/www.sagafurs.com\/#website","url":"https:\/\/www.sagafurs.com\/","name":"Sagafurs","description":"Sagafurs","potentialAction":[{"@type":"SearchAction","target":{"@type":"EntryPoint","urlTemplate":"https:\/\/www.sagafurs.com\/?s={search_term_string}"},"query-input":{"@type":"PropertyValueSpecification","valueRequired":true,"valueName":"search_term_string"}}],"inLanguage":"sv-SE"}]}},"_links":{"self":[{"href":"https:\/\/www.sagafurs.com\/sv\/wp-json\/wp\/v2\/news\/174979","targetHints":{"allow":["GET"]}}],"collection":[{"href":"https:\/\/www.sagafurs.com\/sv\/wp-json\/wp\/v2\/news"}],"about":[{"href":"https:\/\/www.sagafurs.com\/sv\/wp-json\/wp\/v2\/types\/news"}],"version-history":[{"count":0,"href":"https:\/\/www.sagafurs.com\/sv\/wp-json\/wp\/v2\/news\/174979\/revisions"}],"wp:attachment":[{"href":"https:\/\/www.sagafurs.com\/sv\/wp-json\/wp\/v2\/media?parent=174979"}],"curies":[{"name":"wp","href":"https:\/\/api.w.org\/{rel}","templated":true}]}}