{"id":185367,"date":"2024-04-26T14:42:13","date_gmt":"2024-04-26T11:42:13","guid":{"rendered":"https:\/\/www.sagafurs.com\/corporate\/news\/nimitys-saga-fursin-johtoryhmaan-2\/"},"modified":"2024-04-26T14:47:00","modified_gmt":"2024-04-26T11:47:00","slug":"nimitys-saga-fursin-johtoryhmaan-2","status":"publish","type":"news","link":"https:\/\/www.sagafurs.com\/sv\/bolaget\/nyheter\/nimitys-saga-fursin-johtoryhmaan-2\/","title":{"rendered":"Utn\u00e4mning till Saga Furs ledningsgrupp"},"content":{"rendered":"<p>Saga Furs Oyj, b\u00f6rsmeddelande 26.4.2024 kl. 14.25<\/p>\n<p>Ekonomie magister <strong>Taina Pallasvesa<\/strong> har fr\u00e5n och med 29.4.2024 utn\u00e4mnts till ekonomidirekt\u00f6r och medlem av Saga Furs Oyjs ledningsgrupp. Samtidigt g\u00e5r hennes f\u00f6retr\u00e4dare Juha Huttunen i pension som planerat. Huttunen arbetade f\u00f6r bolaget i n\u00e4stan 37 \u00e5r, de senaste 15 \u00e5ren som direkt\u00f6r med ansvar f\u00f6r ekonomin och som vice verkst\u00e4llande direkt\u00f6r.<\/p>\n<p>Pallasvesa har arbetat f\u00f6r Saga Furs som chef f\u00f6r redovisning och aff\u00e4rsverksamhetsanalys sedan 2019. Hon har l\u00e5ng och m\u00e5ngsidig erfarenhet av uppgifter inom ekonomif\u00f6rvaltningen. F\u00f6re Saga Furs var Pallasvesa Group Controller inom flera branscher och hon har ocks\u00e5 erfarenhet av styrelsearbete. Pallasvesa rapporterar i sitt uppdrag till verkst\u00e4llande direkt\u00f6r Markus Gotthardt.<\/p>\n<p>Efter utn\u00e4mningen ing\u00e5r i ledningsgruppen f\u00f6r Saga Furs verkst\u00e4llande direkt\u00f6ren Markus Gotthardt, f\u00f6rs\u00e4ljningsdirekt\u00f6ren Mikko Hov\u00e9n, direkt\u00f6ren (HR och IT) Ari Kuutschin, operativa direkt\u00f6ren Sameli M\u00e4kel\u00e4, aff\u00e4rsverksamhetsdirekt\u00f6ren (brands och internationella producenter) Julio Suarez Christiansen, aff\u00e4rsverksamhetsdirekt\u00f6ren (marknadsf\u00f6ring och kundrelationer) Samantha Vesala och ekonomidirekt\u00f6ren Taina Pallasvesa.<\/p>\n<p><strong>Till\u00e4gsinformation:<\/strong><br \/>\nVerkst\u00e4llande direkt\u00f6r <strong>Markus Gotthardt<\/strong>, tel. 0500 812\u00a0851,\u00a0<a href=\"mailto:markus.gotthardt@sagafurs.com\">markus.gotthardt@sagafurs.com<\/a><\/p>\n","protected":false},"excerpt":{"rendered":"<p>Saga Furs Oyj, b\u00f6rsmeddelande 26.4.2024 kl. 14.25 Ekonomie magister Taina Pallasvesa har fr\u00e5n och med 29.4.2024 utn\u00e4mnts till ekonomidirekt\u00f6r och medlem av Saga Furs Oyjs ledningsgrupp. Samtidigt g\u00e5r hennes f\u00f6retr\u00e4dare Juha Huttunen i pension som planerat. Huttunen arbetade f\u00f6r bolaget i n\u00e4stan 37 \u00e5r, de senaste 15 \u00e5ren som direkt\u00f6r med ansvar f\u00f6r ekonomin och<a class=\"excerpt-read-more\" href=\"https:\/\/www.sagafurs.com\/sv\/bolaget\/nyheter\/nimitys-saga-fursin-johtoryhmaan-2\/\" title=\"L\u00e4sUtn\u00e4mning till Saga Furs ledningsgrupp\">\u2026 L\u00e4s mera &raquo;<\/a><\/p>\n","protected":false},"featured_media":0,"template":"","class_list":["post-185367","news","type-news","status-publish","hentry","news_category-corporate-sv"],"acf":[],"yoast_head":"<!-- This site is optimized with the Yoast SEO plugin v27.4 - https:\/\/yoast.com\/product\/yoast-seo-wordpress\/ -->\n<title>Utn\u00e4mning till Saga Furs ledningsgrupp - Sagafurs<\/title>\n<meta name=\"robots\" content=\"index, follow, max-snippet:-1, max-image-preview:large, max-video-preview:-1\" \/>\n<link rel=\"canonical\" href=\"https:\/\/www.sagafurs.com\/sv\/bolaget\/nyheter\/nimitys-saga-fursin-johtoryhmaan-2\/\" \/>\n<meta property=\"og:locale\" content=\"sv_SE\" \/>\n<meta property=\"og:type\" content=\"article\" \/>\n<meta property=\"og:title\" content=\"Utn\u00e4mning till Saga Furs ledningsgrupp - Sagafurs\" \/>\n<meta property=\"og:description\" content=\"Saga Furs Oyj, b\u00f6rsmeddelande 26.4.2024 kl. 14.25 Ekonomie magister Taina Pallasvesa har fr\u00e5n och med 29.4.2024 utn\u00e4mnts till ekonomidirekt\u00f6r och medlem av Saga Furs Oyjs ledningsgrupp. Samtidigt g\u00e5r hennes f\u00f6retr\u00e4dare Juha Huttunen i pension som planerat. Huttunen arbetade f\u00f6r bolaget i n\u00e4stan 37 \u00e5r, de senaste 15 \u00e5ren som direkt\u00f6r med ansvar f\u00f6r ekonomin och\u2026 L\u00e4s mera &raquo;\" \/>\n<meta property=\"og:url\" content=\"https:\/\/www.sagafurs.com\/sv\/bolaget\/nyheter\/nimitys-saga-fursin-johtoryhmaan-2\/\" \/>\n<meta property=\"og:site_name\" content=\"Sagafurs\" \/>\n<meta property=\"article:modified_time\" content=\"2024-04-26T11:47:00+00:00\" \/>\n<meta name=\"twitter:card\" content=\"summary_large_image\" \/>\n<meta name=\"twitter:label1\" content=\"Ber\u00e4knad l\u00e4stid\" \/>\n\t<meta name=\"twitter:data1\" content=\"1 minut\" \/>\n<script type=\"application\/ld+json\" class=\"yoast-schema-graph\">{\"@context\":\"https:\\\/\\\/schema.org\",\"@graph\":[{\"@type\":\"WebPage\",\"@id\":\"https:\\\/\\\/www.sagafurs.com\\\/sv\\\/bolaget\\\/nyheter\\\/nimitys-saga-fursin-johtoryhmaan-2\\\/\",\"url\":\"https:\\\/\\\/www.sagafurs.com\\\/sv\\\/bolaget\\\/nyheter\\\/nimitys-saga-fursin-johtoryhmaan-2\\\/\",\"name\":\"Utn\u00e4mning till Saga Furs ledningsgrupp - Sagafurs\",\"isPartOf\":{\"@id\":\"https:\\\/\\\/www.sagafurs.com\\\/#website\"},\"datePublished\":\"2024-04-26T11:42:13+00:00\",\"dateModified\":\"2024-04-26T11:47:00+00:00\",\"breadcrumb\":{\"@id\":\"https:\\\/\\\/www.sagafurs.com\\\/sv\\\/bolaget\\\/nyheter\\\/nimitys-saga-fursin-johtoryhmaan-2\\\/#breadcrumb\"},\"inLanguage\":\"sv-SE\",\"potentialAction\":[{\"@type\":\"ReadAction\",\"target\":[\"https:\\\/\\\/www.sagafurs.com\\\/sv\\\/bolaget\\\/nyheter\\\/nimitys-saga-fursin-johtoryhmaan-2\\\/\"]}]},{\"@type\":\"BreadcrumbList\",\"@id\":\"https:\\\/\\\/www.sagafurs.com\\\/sv\\\/bolaget\\\/nyheter\\\/nimitys-saga-fursin-johtoryhmaan-2\\\/#breadcrumb\",\"itemListElement\":[{\"@type\":\"ListItem\",\"position\":1,\"name\":\"Home\",\"item\":\"https:\\\/\\\/www.sagafurs.com\\\/sv\\\/\"},{\"@type\":\"ListItem\",\"position\":2,\"name\":\"Utn\u00e4mning till Saga Furs ledningsgrupp\"}]},{\"@type\":\"WebSite\",\"@id\":\"https:\\\/\\\/www.sagafurs.com\\\/#website\",\"url\":\"https:\\\/\\\/www.sagafurs.com\\\/\",\"name\":\"Sagafurs\",\"description\":\"Sagafurs\",\"potentialAction\":[{\"@type\":\"SearchAction\",\"target\":{\"@type\":\"EntryPoint\",\"urlTemplate\":\"https:\\\/\\\/www.sagafurs.com\\\/?s={search_term_string}\"},\"query-input\":{\"@type\":\"PropertyValueSpecification\",\"valueRequired\":true,\"valueName\":\"search_term_string\"}}],\"inLanguage\":\"sv-SE\"}]}<\/script>\n<!-- \/ Yoast SEO plugin. -->","yoast_head_json":{"title":"Utn\u00e4mning till Saga Furs ledningsgrupp - Sagafurs","robots":{"index":"index","follow":"follow","max-snippet":"max-snippet:-1","max-image-preview":"max-image-preview:large","max-video-preview":"max-video-preview:-1"},"canonical":"https:\/\/www.sagafurs.com\/sv\/bolaget\/nyheter\/nimitys-saga-fursin-johtoryhmaan-2\/","og_locale":"sv_SE","og_type":"article","og_title":"Utn\u00e4mning till Saga Furs ledningsgrupp - Sagafurs","og_description":"Saga Furs Oyj, b\u00f6rsmeddelande 26.4.2024 kl. 14.25 Ekonomie magister Taina Pallasvesa har fr\u00e5n och med 29.4.2024 utn\u00e4mnts till ekonomidirekt\u00f6r och medlem av Saga Furs Oyjs ledningsgrupp. Samtidigt g\u00e5r hennes f\u00f6retr\u00e4dare Juha Huttunen i pension som planerat. Huttunen arbetade f\u00f6r bolaget i n\u00e4stan 37 \u00e5r, de senaste 15 \u00e5ren som direkt\u00f6r med ansvar f\u00f6r ekonomin och\u2026 L\u00e4s mera &raquo;","og_url":"https:\/\/www.sagafurs.com\/sv\/bolaget\/nyheter\/nimitys-saga-fursin-johtoryhmaan-2\/","og_site_name":"Sagafurs","article_modified_time":"2024-04-26T11:47:00+00:00","twitter_card":"summary_large_image","twitter_misc":{"Ber\u00e4knad l\u00e4stid":"1 minut"},"schema":{"@context":"https:\/\/schema.org","@graph":[{"@type":"WebPage","@id":"https:\/\/www.sagafurs.com\/sv\/bolaget\/nyheter\/nimitys-saga-fursin-johtoryhmaan-2\/","url":"https:\/\/www.sagafurs.com\/sv\/bolaget\/nyheter\/nimitys-saga-fursin-johtoryhmaan-2\/","name":"Utn\u00e4mning till Saga Furs ledningsgrupp - Sagafurs","isPartOf":{"@id":"https:\/\/www.sagafurs.com\/#website"},"datePublished":"2024-04-26T11:42:13+00:00","dateModified":"2024-04-26T11:47:00+00:00","breadcrumb":{"@id":"https:\/\/www.sagafurs.com\/sv\/bolaget\/nyheter\/nimitys-saga-fursin-johtoryhmaan-2\/#breadcrumb"},"inLanguage":"sv-SE","potentialAction":[{"@type":"ReadAction","target":["https:\/\/www.sagafurs.com\/sv\/bolaget\/nyheter\/nimitys-saga-fursin-johtoryhmaan-2\/"]}]},{"@type":"BreadcrumbList","@id":"https:\/\/www.sagafurs.com\/sv\/bolaget\/nyheter\/nimitys-saga-fursin-johtoryhmaan-2\/#breadcrumb","itemListElement":[{"@type":"ListItem","position":1,"name":"Home","item":"https:\/\/www.sagafurs.com\/sv\/"},{"@type":"ListItem","position":2,"name":"Utn\u00e4mning till Saga Furs ledningsgrupp"}]},{"@type":"WebSite","@id":"https:\/\/www.sagafurs.com\/#website","url":"https:\/\/www.sagafurs.com\/","name":"Sagafurs","description":"Sagafurs","potentialAction":[{"@type":"SearchAction","target":{"@type":"EntryPoint","urlTemplate":"https:\/\/www.sagafurs.com\/?s={search_term_string}"},"query-input":{"@type":"PropertyValueSpecification","valueRequired":true,"valueName":"search_term_string"}}],"inLanguage":"sv-SE"}]}},"_links":{"self":[{"href":"https:\/\/www.sagafurs.com\/sv\/wp-json\/wp\/v2\/news\/185367","targetHints":{"allow":["GET"]}}],"collection":[{"href":"https:\/\/www.sagafurs.com\/sv\/wp-json\/wp\/v2\/news"}],"about":[{"href":"https:\/\/www.sagafurs.com\/sv\/wp-json\/wp\/v2\/types\/news"}],"version-history":[{"count":0,"href":"https:\/\/www.sagafurs.com\/sv\/wp-json\/wp\/v2\/news\/185367\/revisions"}],"wp:attachment":[{"href":"https:\/\/www.sagafurs.com\/sv\/wp-json\/wp\/v2\/media?parent=185367"}],"curies":[{"name":"wp","href":"https:\/\/api.w.org\/{rel}","templated":true}]}}