{"id":186474,"date":"2024-12-18T15:19:26","date_gmt":"2024-12-18T13:19:26","guid":{"rendered":"https:\/\/www.sagafurs.com\/?post_type=news&#038;p=186474"},"modified":"2024-12-18T15:19:26","modified_gmt":"2024-12-18T13:19:26","slug":"undantagsoppettider-for-saga-furs-kontor-i-december-2024-och-januari-2025","status":"publish","type":"news","link":"https:\/\/www.sagafurs.com\/sv\/bolaget\/nyheter\/undantagsoppettider-for-saga-furs-kontor-i-december-2024-och-januari-2025\/","title":{"rendered":"Undantags\u00f6ppettider f\u00f6r Saga Furs kontor i december 2024 och januari 2025"},"content":{"rendered":"<p>Saga Furs <strong>kontor I Vanda \u00e4r st\u00e4ngt 25.\u201326.12.2024<\/strong> p\u00e5 grund av julen.<\/p>\n<p><strong>I januari 2025 st\u00e4ngs kontoret 1.1. <\/strong>p\u00e5 grund av Ny\u00e5rsdagen.<\/p>\n<p><strong>Ekonomiteamet \u00e4r p\u00e5 semester 23.\u201327.12.2024<\/strong><\/p>\n<p>Vi \u00f6nskar er en fridfull julv\u00e4ntan och ett lyckligt nytt \u00e5r 2025!<\/p>\n<p><img loading=\"lazy\" decoding=\"async\" class=\"alignnone size-medium wp-image-186466\" src=\"https:\/\/www.sagafurs.com\/wp-content\/uploads\/2024\/12\/Seasons_greetings_December-1-1024x384.png\" alt=\"\" width=\"1024\" height=\"384\" srcset=\"https:\/\/www.sagafurs.com\/wp-content\/uploads\/2024\/12\/Seasons_greetings_December-1-1024x384.png 1024w, https:\/\/www.sagafurs.com\/wp-content\/uploads\/2024\/12\/Seasons_greetings_December-1-768x288.png 768w, https:\/\/www.sagafurs.com\/wp-content\/uploads\/2024\/12\/Seasons_greetings_December-1-640x240.png 640w, https:\/\/www.sagafurs.com\/wp-content\/uploads\/2024\/12\/Seasons_greetings_December-1.png 1200w\" sizes=\"auto, (max-width: 1024px) 100vw, 1024px\" \/><\/p>\n<p>&nbsp;<\/p>\n","protected":false},"excerpt":{"rendered":"<p>Saga Furs kontor I Vanda \u00e4r st\u00e4ngt 25.\u201326.12.2024 p\u00e5 grund av julen. I januari 2025 st\u00e4ngs kontoret 1.1. p\u00e5 grund av Ny\u00e5rsdagen. Ekonomiteamet \u00e4r p\u00e5 semester 23.\u201327.12.2024 Vi \u00f6nskar er en fridfull julv\u00e4ntan och ett lyckligt nytt \u00e5r 2025! &nbsp;<\/p>\n","protected":false},"featured_media":0,"template":"","class_list":["post-186474","news","type-news","status-publish","hentry"],"acf":[],"yoast_head":"<!-- This site is optimized with the Yoast SEO plugin v27.4 - https:\/\/yoast.com\/product\/yoast-seo-wordpress\/ -->\n<title>Undantags\u00f6ppettider f\u00f6r Saga Furs kontor i december 2024 och januari 2025 - Sagafurs<\/title>\n<meta name=\"robots\" content=\"index, follow, max-snippet:-1, max-image-preview:large, max-video-preview:-1\" \/>\n<link rel=\"canonical\" href=\"https:\/\/www.sagafurs.com\/sv\/bolaget\/nyheter\/undantagsoppettider-for-saga-furs-kontor-i-december-2024-och-januari-2025\/\" \/>\n<meta property=\"og:locale\" content=\"sv_SE\" \/>\n<meta property=\"og:type\" content=\"article\" \/>\n<meta property=\"og:title\" content=\"Undantags\u00f6ppettider f\u00f6r Saga Furs kontor i december 2024 och januari 2025 - Sagafurs\" \/>\n<meta property=\"og:description\" content=\"Saga Furs kontor I Vanda \u00e4r st\u00e4ngt 25.\u201326.12.2024 p\u00e5 grund av julen. I januari 2025 st\u00e4ngs kontoret 1.1. p\u00e5 grund av Ny\u00e5rsdagen. Ekonomiteamet \u00e4r p\u00e5 semester 23.\u201327.12.2024 Vi \u00f6nskar er en fridfull julv\u00e4ntan och ett lyckligt nytt \u00e5r 2025! &nbsp;\" \/>\n<meta property=\"og:url\" content=\"https:\/\/www.sagafurs.com\/sv\/bolaget\/nyheter\/undantagsoppettider-for-saga-furs-kontor-i-december-2024-och-januari-2025\/\" \/>\n<meta property=\"og:site_name\" content=\"Sagafurs\" \/>\n<meta property=\"og:image\" content=\"https:\/\/www.sagafurs.com\/wp-content\/uploads\/2024\/12\/Seasons_greetings_December-1.png\" \/>\n\t<meta property=\"og:image:width\" content=\"1200\" \/>\n\t<meta property=\"og:image:height\" content=\"450\" \/>\n\t<meta property=\"og:image:type\" content=\"image\/png\" \/>\n<meta name=\"twitter:card\" content=\"summary_large_image\" \/>\n<meta name=\"twitter:label1\" content=\"Ber\u00e4knad l\u00e4stid\" \/>\n\t<meta name=\"twitter:data1\" content=\"1 minut\" \/>\n<script type=\"application\/ld+json\" class=\"yoast-schema-graph\">{\"@context\":\"https:\\\/\\\/schema.org\",\"@graph\":[{\"@type\":\"WebPage\",\"@id\":\"https:\\\/\\\/www.sagafurs.com\\\/sv\\\/bolaget\\\/nyheter\\\/undantagsoppettider-for-saga-furs-kontor-i-december-2024-och-januari-2025\\\/\",\"url\":\"https:\\\/\\\/www.sagafurs.com\\\/sv\\\/bolaget\\\/nyheter\\\/undantagsoppettider-for-saga-furs-kontor-i-december-2024-och-januari-2025\\\/\",\"name\":\"Undantags\u00f6ppettider f\u00f6r Saga Furs kontor i december 2024 och januari 2025 - Sagafurs\",\"isPartOf\":{\"@id\":\"https:\\\/\\\/www.sagafurs.com\\\/#website\"},\"primaryImageOfPage\":{\"@id\":\"https:\\\/\\\/www.sagafurs.com\\\/sv\\\/bolaget\\\/nyheter\\\/undantagsoppettider-for-saga-furs-kontor-i-december-2024-och-januari-2025\\\/#primaryimage\"},\"image\":{\"@id\":\"https:\\\/\\\/www.sagafurs.com\\\/sv\\\/bolaget\\\/nyheter\\\/undantagsoppettider-for-saga-furs-kontor-i-december-2024-och-januari-2025\\\/#primaryimage\"},\"thumbnailUrl\":\"https:\\\/\\\/www.sagafurs.com\\\/wp-content\\\/uploads\\\/2024\\\/12\\\/Seasons_greetings_December-1-1024x384.png\",\"datePublished\":\"2024-12-18T13:19:26+00:00\",\"breadcrumb\":{\"@id\":\"https:\\\/\\\/www.sagafurs.com\\\/sv\\\/bolaget\\\/nyheter\\\/undantagsoppettider-for-saga-furs-kontor-i-december-2024-och-januari-2025\\\/#breadcrumb\"},\"inLanguage\":\"sv-SE\",\"potentialAction\":[{\"@type\":\"ReadAction\",\"target\":[\"https:\\\/\\\/www.sagafurs.com\\\/sv\\\/bolaget\\\/nyheter\\\/undantagsoppettider-for-saga-furs-kontor-i-december-2024-och-januari-2025\\\/\"]}]},{\"@type\":\"ImageObject\",\"inLanguage\":\"sv-SE\",\"@id\":\"https:\\\/\\\/www.sagafurs.com\\\/sv\\\/bolaget\\\/nyheter\\\/undantagsoppettider-for-saga-furs-kontor-i-december-2024-och-januari-2025\\\/#primaryimage\",\"url\":\"https:\\\/\\\/www.sagafurs.com\\\/wp-content\\\/uploads\\\/2024\\\/12\\\/Seasons_greetings_December-1-1024x384.png\",\"contentUrl\":\"https:\\\/\\\/www.sagafurs.com\\\/wp-content\\\/uploads\\\/2024\\\/12\\\/Seasons_greetings_December-1-1024x384.png\"},{\"@type\":\"BreadcrumbList\",\"@id\":\"https:\\\/\\\/www.sagafurs.com\\\/sv\\\/bolaget\\\/nyheter\\\/undantagsoppettider-for-saga-furs-kontor-i-december-2024-och-januari-2025\\\/#breadcrumb\",\"itemListElement\":[{\"@type\":\"ListItem\",\"position\":1,\"name\":\"Home\",\"item\":\"https:\\\/\\\/www.sagafurs.com\\\/sv\\\/\"},{\"@type\":\"ListItem\",\"position\":2,\"name\":\"Undantags\u00f6ppettider f\u00f6r Saga Furs kontor i december 2024 och januari 2025\"}]},{\"@type\":\"WebSite\",\"@id\":\"https:\\\/\\\/www.sagafurs.com\\\/#website\",\"url\":\"https:\\\/\\\/www.sagafurs.com\\\/\",\"name\":\"Sagafurs\",\"description\":\"Sagafurs\",\"potentialAction\":[{\"@type\":\"SearchAction\",\"target\":{\"@type\":\"EntryPoint\",\"urlTemplate\":\"https:\\\/\\\/www.sagafurs.com\\\/?s={search_term_string}\"},\"query-input\":{\"@type\":\"PropertyValueSpecification\",\"valueRequired\":true,\"valueName\":\"search_term_string\"}}],\"inLanguage\":\"sv-SE\"}]}<\/script>\n<!-- \/ Yoast SEO plugin. -->","yoast_head_json":{"title":"Undantags\u00f6ppettider f\u00f6r Saga Furs kontor i december 2024 och januari 2025 - Sagafurs","robots":{"index":"index","follow":"follow","max-snippet":"max-snippet:-1","max-image-preview":"max-image-preview:large","max-video-preview":"max-video-preview:-1"},"canonical":"https:\/\/www.sagafurs.com\/sv\/bolaget\/nyheter\/undantagsoppettider-for-saga-furs-kontor-i-december-2024-och-januari-2025\/","og_locale":"sv_SE","og_type":"article","og_title":"Undantags\u00f6ppettider f\u00f6r Saga Furs kontor i december 2024 och januari 2025 - Sagafurs","og_description":"Saga Furs kontor I Vanda \u00e4r st\u00e4ngt 25.\u201326.12.2024 p\u00e5 grund av julen. I januari 2025 st\u00e4ngs kontoret 1.1. p\u00e5 grund av Ny\u00e5rsdagen. Ekonomiteamet \u00e4r p\u00e5 semester 23.\u201327.12.2024 Vi \u00f6nskar er en fridfull julv\u00e4ntan och ett lyckligt nytt \u00e5r 2025! &nbsp;","og_url":"https:\/\/www.sagafurs.com\/sv\/bolaget\/nyheter\/undantagsoppettider-for-saga-furs-kontor-i-december-2024-och-januari-2025\/","og_site_name":"Sagafurs","og_image":[{"width":1200,"height":450,"url":"https:\/\/www.sagafurs.com\/wp-content\/uploads\/2024\/12\/Seasons_greetings_December-1.png","type":"image\/png"}],"twitter_card":"summary_large_image","twitter_misc":{"Ber\u00e4knad l\u00e4stid":"1 minut"},"schema":{"@context":"https:\/\/schema.org","@graph":[{"@type":"WebPage","@id":"https:\/\/www.sagafurs.com\/sv\/bolaget\/nyheter\/undantagsoppettider-for-saga-furs-kontor-i-december-2024-och-januari-2025\/","url":"https:\/\/www.sagafurs.com\/sv\/bolaget\/nyheter\/undantagsoppettider-for-saga-furs-kontor-i-december-2024-och-januari-2025\/","name":"Undantags\u00f6ppettider f\u00f6r Saga Furs kontor i december 2024 och januari 2025 - Sagafurs","isPartOf":{"@id":"https:\/\/www.sagafurs.com\/#website"},"primaryImageOfPage":{"@id":"https:\/\/www.sagafurs.com\/sv\/bolaget\/nyheter\/undantagsoppettider-for-saga-furs-kontor-i-december-2024-och-januari-2025\/#primaryimage"},"image":{"@id":"https:\/\/www.sagafurs.com\/sv\/bolaget\/nyheter\/undantagsoppettider-for-saga-furs-kontor-i-december-2024-och-januari-2025\/#primaryimage"},"thumbnailUrl":"https:\/\/www.sagafurs.com\/wp-content\/uploads\/2024\/12\/Seasons_greetings_December-1-1024x384.png","datePublished":"2024-12-18T13:19:26+00:00","breadcrumb":{"@id":"https:\/\/www.sagafurs.com\/sv\/bolaget\/nyheter\/undantagsoppettider-for-saga-furs-kontor-i-december-2024-och-januari-2025\/#breadcrumb"},"inLanguage":"sv-SE","potentialAction":[{"@type":"ReadAction","target":["https:\/\/www.sagafurs.com\/sv\/bolaget\/nyheter\/undantagsoppettider-for-saga-furs-kontor-i-december-2024-och-januari-2025\/"]}]},{"@type":"ImageObject","inLanguage":"sv-SE","@id":"https:\/\/www.sagafurs.com\/sv\/bolaget\/nyheter\/undantagsoppettider-for-saga-furs-kontor-i-december-2024-och-januari-2025\/#primaryimage","url":"https:\/\/www.sagafurs.com\/wp-content\/uploads\/2024\/12\/Seasons_greetings_December-1-1024x384.png","contentUrl":"https:\/\/www.sagafurs.com\/wp-content\/uploads\/2024\/12\/Seasons_greetings_December-1-1024x384.png"},{"@type":"BreadcrumbList","@id":"https:\/\/www.sagafurs.com\/sv\/bolaget\/nyheter\/undantagsoppettider-for-saga-furs-kontor-i-december-2024-och-januari-2025\/#breadcrumb","itemListElement":[{"@type":"ListItem","position":1,"name":"Home","item":"https:\/\/www.sagafurs.com\/sv\/"},{"@type":"ListItem","position":2,"name":"Undantags\u00f6ppettider f\u00f6r Saga Furs kontor i december 2024 och januari 2025"}]},{"@type":"WebSite","@id":"https:\/\/www.sagafurs.com\/#website","url":"https:\/\/www.sagafurs.com\/","name":"Sagafurs","description":"Sagafurs","potentialAction":[{"@type":"SearchAction","target":{"@type":"EntryPoint","urlTemplate":"https:\/\/www.sagafurs.com\/?s={search_term_string}"},"query-input":{"@type":"PropertyValueSpecification","valueRequired":true,"valueName":"search_term_string"}}],"inLanguage":"sv-SE"}]}},"_links":{"self":[{"href":"https:\/\/www.sagafurs.com\/sv\/wp-json\/wp\/v2\/news\/186474","targetHints":{"allow":["GET"]}}],"collection":[{"href":"https:\/\/www.sagafurs.com\/sv\/wp-json\/wp\/v2\/news"}],"about":[{"href":"https:\/\/www.sagafurs.com\/sv\/wp-json\/wp\/v2\/types\/news"}],"version-history":[{"count":0,"href":"https:\/\/www.sagafurs.com\/sv\/wp-json\/wp\/v2\/news\/186474\/revisions"}],"wp:attachment":[{"href":"https:\/\/www.sagafurs.com\/sv\/wp-json\/wp\/v2\/media?parent=186474"}],"curies":[{"name":"wp","href":"https:\/\/api.w.org\/{rel}","templated":true}]}}