{"id":188914,"date":"2025-11-10T11:34:07","date_gmt":"2025-11-10T09:34:07","guid":{"rendered":"https:\/\/www.sagafurs.com\/?post_type=news&#038;p=188914"},"modified":"2025-11-13T16:26:41","modified_gmt":"2025-11-13T14:26:41","slug":"saga-furs-lanserar-alba-projektet-som-marknadsfor-anvandningen-av-mink-och-ravpals-pa-vasterlandska-marknader","status":"publish","type":"news","link":"https:\/\/www.sagafurs.com\/sv\/bolaget\/nyheter\/saga-furs-lanserar-alba-projektet-som-marknadsfor-anvandningen-av-mink-och-ravpals-pa-vasterlandska-marknader\/","title":{"rendered":"ALBA-projektet marknadsf\u00f6r mink- och r\u00e4vp\u00e4ls p\u00e5 v\u00e4sterl\u00e4ndska marknader"},"content":{"rendered":"<p><strong>Saga Furs har f\u00f6rbundit sig att fr\u00e4mja farmarnas framg\u00e5ng inom p\u00e4lshandeln. Det nyligen lanserade ALBA-projektet har som syfte att st\u00e4rka b\u00e5de v\u00e5ra farmares och p\u00e4lshandelns st\u00e4llning p\u00e5 de v\u00e4sterl\u00e4ndska marknaderna. Eftersom ALBA betyder gryning eller det f\u00f6rsta ljuset, f\u00f6rtydligar namnet p\u00e5 ett f\u00f6rtr\u00e4ffligt s\u00e4tt b\u00f6rjan p\u00e5 en ny fas. Man har igen b\u00f6rjat anv\u00e4nda mer p\u00e4lsprodukter i v\u00e4stl\u00e4nderna, och d\u00e4rf\u00f6r \u00e4r det nu r\u00e4tt tid att agera och dra nytta av de m\u00f6jligheter som \u00f6ppnar sig.<\/strong><\/p>\n<p>I ALBA-projektet kartl\u00e4gger och kontaktar Saga Furs hundratals s\u00e5dana v\u00e4sterl\u00e4ndska varum\u00e4rken i Nordamerika och Europa, som \u00e4nnu inte anv\u00e4nder \u00e4kta p\u00e4ls. M\u00e5let \u00e4r att locka nya k\u00f6pare till p\u00e4lsauktionerna, vilket skulle \u00f6ka konkurrensen och h\u00f6ja priserna p\u00e5 mink- och r\u00e4vp\u00e4ls. Samtidigt som vi st\u00f6der v\u00e5ra uppf\u00f6dare, vill vi f\u00f6rb\u00e4ttra synligheten av \u00e4kta p\u00e4ls p\u00e5 olika marknader, f\u00f6r att st\u00f6da plaggtillverkarna att skapa nya m\u00f6jligheter och avtal f\u00f6r handeln.<\/p>\n<p><img loading=\"lazy\" decoding=\"async\" class=\"alignnone size-medium wp-image-188729\" src=\"https:\/\/www.sagafurs.com\/wp-content\/uploads\/2025\/11\/3-1024x384.jpg\" alt=\"\" width=\"1024\" height=\"384\" srcset=\"https:\/\/www.sagafurs.com\/wp-content\/uploads\/2025\/11\/3-1024x384.jpg 1024w, https:\/\/www.sagafurs.com\/wp-content\/uploads\/2025\/11\/3-768x288.jpg 768w, https:\/\/www.sagafurs.com\/wp-content\/uploads\/2025\/11\/3-640x240.jpg 640w, https:\/\/www.sagafurs.com\/wp-content\/uploads\/2025\/11\/3.jpg 1200w\" sizes=\"auto, (max-width: 1024px) 100vw, 1024px\" \/><\/p>\n<p>F\u00f6r n\u00e5gra veckor sedan b\u00f6rjade vi kontakta olika varum\u00e4rken, vilket resulterade i att vi redan har bokat m\u00f6ten med f\u00f6retag i i K\u00f6penhamn, M\u00fcnchen och New York. Under m\u00f6tena kommer vi att presentera metoder som st\u00f6der h\u00e5llbar utveckling i branschen samtidigt som de utg\u00f6r grunden f\u00f6r det potentiella samarbetet. Under m\u00f6tena kommer vi ocks\u00e5 att presentera de senaste mode- och p\u00e4lsinnovationerna fr\u00e5n Saga Furs Creative Hub.<\/p>\n<p><strong>H\u00e5llbar produktion hj\u00e4lper varum\u00e4rken att s\u00e4kra sina leveranskedjor<\/strong><\/p>\n<p>Som det enda farmar\u00e4gda auktionshuset, ser Saga Furs som sitt uppdrag att befr\u00e4mja projekt som ALBA. Varum\u00e4rken har uttryckt behov av att hitta p\u00e5litliga partners, som kan uppfylla de krav p\u00e5 ansvarstagande som leveranskedjan st\u00e4ller. Saga Furs har en stark st\u00e4llning tack vare sitt mer \u00e4n 20-\u00e5riga arbete f\u00f6r h\u00e5llbar utveckling, sina investeringar i sp\u00e5rbarhet samt sitt ansvarstagande som b\u00f6rsnoterat f\u00f6retag. Vi har goda f\u00f6ruts\u00e4ttningar att \u00f6ppna nya d\u00f6rrar och inspirera varum\u00e4rken att inf\u00f6ra p\u00e4ls i sina kommande kollektioner.<\/p>\n<p><img loading=\"lazy\" decoding=\"async\" class=\"alignnone size-medium wp-image-188754\" src=\"https:\/\/www.sagafurs.com\/wp-content\/uploads\/2025\/11\/Saga-Furs_header_pic-7-1024x384.jpg\" alt=\"\" width=\"1024\" height=\"384\" srcset=\"https:\/\/www.sagafurs.com\/wp-content\/uploads\/2025\/11\/Saga-Furs_header_pic-7-1024x384.jpg 1024w, https:\/\/www.sagafurs.com\/wp-content\/uploads\/2025\/11\/Saga-Furs_header_pic-7-768x288.jpg 768w, https:\/\/www.sagafurs.com\/wp-content\/uploads\/2025\/11\/Saga-Furs_header_pic-7-640x240.jpg 640w, https:\/\/www.sagafurs.com\/wp-content\/uploads\/2025\/11\/Saga-Furs_header_pic-7.jpg 1200w\" sizes=\"auto, (max-width: 1024px) 100vw, 1024px\" \/><\/p>\n<p>ALBA-projektet inneb\u00e4r en aktiv dialog med potentiella f\u00f6retag, d\u00e4r vi under telefonsamtal och n\u00e4r- och distansm\u00f6ten delar informationen om \u00e5rets Fur Vision\u00ae-kollektion. Varje nytt varum\u00e4rke som inf\u00f6r p\u00e4ls i sina kollektioner \u00e4r en framg\u00e5ng f\u00f6r oss. Samtidigt h\u00e5ller vi ocks\u00e5 kontakten med dem som \u00e4nnu inte \u00e4r redo att ta steget.<\/p>\n<p><img loading=\"lazy\" decoding=\"async\" class=\"alignnone size-medium wp-image-188735\" src=\"https:\/\/www.sagafurs.com\/wp-content\/uploads\/2025\/11\/4-1024x384.jpg\" alt=\"\" width=\"1024\" height=\"384\" srcset=\"https:\/\/www.sagafurs.com\/wp-content\/uploads\/2025\/11\/4-1024x384.jpg 1024w, https:\/\/www.sagafurs.com\/wp-content\/uploads\/2025\/11\/4-768x288.jpg 768w, https:\/\/www.sagafurs.com\/wp-content\/uploads\/2025\/11\/4-640x240.jpg 640w, https:\/\/www.sagafurs.com\/wp-content\/uploads\/2025\/11\/4.jpg 1200w\" sizes=\"auto, (max-width: 1024px) 100vw, 1024px\" \/><\/p>\n","protected":false},"excerpt":{"rendered":"<p>Saga Furs har f\u00f6rbundit sig att fr\u00e4mja farmarnas framg\u00e5ng inom p\u00e4lshandeln. Det nyligen lanserade ALBA-projektet har som syfte att st\u00e4rka b\u00e5de v\u00e5ra farmares och p\u00e4lshandelns st\u00e4llning p\u00e5 de v\u00e4sterl\u00e4ndska marknaderna. Eftersom ALBA betyder gryning eller det f\u00f6rsta ljuset, f\u00f6rtydligar namnet p\u00e5 ett f\u00f6rtr\u00e4ffligt s\u00e4tt b\u00f6rjan p\u00e5 en ny fas. Man har igen b\u00f6rjat anv\u00e4nda mer<a class=\"excerpt-read-more\" href=\"https:\/\/www.sagafurs.com\/sv\/bolaget\/nyheter\/saga-furs-lanserar-alba-projektet-som-marknadsfor-anvandningen-av-mink-och-ravpals-pa-vasterlandska-marknader\/\" title=\"L\u00e4sALBA-projektet marknadsf\u00f6r mink- och r\u00e4vp\u00e4ls p\u00e5 v\u00e4sterl\u00e4ndska marknader\">\u2026 L\u00e4s mera &raquo;<\/a><\/p>\n","protected":false},"featured_media":0,"template":"","class_list":["post-188914","news","type-news","status-publish","hentry"],"acf":[],"yoast_head":"<!-- This site is optimized with the Yoast SEO plugin v27.4 - https:\/\/yoast.com\/product\/yoast-seo-wordpress\/ -->\n<title>ALBA-projektet marknadsf\u00f6r mink- och r\u00e4vp\u00e4ls p\u00e5 v\u00e4sterl\u00e4ndska marknader - Sagafurs<\/title>\n<meta name=\"robots\" content=\"index, follow, max-snippet:-1, max-image-preview:large, max-video-preview:-1\" \/>\n<link rel=\"canonical\" href=\"https:\/\/www.sagafurs.com\/sv\/bolaget\/nyheter\/saga-furs-lanserar-alba-projektet-som-marknadsfor-anvandningen-av-mink-och-ravpals-pa-vasterlandska-marknader\/\" \/>\n<meta property=\"og:locale\" content=\"sv_SE\" \/>\n<meta property=\"og:type\" content=\"article\" \/>\n<meta property=\"og:title\" content=\"ALBA-projektet marknadsf\u00f6r mink- och r\u00e4vp\u00e4ls p\u00e5 v\u00e4sterl\u00e4ndska marknader - Sagafurs\" \/>\n<meta property=\"og:description\" content=\"Saga Furs har f\u00f6rbundit sig att fr\u00e4mja farmarnas framg\u00e5ng inom p\u00e4lshandeln. Det nyligen lanserade ALBA-projektet har som syfte att st\u00e4rka b\u00e5de v\u00e5ra farmares och p\u00e4lshandelns st\u00e4llning p\u00e5 de v\u00e4sterl\u00e4ndska marknaderna. Eftersom ALBA betyder gryning eller det f\u00f6rsta ljuset, f\u00f6rtydligar namnet p\u00e5 ett f\u00f6rtr\u00e4ffligt s\u00e4tt b\u00f6rjan p\u00e5 en ny fas. Man har igen b\u00f6rjat anv\u00e4nda mer\u2026 L\u00e4s mera &raquo;\" \/>\n<meta property=\"og:url\" content=\"https:\/\/www.sagafurs.com\/sv\/bolaget\/nyheter\/saga-furs-lanserar-alba-projektet-som-marknadsfor-anvandningen-av-mink-och-ravpals-pa-vasterlandska-marknader\/\" \/>\n<meta property=\"og:site_name\" content=\"Sagafurs\" \/>\n<meta property=\"article:modified_time\" content=\"2025-11-13T14:26:41+00:00\" \/>\n<meta property=\"og:image\" content=\"https:\/\/www.sagafurs.com\/wp-content\/uploads\/2025\/11\/3.jpg\" \/>\n\t<meta property=\"og:image:width\" content=\"1200\" \/>\n\t<meta property=\"og:image:height\" content=\"450\" \/>\n\t<meta property=\"og:image:type\" content=\"image\/jpeg\" \/>\n<meta name=\"twitter:card\" content=\"summary_large_image\" \/>\n<meta name=\"twitter:label1\" content=\"Ber\u00e4knad l\u00e4stid\" \/>\n\t<meta name=\"twitter:data1\" content=\"3 minuter\" \/>\n<script type=\"application\/ld+json\" class=\"yoast-schema-graph\">{\"@context\":\"https:\\\/\\\/schema.org\",\"@graph\":[{\"@type\":\"WebPage\",\"@id\":\"https:\\\/\\\/www.sagafurs.com\\\/sv\\\/bolaget\\\/nyheter\\\/saga-furs-lanserar-alba-projektet-som-marknadsfor-anvandningen-av-mink-och-ravpals-pa-vasterlandska-marknader\\\/\",\"url\":\"https:\\\/\\\/www.sagafurs.com\\\/sv\\\/bolaget\\\/nyheter\\\/saga-furs-lanserar-alba-projektet-som-marknadsfor-anvandningen-av-mink-och-ravpals-pa-vasterlandska-marknader\\\/\",\"name\":\"ALBA-projektet marknadsf\u00f6r mink- och r\u00e4vp\u00e4ls p\u00e5 v\u00e4sterl\u00e4ndska marknader - Sagafurs\",\"isPartOf\":{\"@id\":\"https:\\\/\\\/www.sagafurs.com\\\/#website\"},\"primaryImageOfPage\":{\"@id\":\"https:\\\/\\\/www.sagafurs.com\\\/sv\\\/bolaget\\\/nyheter\\\/saga-furs-lanserar-alba-projektet-som-marknadsfor-anvandningen-av-mink-och-ravpals-pa-vasterlandska-marknader\\\/#primaryimage\"},\"image\":{\"@id\":\"https:\\\/\\\/www.sagafurs.com\\\/sv\\\/bolaget\\\/nyheter\\\/saga-furs-lanserar-alba-projektet-som-marknadsfor-anvandningen-av-mink-och-ravpals-pa-vasterlandska-marknader\\\/#primaryimage\"},\"thumbnailUrl\":\"https:\\\/\\\/www.sagafurs.com\\\/wp-content\\\/uploads\\\/2025\\\/11\\\/3-1024x384.jpg\",\"datePublished\":\"2025-11-10T09:34:07+00:00\",\"dateModified\":\"2025-11-13T14:26:41+00:00\",\"breadcrumb\":{\"@id\":\"https:\\\/\\\/www.sagafurs.com\\\/sv\\\/bolaget\\\/nyheter\\\/saga-furs-lanserar-alba-projektet-som-marknadsfor-anvandningen-av-mink-och-ravpals-pa-vasterlandska-marknader\\\/#breadcrumb\"},\"inLanguage\":\"sv-SE\",\"potentialAction\":[{\"@type\":\"ReadAction\",\"target\":[\"https:\\\/\\\/www.sagafurs.com\\\/sv\\\/bolaget\\\/nyheter\\\/saga-furs-lanserar-alba-projektet-som-marknadsfor-anvandningen-av-mink-och-ravpals-pa-vasterlandska-marknader\\\/\"]}]},{\"@type\":\"ImageObject\",\"inLanguage\":\"sv-SE\",\"@id\":\"https:\\\/\\\/www.sagafurs.com\\\/sv\\\/bolaget\\\/nyheter\\\/saga-furs-lanserar-alba-projektet-som-marknadsfor-anvandningen-av-mink-och-ravpals-pa-vasterlandska-marknader\\\/#primaryimage\",\"url\":\"https:\\\/\\\/www.sagafurs.com\\\/wp-content\\\/uploads\\\/2025\\\/11\\\/3-1024x384.jpg\",\"contentUrl\":\"https:\\\/\\\/www.sagafurs.com\\\/wp-content\\\/uploads\\\/2025\\\/11\\\/3-1024x384.jpg\"},{\"@type\":\"BreadcrumbList\",\"@id\":\"https:\\\/\\\/www.sagafurs.com\\\/sv\\\/bolaget\\\/nyheter\\\/saga-furs-lanserar-alba-projektet-som-marknadsfor-anvandningen-av-mink-och-ravpals-pa-vasterlandska-marknader\\\/#breadcrumb\",\"itemListElement\":[{\"@type\":\"ListItem\",\"position\":1,\"name\":\"Home\",\"item\":\"https:\\\/\\\/www.sagafurs.com\\\/sv\\\/\"},{\"@type\":\"ListItem\",\"position\":2,\"name\":\"ALBA-projektet marknadsf\u00f6r mink- och r\u00e4vp\u00e4ls p\u00e5 v\u00e4sterl\u00e4ndska marknader\"}]},{\"@type\":\"WebSite\",\"@id\":\"https:\\\/\\\/www.sagafurs.com\\\/#website\",\"url\":\"https:\\\/\\\/www.sagafurs.com\\\/\",\"name\":\"Sagafurs\",\"description\":\"Sagafurs\",\"potentialAction\":[{\"@type\":\"SearchAction\",\"target\":{\"@type\":\"EntryPoint\",\"urlTemplate\":\"https:\\\/\\\/www.sagafurs.com\\\/?s={search_term_string}\"},\"query-input\":{\"@type\":\"PropertyValueSpecification\",\"valueRequired\":true,\"valueName\":\"search_term_string\"}}],\"inLanguage\":\"sv-SE\"}]}<\/script>\n<!-- \/ Yoast SEO plugin. -->","yoast_head_json":{"title":"ALBA-projektet marknadsf\u00f6r mink- och r\u00e4vp\u00e4ls p\u00e5 v\u00e4sterl\u00e4ndska marknader - Sagafurs","robots":{"index":"index","follow":"follow","max-snippet":"max-snippet:-1","max-image-preview":"max-image-preview:large","max-video-preview":"max-video-preview:-1"},"canonical":"https:\/\/www.sagafurs.com\/sv\/bolaget\/nyheter\/saga-furs-lanserar-alba-projektet-som-marknadsfor-anvandningen-av-mink-och-ravpals-pa-vasterlandska-marknader\/","og_locale":"sv_SE","og_type":"article","og_title":"ALBA-projektet marknadsf\u00f6r mink- och r\u00e4vp\u00e4ls p\u00e5 v\u00e4sterl\u00e4ndska marknader - Sagafurs","og_description":"Saga Furs har f\u00f6rbundit sig att fr\u00e4mja farmarnas framg\u00e5ng inom p\u00e4lshandeln. Det nyligen lanserade ALBA-projektet har som syfte att st\u00e4rka b\u00e5de v\u00e5ra farmares och p\u00e4lshandelns st\u00e4llning p\u00e5 de v\u00e4sterl\u00e4ndska marknaderna. Eftersom ALBA betyder gryning eller det f\u00f6rsta ljuset, f\u00f6rtydligar namnet p\u00e5 ett f\u00f6rtr\u00e4ffligt s\u00e4tt b\u00f6rjan p\u00e5 en ny fas. Man har igen b\u00f6rjat anv\u00e4nda mer\u2026 L\u00e4s mera &raquo;","og_url":"https:\/\/www.sagafurs.com\/sv\/bolaget\/nyheter\/saga-furs-lanserar-alba-projektet-som-marknadsfor-anvandningen-av-mink-och-ravpals-pa-vasterlandska-marknader\/","og_site_name":"Sagafurs","article_modified_time":"2025-11-13T14:26:41+00:00","og_image":[{"width":1200,"height":450,"url":"https:\/\/www.sagafurs.com\/wp-content\/uploads\/2025\/11\/3.jpg","type":"image\/jpeg"}],"twitter_card":"summary_large_image","twitter_misc":{"Ber\u00e4knad l\u00e4stid":"3 minuter"},"schema":{"@context":"https:\/\/schema.org","@graph":[{"@type":"WebPage","@id":"https:\/\/www.sagafurs.com\/sv\/bolaget\/nyheter\/saga-furs-lanserar-alba-projektet-som-marknadsfor-anvandningen-av-mink-och-ravpals-pa-vasterlandska-marknader\/","url":"https:\/\/www.sagafurs.com\/sv\/bolaget\/nyheter\/saga-furs-lanserar-alba-projektet-som-marknadsfor-anvandningen-av-mink-och-ravpals-pa-vasterlandska-marknader\/","name":"ALBA-projektet marknadsf\u00f6r mink- och r\u00e4vp\u00e4ls p\u00e5 v\u00e4sterl\u00e4ndska marknader - Sagafurs","isPartOf":{"@id":"https:\/\/www.sagafurs.com\/#website"},"primaryImageOfPage":{"@id":"https:\/\/www.sagafurs.com\/sv\/bolaget\/nyheter\/saga-furs-lanserar-alba-projektet-som-marknadsfor-anvandningen-av-mink-och-ravpals-pa-vasterlandska-marknader\/#primaryimage"},"image":{"@id":"https:\/\/www.sagafurs.com\/sv\/bolaget\/nyheter\/saga-furs-lanserar-alba-projektet-som-marknadsfor-anvandningen-av-mink-och-ravpals-pa-vasterlandska-marknader\/#primaryimage"},"thumbnailUrl":"https:\/\/www.sagafurs.com\/wp-content\/uploads\/2025\/11\/3-1024x384.jpg","datePublished":"2025-11-10T09:34:07+00:00","dateModified":"2025-11-13T14:26:41+00:00","breadcrumb":{"@id":"https:\/\/www.sagafurs.com\/sv\/bolaget\/nyheter\/saga-furs-lanserar-alba-projektet-som-marknadsfor-anvandningen-av-mink-och-ravpals-pa-vasterlandska-marknader\/#breadcrumb"},"inLanguage":"sv-SE","potentialAction":[{"@type":"ReadAction","target":["https:\/\/www.sagafurs.com\/sv\/bolaget\/nyheter\/saga-furs-lanserar-alba-projektet-som-marknadsfor-anvandningen-av-mink-och-ravpals-pa-vasterlandska-marknader\/"]}]},{"@type":"ImageObject","inLanguage":"sv-SE","@id":"https:\/\/www.sagafurs.com\/sv\/bolaget\/nyheter\/saga-furs-lanserar-alba-projektet-som-marknadsfor-anvandningen-av-mink-och-ravpals-pa-vasterlandska-marknader\/#primaryimage","url":"https:\/\/www.sagafurs.com\/wp-content\/uploads\/2025\/11\/3-1024x384.jpg","contentUrl":"https:\/\/www.sagafurs.com\/wp-content\/uploads\/2025\/11\/3-1024x384.jpg"},{"@type":"BreadcrumbList","@id":"https:\/\/www.sagafurs.com\/sv\/bolaget\/nyheter\/saga-furs-lanserar-alba-projektet-som-marknadsfor-anvandningen-av-mink-och-ravpals-pa-vasterlandska-marknader\/#breadcrumb","itemListElement":[{"@type":"ListItem","position":1,"name":"Home","item":"https:\/\/www.sagafurs.com\/sv\/"},{"@type":"ListItem","position":2,"name":"ALBA-projektet marknadsf\u00f6r mink- och r\u00e4vp\u00e4ls p\u00e5 v\u00e4sterl\u00e4ndska marknader"}]},{"@type":"WebSite","@id":"https:\/\/www.sagafurs.com\/#website","url":"https:\/\/www.sagafurs.com\/","name":"Sagafurs","description":"Sagafurs","potentialAction":[{"@type":"SearchAction","target":{"@type":"EntryPoint","urlTemplate":"https:\/\/www.sagafurs.com\/?s={search_term_string}"},"query-input":{"@type":"PropertyValueSpecification","valueRequired":true,"valueName":"search_term_string"}}],"inLanguage":"sv-SE"}]}},"_links":{"self":[{"href":"https:\/\/www.sagafurs.com\/sv\/wp-json\/wp\/v2\/news\/188914","targetHints":{"allow":["GET"]}}],"collection":[{"href":"https:\/\/www.sagafurs.com\/sv\/wp-json\/wp\/v2\/news"}],"about":[{"href":"https:\/\/www.sagafurs.com\/sv\/wp-json\/wp\/v2\/types\/news"}],"version-history":[{"count":0,"href":"https:\/\/www.sagafurs.com\/sv\/wp-json\/wp\/v2\/news\/188914\/revisions"}],"wp:attachment":[{"href":"https:\/\/www.sagafurs.com\/sv\/wp-json\/wp\/v2\/media?parent=188914"}],"curies":[{"name":"wp","href":"https:\/\/api.w.org\/{rel}","templated":true}]}}