{"id":189249,"date":"2025-11-13T09:12:01","date_gmt":"2025-11-13T07:12:01","guid":{"rendered":"https:\/\/www.sagafurs.com\/?post_type=news&#038;p=189249"},"modified":"2025-11-13T11:21:54","modified_gmt":"2025-11-13T09:21:54","slug":"saga-furs-presenterar-fur-vision-2026-kollektionen","status":"publish","type":"news","link":"https:\/\/www.sagafurs.com\/sv\/bolaget\/nyheter\/saga-furs-presenterar-fur-vision-2026-kollektionen\/","title":{"rendered":"Saga Furs presenterar Fur Vision\u00ae 2026-kollektionen"},"content":{"rendered":"<p><strong>Saga Furs\u2019 Fur Vision\u00ae 2026-kollektion \u00e4r designad f\u00f6r en generation som bryr sig om framtiden, g\u00f6r medvetna val och inte \u00e4r r\u00e4dd f\u00f6r att utmana traditioner.<\/strong><\/p>\n<p>\u201dJag har designat kollektionen f\u00f6r beslutsamma och sj\u00e4lvst\u00e4ndiga unga m\u00e4nniskor som v\u00e5gar sticka ut och anv\u00e4nder modet som ett uttryckss\u00e4tt f\u00f6r sin personlighet. De \u00e4r ocks\u00e5 en aning rebelliska och \u00e4r modiga nog att t\u00e4nka annorlunda\u201d, s\u00e4ger <strong>Emma Vivian<\/strong>, designkonsult p\u00e5 Saga Furs\u2019 Creative Hub.<\/p>\n<p>Produktutvecklingsteamet p\u00e5 Saga Furs\u2019 Creative Hub presenterar varje \u00e5r en Fur Vision\u00ae-kollektion, \u00a0som omfattar nya id\u00e9er och h\u00e5llbara metoder f\u00f6r anv\u00e4ndning av p\u00e4ls. Fur Vision\u00ae riktar sig till modef\u00f6retag, designers, designstudenter och tillverkare av p\u00e4lsprodukter. Kollektionen best\u00e5r av p\u00e4lsplagg och -accessoarer som speglar innovativt t\u00e4nkande, k\u00f6rsn\u00e4rernas hantverk och kreativa tekniker. M\u00e5ls\u00e4ttningen \u00e4r att inspirera nuvarande och kommande designers av framtida kollektioner.<\/p>\n<p>Sedan starten i New York \u00e5r 2000 har Fur Vision\u00ae bef\u00e4st sin roll som en central inspirationsk\u00e4lla och drivkraft f\u00f6r kreativitet inom den internationella modev\u00e4rlden.<\/p>\n<p><strong>Vi blickar fram\u00e5t med respekt f\u00f6r traditionen<\/strong><\/p>\n<p>B\u00e5de \u00e4lskare av tidl\u00f6s elegans och de som vill omdefiniera elegansen uppskattar Fur Vision\u00ae 2026-kollektionen, eftersom den kombinerar klassisk stil med en modern attityd. De finska bl\u00e5r\u00e4vskinnen \u00e4r utg\u00e5ngspunkten f\u00f6r designen i kollektionen och kring dem har en fr\u00e4sch, trendig f\u00e4rgpalett skapats. Saga Furs\u2019 ansvarsfulla och kreativa approach \u00e5terspeglas av bland annat det s\u00e4tt p\u00e5 vilket tio \u00e5r lagrade, f\u00e4rgade bl\u00e5r\u00e4vskinn f\u00e5r nytt liv i kollektionen.<\/p>\n<p>Fur Vision\u00ae 2026 \u00e4r mer \u00e4n bara en kollektion f\u00f6r kommande s\u00e4song. Creative Hub har i kollektionen kombinerat under \u00e5rtionden f\u00f6rfinad expertis och teknik med p\u00e4rlorna i provarkivet.<\/p>\n<p><strong>Fur Vision\u00ae 2026-kollektionen<\/strong><\/p>\n<p><img loading=\"lazy\" decoding=\"async\" class=\"alignnone size-medium wp-image-188921\" src=\"https:\/\/www.sagafurs.com\/wp-content\/uploads\/2025\/11\/1-1-922x384.jpg\" alt=\"\" width=\"922\" height=\"384\" srcset=\"https:\/\/www.sagafurs.com\/wp-content\/uploads\/2025\/11\/1-1-922x384.jpg 922w, https:\/\/www.sagafurs.com\/wp-content\/uploads\/2025\/11\/1-1-1080x450.jpg 1080w, https:\/\/www.sagafurs.com\/wp-content\/uploads\/2025\/11\/1-1-768x320.jpg 768w, https:\/\/www.sagafurs.com\/wp-content\/uploads\/2025\/11\/1-1.jpg 1200w\" sizes=\"auto, (max-width: 922px) 100vw, 922px\" \/><\/p>\n<p>LOOK nr 1 En handstickad tr\u00f6ja av minkskinn och merinogarn med ett klassiskt rombm\u00f6nster, har f\u00e5tt ett nytt utseende genom att m\u00f6nstret har f\u00f6rstorats och omtolkats. Kombinationen av naturliga och f\u00e4rgade Palomino-minkskinn skapar en dj\u00e4rv, modern stil.<\/p>\n<p><img loading=\"lazy\" decoding=\"async\" class=\"alignnone size-medium wp-image-188933\" src=\"https:\/\/www.sagafurs.com\/wp-content\/uploads\/2025\/11\/2-922x384.jpg\" alt=\"\" width=\"922\" height=\"384\" srcset=\"https:\/\/www.sagafurs.com\/wp-content\/uploads\/2025\/11\/2-922x384.jpg 922w, https:\/\/www.sagafurs.com\/wp-content\/uploads\/2025\/11\/2-1080x450.jpg 1080w, https:\/\/www.sagafurs.com\/wp-content\/uploads\/2025\/11\/2-768x320.jpg 768w, https:\/\/www.sagafurs.com\/wp-content\/uploads\/2025\/11\/2.jpg 1200w\" sizes=\"auto, (max-width: 922px) 100vw, 922px\" \/><\/p>\n<p>LOOK nr 2 Den v\u00e4ndbara halsduken \u00e4r tillverkad av 3 mm:s besatser i Pearl-minkskinn. Den andra sidan \u00e4r kl\u00e4dd med italienskt l\u00e4der i printm\u00f6nster.<\/p>\n<p><img loading=\"lazy\" decoding=\"async\" class=\"alignnone size-medium wp-image-188939\" src=\"https:\/\/www.sagafurs.com\/wp-content\/uploads\/2025\/11\/3-1-922x384.jpg\" alt=\"\" width=\"922\" height=\"384\" srcset=\"https:\/\/www.sagafurs.com\/wp-content\/uploads\/2025\/11\/3-1-922x384.jpg 922w, https:\/\/www.sagafurs.com\/wp-content\/uploads\/2025\/11\/3-1-1080x450.jpg 1080w, https:\/\/www.sagafurs.com\/wp-content\/uploads\/2025\/11\/3-1-768x320.jpg 768w, https:\/\/www.sagafurs.com\/wp-content\/uploads\/2025\/11\/3-1.jpg 1200w\" sizes=\"auto, (max-width: 922px) 100vw, 922px\" \/><\/p>\n<p>LOOK Nr 3 Den timglasformade jackan \u00e4r tillverkad med Airgallon-teknik av f\u00e4rgat bl\u00e5r\u00e4vskinn. Konstn\u00e4ren <strong>S\u00f8ren Bach<\/strong> har slutf\u00f6rt formen p\u00e5 jackan med en h\u00e5rklippare. Resultatet \u00e4r ett skulpturaktigt, precist och dj\u00e4rvt plagg. Ett plagg som p\u00e5 ett i\u00f6gonfallande s\u00e4tt kombinerar hantverksskicklighet och vision\u00e4rt t\u00e4nkande.<\/p>\n<p><img loading=\"lazy\" decoding=\"async\" class=\"alignnone size-medium wp-image-188945\" src=\"https:\/\/www.sagafurs.com\/wp-content\/uploads\/2025\/11\/4-1-922x384.jpg\" alt=\"\" width=\"922\" height=\"384\" srcset=\"https:\/\/www.sagafurs.com\/wp-content\/uploads\/2025\/11\/4-1-922x384.jpg 922w, https:\/\/www.sagafurs.com\/wp-content\/uploads\/2025\/11\/4-1-1080x450.jpg 1080w, https:\/\/www.sagafurs.com\/wp-content\/uploads\/2025\/11\/4-1-768x320.jpg 768w, https:\/\/www.sagafurs.com\/wp-content\/uploads\/2025\/11\/4-1.jpg 1200w\" sizes=\"auto, (max-width: 922px) 100vw, 922px\" \/><\/p>\n<p><span lang=\"SV\">LOOK Nr 4 P\u00e4lsjackan, som till formen liknar ett timglas, \u00e4r framst\u00e4lld med Airgallon-teknik. Materialet \u00e4r f\u00e4rgat bl\u00e5r\u00e4vskinn. Konstn\u00e4ren\u00a0<b>S\u00f8ren Bach<\/b>\u00a0har finslipat formen med en h\u00e5rklippare.\u00a0Designen \u00e4r inspirerad av\u00a0<b>Giovanni Strazzas\u00a0<\/b>skulptur The Veiled Virgin.<\/span><\/p>\n<p><img loading=\"lazy\" decoding=\"async\" class=\"alignnone size-medium wp-image-188951\" src=\"https:\/\/www.sagafurs.com\/wp-content\/uploads\/2025\/11\/5-922x384.jpg\" alt=\"\" width=\"922\" height=\"384\" srcset=\"https:\/\/www.sagafurs.com\/wp-content\/uploads\/2025\/11\/5-922x384.jpg 922w, https:\/\/www.sagafurs.com\/wp-content\/uploads\/2025\/11\/5-1080x450.jpg 1080w, https:\/\/www.sagafurs.com\/wp-content\/uploads\/2025\/11\/5-768x320.jpg 768w, https:\/\/www.sagafurs.com\/wp-content\/uploads\/2025\/11\/5.jpg 1200w\" sizes=\"auto, (max-width: 922px) 100vw, 922px\" \/><\/p>\n<p>LOOK Nr 5 En jacka av Silverblue-mink inspirerad av 1980-talets dj\u00e4rva stil. Den plisserade midjan och l\u00e4derdetaljerna framh\u00e4ver jackans stilrena och sportiga look.<\/p>\n<p><img loading=\"lazy\" decoding=\"async\" class=\"alignnone size-medium wp-image-188957\" src=\"https:\/\/www.sagafurs.com\/wp-content\/uploads\/2025\/11\/6-922x384.jpg\" alt=\"\" width=\"922\" height=\"384\" srcset=\"https:\/\/www.sagafurs.com\/wp-content\/uploads\/2025\/11\/6-922x384.jpg 922w, https:\/\/www.sagafurs.com\/wp-content\/uploads\/2025\/11\/6-1080x450.jpg 1080w, https:\/\/www.sagafurs.com\/wp-content\/uploads\/2025\/11\/6-768x320.jpg 768w, https:\/\/www.sagafurs.com\/wp-content\/uploads\/2025\/11\/6.jpg 1200w\" sizes=\"auto, (max-width: 922px) 100vw, 922px\" \/><\/p>\n<p>LOOK Nr 6 En rymlig jacka med inspiration fr\u00e5n traditionella arbetskl\u00e4der och med en elegant twist. Jackan \u00e4r fodrad med bl\u00e5r\u00e4vskinn och \u00e4r b\u00e5de l\u00e4tt, varm och bekv\u00e4m.<\/p>\n<p><img loading=\"lazy\" decoding=\"async\" class=\"alignnone size-medium wp-image-188963\" src=\"https:\/\/www.sagafurs.com\/wp-content\/uploads\/2025\/11\/7-922x384.jpg\" alt=\"\" width=\"922\" height=\"384\" srcset=\"https:\/\/www.sagafurs.com\/wp-content\/uploads\/2025\/11\/7-922x384.jpg 922w, https:\/\/www.sagafurs.com\/wp-content\/uploads\/2025\/11\/7-1080x450.jpg 1080w, https:\/\/www.sagafurs.com\/wp-content\/uploads\/2025\/11\/7-768x320.jpg 768w, https:\/\/www.sagafurs.com\/wp-content\/uploads\/2025\/11\/7.jpg 1200w\" sizes=\"auto, (max-width: 922px) 100vw, 922px\" \/><\/p>\n<p>LOOK Nr 7 En mjuk lammskinnsm\u00f6ssa, vars randiga foder \u00e4r tillverkat med intarsia-teknik av Brown- och Pearl-minkskinn. Den omsorgsfulla designen g\u00f6r m\u00f6ssan b\u00e5de stilren och exceptionellt bekv\u00e4m samtidigt som den skyddar b\u00e5de huvudet och nacken mot kyla.<\/p>\n<p><img loading=\"lazy\" decoding=\"async\" class=\"alignnone size-medium wp-image-188969\" src=\"https:\/\/www.sagafurs.com\/wp-content\/uploads\/2025\/11\/8-922x384.jpg\" alt=\"\" width=\"922\" height=\"384\" srcset=\"https:\/\/www.sagafurs.com\/wp-content\/uploads\/2025\/11\/8-922x384.jpg 922w, https:\/\/www.sagafurs.com\/wp-content\/uploads\/2025\/11\/8-1080x450.jpg 1080w, https:\/\/www.sagafurs.com\/wp-content\/uploads\/2025\/11\/8-768x320.jpg 768w, https:\/\/www.sagafurs.com\/wp-content\/uploads\/2025\/11\/8.jpg 1200w\" sizes=\"auto, (max-width: 922px) 100vw, 922px\" \/><\/p>\n<p>LOOK Nr 8 En gener\u00f6st tilltagen blazer som f\u00f6renar det f\u00f6rflutna med nuet. Blazern \u00e4r tillverkad av \u00e5tervunnet tartan-tyg och f\u00e4rgat silverr\u00e4vskinn. Silverblue- och Brown-minkp\u00e4lsdetaljer fullbordar looken. Plagget \u00e4r ett exempel p\u00e5 h\u00e5llbar utveckling och lyfter modern lyx till en ny niv\u00e5.<\/p>\n<p><img loading=\"lazy\" decoding=\"async\" class=\"alignnone size-medium wp-image-189014\" src=\"https:\/\/www.sagafurs.com\/wp-content\/uploads\/2025\/11\/Nimeton-malli-13-922x384.jpg\" alt=\"\" width=\"922\" height=\"384\" srcset=\"https:\/\/www.sagafurs.com\/wp-content\/uploads\/2025\/11\/Nimeton-malli-13-922x384.jpg 922w, https:\/\/www.sagafurs.com\/wp-content\/uploads\/2025\/11\/Nimeton-malli-13-1080x450.jpg 1080w, https:\/\/www.sagafurs.com\/wp-content\/uploads\/2025\/11\/Nimeton-malli-13-768x320.jpg 768w, https:\/\/www.sagafurs.com\/wp-content\/uploads\/2025\/11\/Nimeton-malli-13.jpg 1200w\" sizes=\"auto, (max-width: 922px) 100vw, 922px\" \/><\/p>\n<p>LOOK Nr 9 Bomberjackan som sammanf\u00f6r traditionella Saga Furs\u2019 tekniker med modern design \u00e4r tillverkad av Brown-minkskinn och bl\u00e5r\u00e4vskinn. Jackan har ett stort s\u00e5gtandsm\u00f6nster och en dramatisk dubbelsidig r\u00e4vp\u00e4lskrage.<\/p>\n<p><img loading=\"lazy\" decoding=\"async\" class=\"alignnone size-medium wp-image-188981\" src=\"https:\/\/www.sagafurs.com\/wp-content\/uploads\/2025\/11\/10-922x384.jpg\" alt=\"\" width=\"922\" height=\"384\" srcset=\"https:\/\/www.sagafurs.com\/wp-content\/uploads\/2025\/11\/10-922x384.jpg 922w, https:\/\/www.sagafurs.com\/wp-content\/uploads\/2025\/11\/10-1080x450.jpg 1080w, https:\/\/www.sagafurs.com\/wp-content\/uploads\/2025\/11\/10-768x320.jpg 768w, https:\/\/www.sagafurs.com\/wp-content\/uploads\/2025\/11\/10.jpg 1200w\" sizes=\"auto, (max-width: 922px) 100vw, 922px\" \/><\/p>\n<p>LOOK Nr 10 \u00c5teranv\u00e4ndningen av vintage-filtar har tagits till en ny niv\u00e5. Tartanfiltarna i ull har f\u00e5tt ett nytt liv tack vare bl\u00e5r\u00e4vskinnen och fox-on-fabric-tekniken. Resultatet \u00e4r b\u00e5de nostalgiskt och dj\u00e4rvt modernt.<\/p>\n<p><img loading=\"lazy\" decoding=\"async\" class=\"alignnone size-medium wp-image-188987\" src=\"https:\/\/www.sagafurs.com\/wp-content\/uploads\/2025\/11\/11-922x384.jpg\" alt=\"\" width=\"922\" height=\"384\" srcset=\"https:\/\/www.sagafurs.com\/wp-content\/uploads\/2025\/11\/11-922x384.jpg 922w, https:\/\/www.sagafurs.com\/wp-content\/uploads\/2025\/11\/11-1080x450.jpg 1080w, https:\/\/www.sagafurs.com\/wp-content\/uploads\/2025\/11\/11-768x320.jpg 768w, https:\/\/www.sagafurs.com\/wp-content\/uploads\/2025\/11\/11.jpg 1200w\" sizes=\"auto, (max-width: 922px) 100vw, 922px\" \/><\/p>\n<p>LOOK Nr 11 Vi minimerade avfallet och utnyttjade de rester av bl\u00e5r\u00e4vskinnen som blev \u00f6ver fr\u00e5n produktionsprocessen. Den effektfulla v\u00e4ndbara p\u00e4lssjalen \u00e4r tillverkad med intarsia-teknik och dekorerad med filtfransar. Helheten \u00e4r modern och dj\u00e4rv.<\/p>\n","protected":false},"excerpt":{"rendered":"<p>Saga Furs\u2019 Fur Vision\u00ae 2026-kollektion \u00e4r designad f\u00f6r en generation som bryr sig om framtiden, g\u00f6r medvetna val och inte \u00e4r r\u00e4dd f\u00f6r att utmana traditioner. \u201dJag har designat kollektionen f\u00f6r beslutsamma och sj\u00e4lvst\u00e4ndiga unga m\u00e4nniskor som v\u00e5gar sticka ut och anv\u00e4nder modet som ett uttryckss\u00e4tt f\u00f6r sin personlighet. De \u00e4r ocks\u00e5 en aning rebelliska<a class=\"excerpt-read-more\" href=\"https:\/\/www.sagafurs.com\/sv\/bolaget\/nyheter\/saga-furs-presenterar-fur-vision-2026-kollektionen\/\" title=\"L\u00e4sSaga Furs presenterar Fur Vision\u00ae 2026-kollektionen\">\u2026 L\u00e4s mera &raquo;<\/a><\/p>\n","protected":false},"featured_media":0,"template":"","class_list":["post-189249","news","type-news","status-publish","hentry"],"acf":[],"yoast_head":"<!-- This site is optimized with the Yoast SEO plugin v27.4 - https:\/\/yoast.com\/product\/yoast-seo-wordpress\/ -->\n<title>Saga Furs presenterar Fur Vision\u00ae 2026-kollektionen - Sagafurs<\/title>\n<meta name=\"robots\" content=\"index, follow, max-snippet:-1, max-image-preview:large, max-video-preview:-1\" \/>\n<link rel=\"canonical\" href=\"https:\/\/www.sagafurs.com\/sv\/bolaget\/nyheter\/saga-furs-presenterar-fur-vision-2026-kollektionen\/\" \/>\n<meta property=\"og:locale\" content=\"sv_SE\" \/>\n<meta property=\"og:type\" content=\"article\" \/>\n<meta property=\"og:title\" content=\"Saga Furs presenterar Fur Vision\u00ae 2026-kollektionen - Sagafurs\" \/>\n<meta property=\"og:description\" content=\"Saga Furs\u2019 Fur Vision\u00ae 2026-kollektion \u00e4r designad f\u00f6r en generation som bryr sig om framtiden, g\u00f6r medvetna val och inte \u00e4r r\u00e4dd f\u00f6r att utmana traditioner. \u201dJag har designat kollektionen f\u00f6r beslutsamma och sj\u00e4lvst\u00e4ndiga unga m\u00e4nniskor som v\u00e5gar sticka ut och anv\u00e4nder modet som ett uttryckss\u00e4tt f\u00f6r sin personlighet. De \u00e4r ocks\u00e5 en aning rebelliska\u2026 L\u00e4s mera &raquo;\" \/>\n<meta property=\"og:url\" content=\"https:\/\/www.sagafurs.com\/sv\/bolaget\/nyheter\/saga-furs-presenterar-fur-vision-2026-kollektionen\/\" \/>\n<meta property=\"og:site_name\" content=\"Sagafurs\" \/>\n<meta property=\"article:modified_time\" content=\"2025-11-13T09:21:54+00:00\" \/>\n<meta property=\"og:image\" content=\"https:\/\/www.sagafurs.com\/wp-content\/uploads\/2025\/11\/1-1.jpg\" \/>\n\t<meta property=\"og:image:width\" content=\"1200\" \/>\n\t<meta property=\"og:image:height\" content=\"500\" \/>\n\t<meta property=\"og:image:type\" content=\"image\/jpeg\" \/>\n<meta name=\"twitter:card\" content=\"summary_large_image\" \/>\n<meta name=\"twitter:label1\" content=\"Ber\u00e4knad l\u00e4stid\" \/>\n\t<meta name=\"twitter:data1\" content=\"5 minuter\" \/>\n<script type=\"application\/ld+json\" class=\"yoast-schema-graph\">{\"@context\":\"https:\\\/\\\/schema.org\",\"@graph\":[{\"@type\":\"WebPage\",\"@id\":\"https:\\\/\\\/www.sagafurs.com\\\/sv\\\/bolaget\\\/nyheter\\\/saga-furs-presenterar-fur-vision-2026-kollektionen\\\/\",\"url\":\"https:\\\/\\\/www.sagafurs.com\\\/sv\\\/bolaget\\\/nyheter\\\/saga-furs-presenterar-fur-vision-2026-kollektionen\\\/\",\"name\":\"Saga Furs presenterar Fur Vision\u00ae 2026-kollektionen - Sagafurs\",\"isPartOf\":{\"@id\":\"https:\\\/\\\/www.sagafurs.com\\\/#website\"},\"primaryImageOfPage\":{\"@id\":\"https:\\\/\\\/www.sagafurs.com\\\/sv\\\/bolaget\\\/nyheter\\\/saga-furs-presenterar-fur-vision-2026-kollektionen\\\/#primaryimage\"},\"image\":{\"@id\":\"https:\\\/\\\/www.sagafurs.com\\\/sv\\\/bolaget\\\/nyheter\\\/saga-furs-presenterar-fur-vision-2026-kollektionen\\\/#primaryimage\"},\"thumbnailUrl\":\"https:\\\/\\\/www.sagafurs.com\\\/wp-content\\\/uploads\\\/2025\\\/11\\\/1-1-922x384.jpg\",\"datePublished\":\"2025-11-13T07:12:01+00:00\",\"dateModified\":\"2025-11-13T09:21:54+00:00\",\"breadcrumb\":{\"@id\":\"https:\\\/\\\/www.sagafurs.com\\\/sv\\\/bolaget\\\/nyheter\\\/saga-furs-presenterar-fur-vision-2026-kollektionen\\\/#breadcrumb\"},\"inLanguage\":\"sv-SE\",\"potentialAction\":[{\"@type\":\"ReadAction\",\"target\":[\"https:\\\/\\\/www.sagafurs.com\\\/sv\\\/bolaget\\\/nyheter\\\/saga-furs-presenterar-fur-vision-2026-kollektionen\\\/\"]}]},{\"@type\":\"ImageObject\",\"inLanguage\":\"sv-SE\",\"@id\":\"https:\\\/\\\/www.sagafurs.com\\\/sv\\\/bolaget\\\/nyheter\\\/saga-furs-presenterar-fur-vision-2026-kollektionen\\\/#primaryimage\",\"url\":\"https:\\\/\\\/www.sagafurs.com\\\/wp-content\\\/uploads\\\/2025\\\/11\\\/1-1-922x384.jpg\",\"contentUrl\":\"https:\\\/\\\/www.sagafurs.com\\\/wp-content\\\/uploads\\\/2025\\\/11\\\/1-1-922x384.jpg\"},{\"@type\":\"BreadcrumbList\",\"@id\":\"https:\\\/\\\/www.sagafurs.com\\\/sv\\\/bolaget\\\/nyheter\\\/saga-furs-presenterar-fur-vision-2026-kollektionen\\\/#breadcrumb\",\"itemListElement\":[{\"@type\":\"ListItem\",\"position\":1,\"name\":\"Home\",\"item\":\"https:\\\/\\\/www.sagafurs.com\\\/sv\\\/\"},{\"@type\":\"ListItem\",\"position\":2,\"name\":\"Saga Furs presenterar Fur Vision\u00ae 2026-kollektionen\"}]},{\"@type\":\"WebSite\",\"@id\":\"https:\\\/\\\/www.sagafurs.com\\\/#website\",\"url\":\"https:\\\/\\\/www.sagafurs.com\\\/\",\"name\":\"Sagafurs\",\"description\":\"Sagafurs\",\"potentialAction\":[{\"@type\":\"SearchAction\",\"target\":{\"@type\":\"EntryPoint\",\"urlTemplate\":\"https:\\\/\\\/www.sagafurs.com\\\/?s={search_term_string}\"},\"query-input\":{\"@type\":\"PropertyValueSpecification\",\"valueRequired\":true,\"valueName\":\"search_term_string\"}}],\"inLanguage\":\"sv-SE\"}]}<\/script>\n<!-- \/ Yoast SEO plugin. -->","yoast_head_json":{"title":"Saga Furs presenterar Fur Vision\u00ae 2026-kollektionen - Sagafurs","robots":{"index":"index","follow":"follow","max-snippet":"max-snippet:-1","max-image-preview":"max-image-preview:large","max-video-preview":"max-video-preview:-1"},"canonical":"https:\/\/www.sagafurs.com\/sv\/bolaget\/nyheter\/saga-furs-presenterar-fur-vision-2026-kollektionen\/","og_locale":"sv_SE","og_type":"article","og_title":"Saga Furs presenterar Fur Vision\u00ae 2026-kollektionen - Sagafurs","og_description":"Saga Furs\u2019 Fur Vision\u00ae 2026-kollektion \u00e4r designad f\u00f6r en generation som bryr sig om framtiden, g\u00f6r medvetna val och inte \u00e4r r\u00e4dd f\u00f6r att utmana traditioner. \u201dJag har designat kollektionen f\u00f6r beslutsamma och sj\u00e4lvst\u00e4ndiga unga m\u00e4nniskor som v\u00e5gar sticka ut och anv\u00e4nder modet som ett uttryckss\u00e4tt f\u00f6r sin personlighet. De \u00e4r ocks\u00e5 en aning rebelliska\u2026 L\u00e4s mera &raquo;","og_url":"https:\/\/www.sagafurs.com\/sv\/bolaget\/nyheter\/saga-furs-presenterar-fur-vision-2026-kollektionen\/","og_site_name":"Sagafurs","article_modified_time":"2025-11-13T09:21:54+00:00","og_image":[{"width":1200,"height":500,"url":"https:\/\/www.sagafurs.com\/wp-content\/uploads\/2025\/11\/1-1.jpg","type":"image\/jpeg"}],"twitter_card":"summary_large_image","twitter_misc":{"Ber\u00e4knad l\u00e4stid":"5 minuter"},"schema":{"@context":"https:\/\/schema.org","@graph":[{"@type":"WebPage","@id":"https:\/\/www.sagafurs.com\/sv\/bolaget\/nyheter\/saga-furs-presenterar-fur-vision-2026-kollektionen\/","url":"https:\/\/www.sagafurs.com\/sv\/bolaget\/nyheter\/saga-furs-presenterar-fur-vision-2026-kollektionen\/","name":"Saga Furs presenterar Fur Vision\u00ae 2026-kollektionen - Sagafurs","isPartOf":{"@id":"https:\/\/www.sagafurs.com\/#website"},"primaryImageOfPage":{"@id":"https:\/\/www.sagafurs.com\/sv\/bolaget\/nyheter\/saga-furs-presenterar-fur-vision-2026-kollektionen\/#primaryimage"},"image":{"@id":"https:\/\/www.sagafurs.com\/sv\/bolaget\/nyheter\/saga-furs-presenterar-fur-vision-2026-kollektionen\/#primaryimage"},"thumbnailUrl":"https:\/\/www.sagafurs.com\/wp-content\/uploads\/2025\/11\/1-1-922x384.jpg","datePublished":"2025-11-13T07:12:01+00:00","dateModified":"2025-11-13T09:21:54+00:00","breadcrumb":{"@id":"https:\/\/www.sagafurs.com\/sv\/bolaget\/nyheter\/saga-furs-presenterar-fur-vision-2026-kollektionen\/#breadcrumb"},"inLanguage":"sv-SE","potentialAction":[{"@type":"ReadAction","target":["https:\/\/www.sagafurs.com\/sv\/bolaget\/nyheter\/saga-furs-presenterar-fur-vision-2026-kollektionen\/"]}]},{"@type":"ImageObject","inLanguage":"sv-SE","@id":"https:\/\/www.sagafurs.com\/sv\/bolaget\/nyheter\/saga-furs-presenterar-fur-vision-2026-kollektionen\/#primaryimage","url":"https:\/\/www.sagafurs.com\/wp-content\/uploads\/2025\/11\/1-1-922x384.jpg","contentUrl":"https:\/\/www.sagafurs.com\/wp-content\/uploads\/2025\/11\/1-1-922x384.jpg"},{"@type":"BreadcrumbList","@id":"https:\/\/www.sagafurs.com\/sv\/bolaget\/nyheter\/saga-furs-presenterar-fur-vision-2026-kollektionen\/#breadcrumb","itemListElement":[{"@type":"ListItem","position":1,"name":"Home","item":"https:\/\/www.sagafurs.com\/sv\/"},{"@type":"ListItem","position":2,"name":"Saga Furs presenterar Fur Vision\u00ae 2026-kollektionen"}]},{"@type":"WebSite","@id":"https:\/\/www.sagafurs.com\/#website","url":"https:\/\/www.sagafurs.com\/","name":"Sagafurs","description":"Sagafurs","potentialAction":[{"@type":"SearchAction","target":{"@type":"EntryPoint","urlTemplate":"https:\/\/www.sagafurs.com\/?s={search_term_string}"},"query-input":{"@type":"PropertyValueSpecification","valueRequired":true,"valueName":"search_term_string"}}],"inLanguage":"sv-SE"}]}},"_links":{"self":[{"href":"https:\/\/www.sagafurs.com\/sv\/wp-json\/wp\/v2\/news\/189249","targetHints":{"allow":["GET"]}}],"collection":[{"href":"https:\/\/www.sagafurs.com\/sv\/wp-json\/wp\/v2\/news"}],"about":[{"href":"https:\/\/www.sagafurs.com\/sv\/wp-json\/wp\/v2\/types\/news"}],"version-history":[{"count":0,"href":"https:\/\/www.sagafurs.com\/sv\/wp-json\/wp\/v2\/news\/189249\/revisions"}],"wp:attachment":[{"href":"https:\/\/www.sagafurs.com\/sv\/wp-json\/wp\/v2\/media?parent=189249"}],"curies":[{"name":"wp","href":"https:\/\/api.w.org\/{rel}","templated":true}]}}