{"id":193048,"date":"2025-12-17T10:53:16","date_gmt":"2025-12-17T08:53:16","guid":{"rendered":"https:\/\/www.sagafurs.com\/?post_type=news&#038;p=193048"},"modified":"2025-12-17T10:53:16","modified_gmt":"2025-12-17T08:53:16","slug":"saga-furs-kontorstider-i-december-2025-och-januari-2026-2","status":"publish","type":"news","link":"https:\/\/www.sagafurs.com\/sv\/bolaget\/nyheter\/saga-furs-kontorstider-i-december-2025-och-januari-2026-2\/","title":{"rendered":"Saga Furs kontorstider i december 2025 och januari 2026"},"content":{"rendered":"<p style=\"font-weight: 400;\">Vi \u00f6nskar v\u00e5ra kunder och samarbetspartners en fridfull jul och ett framg\u00e5ngsrikt nytt \u00e5r. V\u00e5rt huvudkontor i Vanda \u00e4r st\u00e4ngt under f\u00f6ljande jul- och ny\u00e5rshelger:<\/p>\n<ul>\n<li style=\"font-weight: 400;\">24\u201326.12.2025<\/li>\n<li style=\"font-weight: 400;\">1.1.2026<\/li>\n<li style=\"font-weight: 400;\">6.1.2026<\/li>\n<li style=\"font-weight: 400;\">Vi betj\u00e4nar normalt p\u00e5 andra vardagar.<\/li>\n<\/ul>\n<p style=\"font-weight: 400;\">Ett varmt tack f\u00f6r det g\u00e5ngna \u00e5ret!<\/p>\n<p><img loading=\"lazy\" decoding=\"async\" class=\"alignnone size-medium wp-image-192845\" src=\"https:\/\/www.sagafurs.com\/wp-content\/uploads\/2025\/12\/Joulu_Saga-922x384.jpg\" alt=\"\" width=\"922\" height=\"384\" srcset=\"https:\/\/www.sagafurs.com\/wp-content\/uploads\/2025\/12\/Joulu_Saga-922x384.jpg 922w, https:\/\/www.sagafurs.com\/wp-content\/uploads\/2025\/12\/Joulu_Saga-1080x450.jpg 1080w, https:\/\/www.sagafurs.com\/wp-content\/uploads\/2025\/12\/Joulu_Saga-768x320.jpg 768w, https:\/\/www.sagafurs.com\/wp-content\/uploads\/2025\/12\/Joulu_Saga.jpg 1200w\" sizes=\"auto, (max-width: 922px) 100vw, 922px\" \/><\/p>\n","protected":false},"excerpt":{"rendered":"<p>Vi \u00f6nskar v\u00e5ra kunder och samarbetspartners en fridfull jul och ett framg\u00e5ngsrikt nytt \u00e5r. V\u00e5rt huvudkontor i Vanda \u00e4r st\u00e4ngt under f\u00f6ljande jul- och ny\u00e5rshelger: 24\u201326.12.2025 1.1.2026 6.1.2026 Vi betj\u00e4nar normalt p\u00e5 andra vardagar. Ett varmt tack f\u00f6r det g\u00e5ngna \u00e5ret!<\/p>\n","protected":false},"featured_media":0,"template":"","class_list":["post-193048","news","type-news","status-publish","hentry"],"acf":[],"yoast_head":"<!-- This site is optimized with the Yoast SEO plugin v27.4 - https:\/\/yoast.com\/product\/yoast-seo-wordpress\/ -->\n<title>Saga Furs kontorstider i december 2025 och januari 2026 - Sagafurs<\/title>\n<meta name=\"robots\" content=\"index, follow, max-snippet:-1, max-image-preview:large, max-video-preview:-1\" \/>\n<link rel=\"canonical\" href=\"https:\/\/www.sagafurs.com\/sv\/bolaget\/nyheter\/saga-furs-kontorstider-i-december-2025-och-januari-2026-2\/\" \/>\n<meta property=\"og:locale\" content=\"sv_SE\" \/>\n<meta property=\"og:type\" content=\"article\" \/>\n<meta property=\"og:title\" content=\"Saga Furs kontorstider i december 2025 och januari 2026 - Sagafurs\" \/>\n<meta property=\"og:description\" content=\"Vi \u00f6nskar v\u00e5ra kunder och samarbetspartners en fridfull jul och ett framg\u00e5ngsrikt nytt \u00e5r. V\u00e5rt huvudkontor i Vanda \u00e4r st\u00e4ngt under f\u00f6ljande jul- och ny\u00e5rshelger: 24\u201326.12.2025 1.1.2026 6.1.2026 Vi betj\u00e4nar normalt p\u00e5 andra vardagar. Ett varmt tack f\u00f6r det g\u00e5ngna \u00e5ret!\" \/>\n<meta property=\"og:url\" content=\"https:\/\/www.sagafurs.com\/sv\/bolaget\/nyheter\/saga-furs-kontorstider-i-december-2025-och-januari-2026-2\/\" \/>\n<meta property=\"og:site_name\" content=\"Sagafurs\" \/>\n<meta property=\"og:image\" content=\"https:\/\/www.sagafurs.com\/wp-content\/uploads\/2025\/12\/Joulu_Saga.jpg\" \/>\n\t<meta property=\"og:image:width\" content=\"1200\" \/>\n\t<meta property=\"og:image:height\" content=\"500\" \/>\n\t<meta property=\"og:image:type\" content=\"image\/jpeg\" \/>\n<meta name=\"twitter:card\" content=\"summary_large_image\" \/>\n<meta name=\"twitter:label1\" content=\"Ber\u00e4knad l\u00e4stid\" \/>\n\t<meta name=\"twitter:data1\" content=\"1 minut\" \/>\n<script type=\"application\/ld+json\" class=\"yoast-schema-graph\">{\"@context\":\"https:\\\/\\\/schema.org\",\"@graph\":[{\"@type\":\"WebPage\",\"@id\":\"https:\\\/\\\/www.sagafurs.com\\\/sv\\\/bolaget\\\/nyheter\\\/saga-furs-kontorstider-i-december-2025-och-januari-2026-2\\\/\",\"url\":\"https:\\\/\\\/www.sagafurs.com\\\/sv\\\/bolaget\\\/nyheter\\\/saga-furs-kontorstider-i-december-2025-och-januari-2026-2\\\/\",\"name\":\"Saga Furs kontorstider i december 2025 och januari 2026 - Sagafurs\",\"isPartOf\":{\"@id\":\"https:\\\/\\\/www.sagafurs.com\\\/#website\"},\"primaryImageOfPage\":{\"@id\":\"https:\\\/\\\/www.sagafurs.com\\\/sv\\\/bolaget\\\/nyheter\\\/saga-furs-kontorstider-i-december-2025-och-januari-2026-2\\\/#primaryimage\"},\"image\":{\"@id\":\"https:\\\/\\\/www.sagafurs.com\\\/sv\\\/bolaget\\\/nyheter\\\/saga-furs-kontorstider-i-december-2025-och-januari-2026-2\\\/#primaryimage\"},\"thumbnailUrl\":\"https:\\\/\\\/www.sagafurs.com\\\/wp-content\\\/uploads\\\/2025\\\/12\\\/Joulu_Saga-922x384.jpg\",\"datePublished\":\"2025-12-17T08:53:16+00:00\",\"breadcrumb\":{\"@id\":\"https:\\\/\\\/www.sagafurs.com\\\/sv\\\/bolaget\\\/nyheter\\\/saga-furs-kontorstider-i-december-2025-och-januari-2026-2\\\/#breadcrumb\"},\"inLanguage\":\"sv-SE\",\"potentialAction\":[{\"@type\":\"ReadAction\",\"target\":[\"https:\\\/\\\/www.sagafurs.com\\\/sv\\\/bolaget\\\/nyheter\\\/saga-furs-kontorstider-i-december-2025-och-januari-2026-2\\\/\"]}]},{\"@type\":\"ImageObject\",\"inLanguage\":\"sv-SE\",\"@id\":\"https:\\\/\\\/www.sagafurs.com\\\/sv\\\/bolaget\\\/nyheter\\\/saga-furs-kontorstider-i-december-2025-och-januari-2026-2\\\/#primaryimage\",\"url\":\"https:\\\/\\\/www.sagafurs.com\\\/wp-content\\\/uploads\\\/2025\\\/12\\\/Joulu_Saga-922x384.jpg\",\"contentUrl\":\"https:\\\/\\\/www.sagafurs.com\\\/wp-content\\\/uploads\\\/2025\\\/12\\\/Joulu_Saga-922x384.jpg\"},{\"@type\":\"BreadcrumbList\",\"@id\":\"https:\\\/\\\/www.sagafurs.com\\\/sv\\\/bolaget\\\/nyheter\\\/saga-furs-kontorstider-i-december-2025-och-januari-2026-2\\\/#breadcrumb\",\"itemListElement\":[{\"@type\":\"ListItem\",\"position\":1,\"name\":\"Home\",\"item\":\"https:\\\/\\\/www.sagafurs.com\\\/sv\\\/\"},{\"@type\":\"ListItem\",\"position\":2,\"name\":\"Saga Furs kontorstider i december 2025 och januari 2026\"}]},{\"@type\":\"WebSite\",\"@id\":\"https:\\\/\\\/www.sagafurs.com\\\/#website\",\"url\":\"https:\\\/\\\/www.sagafurs.com\\\/\",\"name\":\"Sagafurs\",\"description\":\"Sagafurs\",\"potentialAction\":[{\"@type\":\"SearchAction\",\"target\":{\"@type\":\"EntryPoint\",\"urlTemplate\":\"https:\\\/\\\/www.sagafurs.com\\\/?s={search_term_string}\"},\"query-input\":{\"@type\":\"PropertyValueSpecification\",\"valueRequired\":true,\"valueName\":\"search_term_string\"}}],\"inLanguage\":\"sv-SE\"}]}<\/script>\n<!-- \/ Yoast SEO plugin. -->","yoast_head_json":{"title":"Saga Furs kontorstider i december 2025 och januari 2026 - Sagafurs","robots":{"index":"index","follow":"follow","max-snippet":"max-snippet:-1","max-image-preview":"max-image-preview:large","max-video-preview":"max-video-preview:-1"},"canonical":"https:\/\/www.sagafurs.com\/sv\/bolaget\/nyheter\/saga-furs-kontorstider-i-december-2025-och-januari-2026-2\/","og_locale":"sv_SE","og_type":"article","og_title":"Saga Furs kontorstider i december 2025 och januari 2026 - Sagafurs","og_description":"Vi \u00f6nskar v\u00e5ra kunder och samarbetspartners en fridfull jul och ett framg\u00e5ngsrikt nytt \u00e5r. V\u00e5rt huvudkontor i Vanda \u00e4r st\u00e4ngt under f\u00f6ljande jul- och ny\u00e5rshelger: 24\u201326.12.2025 1.1.2026 6.1.2026 Vi betj\u00e4nar normalt p\u00e5 andra vardagar. Ett varmt tack f\u00f6r det g\u00e5ngna \u00e5ret!","og_url":"https:\/\/www.sagafurs.com\/sv\/bolaget\/nyheter\/saga-furs-kontorstider-i-december-2025-och-januari-2026-2\/","og_site_name":"Sagafurs","og_image":[{"width":1200,"height":500,"url":"https:\/\/www.sagafurs.com\/wp-content\/uploads\/2025\/12\/Joulu_Saga.jpg","type":"image\/jpeg"}],"twitter_card":"summary_large_image","twitter_misc":{"Ber\u00e4knad l\u00e4stid":"1 minut"},"schema":{"@context":"https:\/\/schema.org","@graph":[{"@type":"WebPage","@id":"https:\/\/www.sagafurs.com\/sv\/bolaget\/nyheter\/saga-furs-kontorstider-i-december-2025-och-januari-2026-2\/","url":"https:\/\/www.sagafurs.com\/sv\/bolaget\/nyheter\/saga-furs-kontorstider-i-december-2025-och-januari-2026-2\/","name":"Saga Furs kontorstider i december 2025 och januari 2026 - Sagafurs","isPartOf":{"@id":"https:\/\/www.sagafurs.com\/#website"},"primaryImageOfPage":{"@id":"https:\/\/www.sagafurs.com\/sv\/bolaget\/nyheter\/saga-furs-kontorstider-i-december-2025-och-januari-2026-2\/#primaryimage"},"image":{"@id":"https:\/\/www.sagafurs.com\/sv\/bolaget\/nyheter\/saga-furs-kontorstider-i-december-2025-och-januari-2026-2\/#primaryimage"},"thumbnailUrl":"https:\/\/www.sagafurs.com\/wp-content\/uploads\/2025\/12\/Joulu_Saga-922x384.jpg","datePublished":"2025-12-17T08:53:16+00:00","breadcrumb":{"@id":"https:\/\/www.sagafurs.com\/sv\/bolaget\/nyheter\/saga-furs-kontorstider-i-december-2025-och-januari-2026-2\/#breadcrumb"},"inLanguage":"sv-SE","potentialAction":[{"@type":"ReadAction","target":["https:\/\/www.sagafurs.com\/sv\/bolaget\/nyheter\/saga-furs-kontorstider-i-december-2025-och-januari-2026-2\/"]}]},{"@type":"ImageObject","inLanguage":"sv-SE","@id":"https:\/\/www.sagafurs.com\/sv\/bolaget\/nyheter\/saga-furs-kontorstider-i-december-2025-och-januari-2026-2\/#primaryimage","url":"https:\/\/www.sagafurs.com\/wp-content\/uploads\/2025\/12\/Joulu_Saga-922x384.jpg","contentUrl":"https:\/\/www.sagafurs.com\/wp-content\/uploads\/2025\/12\/Joulu_Saga-922x384.jpg"},{"@type":"BreadcrumbList","@id":"https:\/\/www.sagafurs.com\/sv\/bolaget\/nyheter\/saga-furs-kontorstider-i-december-2025-och-januari-2026-2\/#breadcrumb","itemListElement":[{"@type":"ListItem","position":1,"name":"Home","item":"https:\/\/www.sagafurs.com\/sv\/"},{"@type":"ListItem","position":2,"name":"Saga Furs kontorstider i december 2025 och januari 2026"}]},{"@type":"WebSite","@id":"https:\/\/www.sagafurs.com\/#website","url":"https:\/\/www.sagafurs.com\/","name":"Sagafurs","description":"Sagafurs","potentialAction":[{"@type":"SearchAction","target":{"@type":"EntryPoint","urlTemplate":"https:\/\/www.sagafurs.com\/?s={search_term_string}"},"query-input":{"@type":"PropertyValueSpecification","valueRequired":true,"valueName":"search_term_string"}}],"inLanguage":"sv-SE"}]}},"_links":{"self":[{"href":"https:\/\/www.sagafurs.com\/sv\/wp-json\/wp\/v2\/news\/193048","targetHints":{"allow":["GET"]}}],"collection":[{"href":"https:\/\/www.sagafurs.com\/sv\/wp-json\/wp\/v2\/news"}],"about":[{"href":"https:\/\/www.sagafurs.com\/sv\/wp-json\/wp\/v2\/types\/news"}],"version-history":[{"count":0,"href":"https:\/\/www.sagafurs.com\/sv\/wp-json\/wp\/v2\/news\/193048\/revisions"}],"wp:attachment":[{"href":"https:\/\/www.sagafurs.com\/sv\/wp-json\/wp\/v2\/media?parent=193048"}],"curies":[{"name":"wp","href":"https:\/\/api.w.org\/{rel}","templated":true}]}}