{"id":197677,"date":"2026-03-27T10:59:46","date_gmt":"2026-03-27T08:59:46","guid":{"rendered":"https:\/\/www.sagafurs.com\/?post_type=news&#038;p=197677"},"modified":"2026-03-28T17:23:27","modified_gmt":"2026-03-28T15:23:27","slug":"de-nordamerikanska-royal-black-minkskinnen-inspirerade-studenterna-i-creative-hub-workshopen","status":"publish","type":"news","link":"https:\/\/www.sagafurs.com\/sv\/bolaget\/nyheter\/de-nordamerikanska-royal-black-minkskinnen-inspirerade-studenterna-i-creative-hub-workshopen\/","title":{"rendered":"De nordamerikanska Royal Black-minkskinnen inspirerade studenterna i Creative Hub workshopen"},"content":{"rendered":"<p><strong>Creative Hub tog f\u00f6rra veckan emot en liten, internationell grupp av studenter. Studenterna hade alla varit framg\u00e5ngsrika i Saga Furs\u2019 t\u00e4vlingar vid modeinstituten IED Roma, konstindustriella h\u00f6gskolan in Paris (Paris College of Art) och mode- och designskolan i K\u00f6penhamn (Copenhagen Fashion &amp; Design School). Under bes\u00f6ket bekantade sig studenterna med olika p\u00e4lstekniker, men \u00e4ven h\u00e5llbarhet och sp\u00e5rbarhet stod i fokus. Konceptet f\u00f6r bes\u00f6ket var n\u00e5got annorlunda \u00e4n vid tidigare workshopar eftersom de ambiti\u00f6sa studenterna den h\u00e4r g\u00e5ngen fokuserade p\u00e5 ett experimentellt designprojekt med nordamerikanska Royal Black-minkskinn.<\/strong><\/p>\n<p>Ett av m\u00e5len f\u00f6r den veckol\u00e5nga workshopen var att ytterligare st\u00e4rka samarbetet med utbildningsinstitutioner som inriktar sig p\u00e5 mode och design. Saga Furs investerar b\u00e5de ekonomiskt och tidsm\u00e4ssigt i partnerskapen. F\u00f6rutom att Saga Furs fungerar som en global marknadsplats f\u00f6r p\u00e4ls, vill man \u00e4ven sprida entusiasm och nya id\u00e9er kring anv\u00e4ndningen av p\u00e4ls. Samtidigt st\u00e4rks den internationella gemenskapen inom p\u00e4lsbranschen och deltagarna sprider kunskap on p\u00e4lsens h\u00e5llbarhet.<\/p>\n<p><img loading=\"lazy\" decoding=\"async\" class=\"alignnone size-medium wp-image-197648\" src=\"https:\/\/www.sagafurs.com\/wp-content\/uploads\/2026\/03\/2-1-1024x384.png\" alt=\"\" width=\"1024\" height=\"384\" srcset=\"https:\/\/www.sagafurs.com\/wp-content\/uploads\/2026\/03\/2-1-1024x384.png 1024w, https:\/\/www.sagafurs.com\/wp-content\/uploads\/2026\/03\/2-1-768x288.png 768w, https:\/\/www.sagafurs.com\/wp-content\/uploads\/2026\/03\/2-1-640x240.png 640w, https:\/\/www.sagafurs.com\/wp-content\/uploads\/2026\/03\/2-1.png 1200w\" sizes=\"auto, (max-width: 1024px) 100vw, 1024px\" \/><\/p>\n<p><strong>Kunskap v\u00e4cker lusten att l\u00e4ra sig mer<\/strong><\/p>\n<p><strong>Daniele<\/strong>, som \u00e4r masterstudent vid IED Roma, hade redan i sitt slutarbete anv\u00e4nt p\u00e4ls. Under studierna hade han hade ocks\u00e5 g\u00e5tt kursen i p\u00e4lsanv\u00e4ndning, vars l\u00e4rare Tiziana Melchiorri, sj\u00e4lv bes\u00f6kt Creative Hub f\u00f6r tv\u00e5 \u00e5r sedan.<\/p>\n<p>\u201dJag kan redan en del om hur man anv\u00e4nder p\u00e4ls i mode, men det g\u00f6r mig bara \u00e4nnu mer ivrig att l\u00e4ra mig nytt. Jag vill utforska alla m\u00f6jligheter med p\u00e4ls, samtidigt som jag ocks\u00e5 \u00e4r intresserad av att veta hur auktionsprocessen fungerar och hur p\u00e4ls r\u00f6r sig i genom v\u00e4rdekedjan\u201d, beskriver Daniele sina f\u00f6rv\u00e4ntningar inf\u00f6r workshopen.<\/p>\n<p>Han \u00e4r ocks\u00e5 \u00f6vertygad om att motst\u00e5ndet mot p\u00e4ls till stor del beror p\u00e5 bristande kunskap eller ovilja att s\u00f6ka information om p\u00e4lsproduktion och de h\u00e5llbarhetsstandarder som branschen har uppr\u00e4tth\u00e5llit i \u00e5ratal. Det kan ocks\u00e5 h\u00e4nda att motst\u00e5ndarna inte ens vill s\u00f6ka information.<\/p>\n<p>\u201dDe som jobbar inom mode mots\u00e4tter sig inte p\u00e4ls n\u00e4r de v\u00e4l bekantat sig med materialet. Naturligtvis finns det vissa som \u00e4r emot allt utnyttjande av djur. M\u00e4rkligt nog kan de \u00e4nd\u00e5 acceptera l\u00e4der, trots att det ocks\u00e5 kommer fr\u00e5n ett djur \u2013 fast utan p\u00e4ls.\u201d<\/p>\n<p><strong>\u201dIngenting g\u00e5r till spillo\u201d<\/strong><\/p>\n<p><strong>\u00a0<\/strong>H\u00e5llbarhet och sp\u00e5rbarhet \u00e4r oerh\u00f6rt viktiga fr\u00e5gor f\u00f6r Daniele. Han var redan insatt i dessa fr\u00e5gor och tyckte det var mycket intressant att delta i f\u00f6rel\u00e4sningen med Marika Peuhkuri-Gr\u00f6n fr\u00e5n Saga Furs.<\/p>\n<p><img loading=\"lazy\" decoding=\"async\" class=\"alignnone size-medium wp-image-197654\" src=\"https:\/\/www.sagafurs.com\/wp-content\/uploads\/2026\/03\/3-1-1024x384.png\" alt=\"\" width=\"1024\" height=\"384\" srcset=\"https:\/\/www.sagafurs.com\/wp-content\/uploads\/2026\/03\/3-1-1024x384.png 1024w, https:\/\/www.sagafurs.com\/wp-content\/uploads\/2026\/03\/3-1-768x288.png 768w, https:\/\/www.sagafurs.com\/wp-content\/uploads\/2026\/03\/3-1-640x240.png 640w, https:\/\/www.sagafurs.com\/wp-content\/uploads\/2026\/03\/3-1.png 1200w\" sizes=\"auto, (max-width: 1024px) 100vw, 1024px\" \/><\/p>\n<p>\u201dDjuren ska behandlas p\u00e5 b\u00e4sta m\u00f6jliga s\u00e4tt, och hela processen m\u00e5ste vara transparent. Jag \u00e4r ocks\u00e5 imponerad av hur effektiv produktionskedjan \u00e4r, ingenting g\u00e5r till spillo eller hamnar p\u00e5 soptippen\u201d, konstaterade Daniele.<\/p>\n<p>Trots att Daniele har jobbat inom p\u00e4lsbranschen, var det h\u00e4r f\u00f6rsta g\u00e5ngen han fick chansen att arbeta med f\u00e4rska p\u00e4lsskinn. Tidigare har han endast bekantat sig med de m\u00f6jligheter vintagep\u00e4lsen erbjuder.<\/p>\n<p>Workshopen gav en m\u00f6jlighet att konkret jobba med p\u00e4lsskinn. Det var ett privilegium att ha obegr\u00e4nsade m\u00f6jligheter att experimentera och kombinera p\u00e4ls med andra material. Innovativa materialkombinationer \u00e4r precis hans karri\u00e4rriktning.<\/p>\n<p><strong>Gl\u00e4djen i att experimentera och skapa vackra alster<\/strong><\/p>\n<p>Gruppen producerade teknikprover och \u00f6vade att kombinera svart mink med andra material. De b\u00e4sta bidragen inkluderades i Creative Hubs prover, och fungerar d\u00e4r\u00a0 om inspiration f\u00f6r andra designers.<\/p>\n<p>Personalen p\u00e5 Creative Hub var mycket n\u00f6jd med workshopen och ber\u00e4ttar att studenterna var v\u00e4ldigt entusiastiska och effektiva fr\u00e5n f\u00f6rsta b\u00f6rjan. De experimenterade outtr\u00f6ttligt och visade stort intresse f\u00f6r att arbeta med p\u00e4ls i framtiden.<\/p>\n<p><img loading=\"lazy\" decoding=\"async\" class=\"alignnone size-medium wp-image-197642\" src=\"https:\/\/www.sagafurs.com\/wp-content\/uploads\/2026\/03\/1-1-1024x384.jpg\" alt=\"\" width=\"1024\" height=\"384\" srcset=\"https:\/\/www.sagafurs.com\/wp-content\/uploads\/2026\/03\/1-1-1024x384.jpg 1024w, https:\/\/www.sagafurs.com\/wp-content\/uploads\/2026\/03\/1-1-768x288.jpg 768w, https:\/\/www.sagafurs.com\/wp-content\/uploads\/2026\/03\/1-1-640x240.jpg 640w, https:\/\/www.sagafurs.com\/wp-content\/uploads\/2026\/03\/1-1.jpg 1200w\" sizes=\"auto, (max-width: 1024px) 100vw, 1024px\" \/><\/p>\n<blockquote><p>Gruppfoto: i \u00f6versta raden b\u00f6rjande fr\u00e5n v\u00e4nster: <strong>Veronica, Daniele, Akane, Magenta, Elisabeth, och Alejandra.<\/strong> I fr\u00e4mre raden k\u00f6rsn\u00e4rerna <strong>Vittoria Tosatto<\/strong>\u00a0och\u00a0S<strong>ofia Dimitriadis<\/strong> fr\u00e5n\u00a0Saga Furs.<\/p><\/blockquote>\n<p>Studenternas alster med Royal Black-mink<\/p>\n<ul>\n<li>Veronica (fr\u00e5n Paris College of Art) producerade ett alster, d\u00e4r hon fl\u00e4tat minkskinn och v\u00e4vt det med l\u00e4derremsor till ett n\u00e4tliknande tyg<\/li>\n<li>Alejandra (Paris College of Art) kombinerade minkp\u00e4ls med tyg p\u00e5 vilket hon broderat p\u00e4rlor.<\/li>\n<li>Akane (fr\u00e5n Paris College of Art) gjorde ett tunt garn av minkskinn, som han stickade tillsammans med spets och p\u00e4rlor till ett alster.<\/li>\n<li>Magentas (fr\u00e5n Fashion &amp; Design School of Copenhagen) alster har mink- och l\u00e4derremsor, p\u00e5 vilka hon har f\u00e4st blommor gjorda av mink- och r\u00e4vskinn.<\/li>\n<li>Elisabeth (fr\u00e5n Fashion &amp; Design School of Copenhagen) kombinerade mink- och r\u00e4vp\u00e4ls med tyg. Minkskinnet \u00e4r sytt med rya-teknik och r\u00e4vskinnsbitarna \u00e4r sydda p\u00e5 tyget s\u00e5 att s\u00f6mmarna medvetet syns p\u00e5 utsidan.<\/li>\n<li>Daniele (fr\u00e5n IED Rome) kombinerade i sitt arbete mink, l\u00e4der och finnsjubb i ett m\u00f6nster av fyrkantiga bitar.<\/li>\n<\/ul>\n<p><img loading=\"lazy\" decoding=\"async\" class=\"alignnone size-medium wp-image-197700\" src=\"https:\/\/www.sagafurs.com\/wp-content\/uploads\/2026\/03\/Header-3-1024x384.png\" alt=\"\" width=\"1024\" height=\"384\" srcset=\"https:\/\/www.sagafurs.com\/wp-content\/uploads\/2026\/03\/Header-3-1024x384.png 1024w, https:\/\/www.sagafurs.com\/wp-content\/uploads\/2026\/03\/Header-3-768x288.png 768w, https:\/\/www.sagafurs.com\/wp-content\/uploads\/2026\/03\/Header-3-640x240.png 640w, https:\/\/www.sagafurs.com\/wp-content\/uploads\/2026\/03\/Header-3.png 1200w\" sizes=\"auto, (max-width: 1024px) 100vw, 1024px\" \/><\/p>\n","protected":false},"excerpt":{"rendered":"<p>Creative Hub tog f\u00f6rra veckan emot en liten, internationell grupp av studenter. Studenterna hade alla varit framg\u00e5ngsrika i Saga Furs\u2019 t\u00e4vlingar vid modeinstituten IED Roma, konstindustriella h\u00f6gskolan in Paris (Paris College of Art) och mode- och designskolan i K\u00f6penhamn (Copenhagen Fashion &amp; Design School). Under bes\u00f6ket bekantade sig studenterna med olika p\u00e4lstekniker, men \u00e4ven h\u00e5llbarhet<a class=\"excerpt-read-more\" href=\"https:\/\/www.sagafurs.com\/sv\/bolaget\/nyheter\/de-nordamerikanska-royal-black-minkskinnen-inspirerade-studenterna-i-creative-hub-workshopen\/\" title=\"L\u00e4sDe nordamerikanska Royal Black-minkskinnen inspirerade studenterna i Creative Hub workshopen\">\u2026 L\u00e4s mera &raquo;<\/a><\/p>\n","protected":false},"featured_media":0,"template":"","class_list":["post-197677","news","type-news","status-publish","hentry"],"acf":[],"yoast_head":"<!-- This site is optimized with the Yoast SEO plugin v27.4 - https:\/\/yoast.com\/product\/yoast-seo-wordpress\/ -->\n<title>De nordamerikanska Royal Black-minkskinnen inspirerade studenterna i Creative Hub workshopen - Sagafurs<\/title>\n<meta name=\"robots\" content=\"index, follow, max-snippet:-1, max-image-preview:large, max-video-preview:-1\" \/>\n<link rel=\"canonical\" href=\"https:\/\/www.sagafurs.com\/sv\/bolaget\/nyheter\/de-nordamerikanska-royal-black-minkskinnen-inspirerade-studenterna-i-creative-hub-workshopen\/\" \/>\n<meta property=\"og:locale\" content=\"sv_SE\" \/>\n<meta property=\"og:type\" content=\"article\" \/>\n<meta property=\"og:title\" content=\"De nordamerikanska Royal Black-minkskinnen inspirerade studenterna i Creative Hub workshopen - Sagafurs\" \/>\n<meta property=\"og:description\" content=\"Creative Hub tog f\u00f6rra veckan emot en liten, internationell grupp av studenter. Studenterna hade alla varit framg\u00e5ngsrika i Saga Furs\u2019 t\u00e4vlingar vid modeinstituten IED Roma, konstindustriella h\u00f6gskolan in Paris (Paris College of Art) och mode- och designskolan i K\u00f6penhamn (Copenhagen Fashion &amp; Design School). Under bes\u00f6ket bekantade sig studenterna med olika p\u00e4lstekniker, men \u00e4ven h\u00e5llbarhet\u2026 L\u00e4s mera &raquo;\" \/>\n<meta property=\"og:url\" content=\"https:\/\/www.sagafurs.com\/sv\/bolaget\/nyheter\/de-nordamerikanska-royal-black-minkskinnen-inspirerade-studenterna-i-creative-hub-workshopen\/\" \/>\n<meta property=\"og:site_name\" content=\"Sagafurs\" \/>\n<meta property=\"article:modified_time\" content=\"2026-03-28T15:23:27+00:00\" \/>\n<meta property=\"og:image\" content=\"https:\/\/www.sagafurs.com\/wp-content\/uploads\/2026\/03\/2-1.png\" \/>\n\t<meta property=\"og:image:width\" content=\"1200\" \/>\n\t<meta property=\"og:image:height\" content=\"450\" \/>\n\t<meta property=\"og:image:type\" content=\"image\/png\" \/>\n<meta name=\"twitter:card\" content=\"summary_large_image\" \/>\n<meta name=\"twitter:label1\" content=\"Ber\u00e4knad l\u00e4stid\" \/>\n\t<meta name=\"twitter:data1\" content=\"4 minuter\" \/>\n<script type=\"application\/ld+json\" class=\"yoast-schema-graph\">{\"@context\":\"https:\\\/\\\/schema.org\",\"@graph\":[{\"@type\":\"WebPage\",\"@id\":\"https:\\\/\\\/www.sagafurs.com\\\/sv\\\/bolaget\\\/nyheter\\\/de-nordamerikanska-royal-black-minkskinnen-inspirerade-studenterna-i-creative-hub-workshopen\\\/\",\"url\":\"https:\\\/\\\/www.sagafurs.com\\\/sv\\\/bolaget\\\/nyheter\\\/de-nordamerikanska-royal-black-minkskinnen-inspirerade-studenterna-i-creative-hub-workshopen\\\/\",\"name\":\"De nordamerikanska Royal Black-minkskinnen inspirerade studenterna i Creative Hub workshopen - Sagafurs\",\"isPartOf\":{\"@id\":\"https:\\\/\\\/www.sagafurs.com\\\/#website\"},\"primaryImageOfPage\":{\"@id\":\"https:\\\/\\\/www.sagafurs.com\\\/sv\\\/bolaget\\\/nyheter\\\/de-nordamerikanska-royal-black-minkskinnen-inspirerade-studenterna-i-creative-hub-workshopen\\\/#primaryimage\"},\"image\":{\"@id\":\"https:\\\/\\\/www.sagafurs.com\\\/sv\\\/bolaget\\\/nyheter\\\/de-nordamerikanska-royal-black-minkskinnen-inspirerade-studenterna-i-creative-hub-workshopen\\\/#primaryimage\"},\"thumbnailUrl\":\"https:\\\/\\\/www.sagafurs.com\\\/wp-content\\\/uploads\\\/2026\\\/03\\\/2-1-1024x384.png\",\"datePublished\":\"2026-03-27T08:59:46+00:00\",\"dateModified\":\"2026-03-28T15:23:27+00:00\",\"breadcrumb\":{\"@id\":\"https:\\\/\\\/www.sagafurs.com\\\/sv\\\/bolaget\\\/nyheter\\\/de-nordamerikanska-royal-black-minkskinnen-inspirerade-studenterna-i-creative-hub-workshopen\\\/#breadcrumb\"},\"inLanguage\":\"sv-SE\",\"potentialAction\":[{\"@type\":\"ReadAction\",\"target\":[\"https:\\\/\\\/www.sagafurs.com\\\/sv\\\/bolaget\\\/nyheter\\\/de-nordamerikanska-royal-black-minkskinnen-inspirerade-studenterna-i-creative-hub-workshopen\\\/\"]}]},{\"@type\":\"ImageObject\",\"inLanguage\":\"sv-SE\",\"@id\":\"https:\\\/\\\/www.sagafurs.com\\\/sv\\\/bolaget\\\/nyheter\\\/de-nordamerikanska-royal-black-minkskinnen-inspirerade-studenterna-i-creative-hub-workshopen\\\/#primaryimage\",\"url\":\"https:\\\/\\\/www.sagafurs.com\\\/wp-content\\\/uploads\\\/2026\\\/03\\\/2-1-1024x384.png\",\"contentUrl\":\"https:\\\/\\\/www.sagafurs.com\\\/wp-content\\\/uploads\\\/2026\\\/03\\\/2-1-1024x384.png\"},{\"@type\":\"BreadcrumbList\",\"@id\":\"https:\\\/\\\/www.sagafurs.com\\\/sv\\\/bolaget\\\/nyheter\\\/de-nordamerikanska-royal-black-minkskinnen-inspirerade-studenterna-i-creative-hub-workshopen\\\/#breadcrumb\",\"itemListElement\":[{\"@type\":\"ListItem\",\"position\":1,\"name\":\"Home\",\"item\":\"https:\\\/\\\/www.sagafurs.com\\\/sv\\\/\"},{\"@type\":\"ListItem\",\"position\":2,\"name\":\"De nordamerikanska Royal Black-minkskinnen inspirerade studenterna i Creative Hub workshopen\"}]},{\"@type\":\"WebSite\",\"@id\":\"https:\\\/\\\/www.sagafurs.com\\\/#website\",\"url\":\"https:\\\/\\\/www.sagafurs.com\\\/\",\"name\":\"Sagafurs\",\"description\":\"Sagafurs\",\"potentialAction\":[{\"@type\":\"SearchAction\",\"target\":{\"@type\":\"EntryPoint\",\"urlTemplate\":\"https:\\\/\\\/www.sagafurs.com\\\/?s={search_term_string}\"},\"query-input\":{\"@type\":\"PropertyValueSpecification\",\"valueRequired\":true,\"valueName\":\"search_term_string\"}}],\"inLanguage\":\"sv-SE\"}]}<\/script>\n<!-- \/ Yoast SEO plugin. -->","yoast_head_json":{"title":"De nordamerikanska Royal Black-minkskinnen inspirerade studenterna i Creative Hub workshopen - Sagafurs","robots":{"index":"index","follow":"follow","max-snippet":"max-snippet:-1","max-image-preview":"max-image-preview:large","max-video-preview":"max-video-preview:-1"},"canonical":"https:\/\/www.sagafurs.com\/sv\/bolaget\/nyheter\/de-nordamerikanska-royal-black-minkskinnen-inspirerade-studenterna-i-creative-hub-workshopen\/","og_locale":"sv_SE","og_type":"article","og_title":"De nordamerikanska Royal Black-minkskinnen inspirerade studenterna i Creative Hub workshopen - Sagafurs","og_description":"Creative Hub tog f\u00f6rra veckan emot en liten, internationell grupp av studenter. Studenterna hade alla varit framg\u00e5ngsrika i Saga Furs\u2019 t\u00e4vlingar vid modeinstituten IED Roma, konstindustriella h\u00f6gskolan in Paris (Paris College of Art) och mode- och designskolan i K\u00f6penhamn (Copenhagen Fashion &amp; Design School). Under bes\u00f6ket bekantade sig studenterna med olika p\u00e4lstekniker, men \u00e4ven h\u00e5llbarhet\u2026 L\u00e4s mera &raquo;","og_url":"https:\/\/www.sagafurs.com\/sv\/bolaget\/nyheter\/de-nordamerikanska-royal-black-minkskinnen-inspirerade-studenterna-i-creative-hub-workshopen\/","og_site_name":"Sagafurs","article_modified_time":"2026-03-28T15:23:27+00:00","og_image":[{"width":1200,"height":450,"url":"https:\/\/www.sagafurs.com\/wp-content\/uploads\/2026\/03\/2-1.png","type":"image\/png"}],"twitter_card":"summary_large_image","twitter_misc":{"Ber\u00e4knad l\u00e4stid":"4 minuter"},"schema":{"@context":"https:\/\/schema.org","@graph":[{"@type":"WebPage","@id":"https:\/\/www.sagafurs.com\/sv\/bolaget\/nyheter\/de-nordamerikanska-royal-black-minkskinnen-inspirerade-studenterna-i-creative-hub-workshopen\/","url":"https:\/\/www.sagafurs.com\/sv\/bolaget\/nyheter\/de-nordamerikanska-royal-black-minkskinnen-inspirerade-studenterna-i-creative-hub-workshopen\/","name":"De nordamerikanska Royal Black-minkskinnen inspirerade studenterna i Creative Hub workshopen - Sagafurs","isPartOf":{"@id":"https:\/\/www.sagafurs.com\/#website"},"primaryImageOfPage":{"@id":"https:\/\/www.sagafurs.com\/sv\/bolaget\/nyheter\/de-nordamerikanska-royal-black-minkskinnen-inspirerade-studenterna-i-creative-hub-workshopen\/#primaryimage"},"image":{"@id":"https:\/\/www.sagafurs.com\/sv\/bolaget\/nyheter\/de-nordamerikanska-royal-black-minkskinnen-inspirerade-studenterna-i-creative-hub-workshopen\/#primaryimage"},"thumbnailUrl":"https:\/\/www.sagafurs.com\/wp-content\/uploads\/2026\/03\/2-1-1024x384.png","datePublished":"2026-03-27T08:59:46+00:00","dateModified":"2026-03-28T15:23:27+00:00","breadcrumb":{"@id":"https:\/\/www.sagafurs.com\/sv\/bolaget\/nyheter\/de-nordamerikanska-royal-black-minkskinnen-inspirerade-studenterna-i-creative-hub-workshopen\/#breadcrumb"},"inLanguage":"sv-SE","potentialAction":[{"@type":"ReadAction","target":["https:\/\/www.sagafurs.com\/sv\/bolaget\/nyheter\/de-nordamerikanska-royal-black-minkskinnen-inspirerade-studenterna-i-creative-hub-workshopen\/"]}]},{"@type":"ImageObject","inLanguage":"sv-SE","@id":"https:\/\/www.sagafurs.com\/sv\/bolaget\/nyheter\/de-nordamerikanska-royal-black-minkskinnen-inspirerade-studenterna-i-creative-hub-workshopen\/#primaryimage","url":"https:\/\/www.sagafurs.com\/wp-content\/uploads\/2026\/03\/2-1-1024x384.png","contentUrl":"https:\/\/www.sagafurs.com\/wp-content\/uploads\/2026\/03\/2-1-1024x384.png"},{"@type":"BreadcrumbList","@id":"https:\/\/www.sagafurs.com\/sv\/bolaget\/nyheter\/de-nordamerikanska-royal-black-minkskinnen-inspirerade-studenterna-i-creative-hub-workshopen\/#breadcrumb","itemListElement":[{"@type":"ListItem","position":1,"name":"Home","item":"https:\/\/www.sagafurs.com\/sv\/"},{"@type":"ListItem","position":2,"name":"De nordamerikanska Royal Black-minkskinnen inspirerade studenterna i Creative Hub workshopen"}]},{"@type":"WebSite","@id":"https:\/\/www.sagafurs.com\/#website","url":"https:\/\/www.sagafurs.com\/","name":"Sagafurs","description":"Sagafurs","potentialAction":[{"@type":"SearchAction","target":{"@type":"EntryPoint","urlTemplate":"https:\/\/www.sagafurs.com\/?s={search_term_string}"},"query-input":{"@type":"PropertyValueSpecification","valueRequired":true,"valueName":"search_term_string"}}],"inLanguage":"sv-SE"}]}},"_links":{"self":[{"href":"https:\/\/www.sagafurs.com\/sv\/wp-json\/wp\/v2\/news\/197677","targetHints":{"allow":["GET"]}}],"collection":[{"href":"https:\/\/www.sagafurs.com\/sv\/wp-json\/wp\/v2\/news"}],"about":[{"href":"https:\/\/www.sagafurs.com\/sv\/wp-json\/wp\/v2\/types\/news"}],"version-history":[{"count":0,"href":"https:\/\/www.sagafurs.com\/sv\/wp-json\/wp\/v2\/news\/197677\/revisions"}],"wp:attachment":[{"href":"https:\/\/www.sagafurs.com\/sv\/wp-json\/wp\/v2\/media?parent=197677"}],"curies":[{"name":"wp","href":"https:\/\/api.w.org\/{rel}","templated":true}]}}