{"id":3497,"date":"2016-01-15T09:31:08","date_gmt":"2016-01-15T09:31:08","guid":{"rendered":"https:\/\/www.sagafurs.com\/sv\/corporate\/news\/%d0%b1%d0%b8%d0%b7%d0%bd%d0%b5%d1%81-%d0%b4%d0%b8%d1%80%d0%b5%d0%ba%d1%82%d0%be%d1%80%d0%be%d0%bc-%d0%bf%d0%be-%d0%bc%d0%be%d0%b4%d0%b5-%d0%b8-%d1%87%d0%bb%d0%b5%d0%bd%d0%be%d0%bc-%d1%80%d1%83%d0%ba\/"},"modified":"2016-10-10T09:47:03","modified_gmt":"2016-10-10T08:47:03","slug":"tia-matthews-har-utnamnts-till-modeaffarsverksamhetsdirektor-och-medlem-av-bolagets-ledningsgrupp","status":"publish","type":"news","link":"https:\/\/www.sagafurs.com\/sv\/bolaget\/nyheter\/tia-matthews-har-utnamnts-till-modeaffarsverksamhetsdirektor-och-medlem-av-bolagets-ledningsgrupp\/","title":{"rendered":"Tia Matthews har utn\u00e4mnts till modeaff\u00e4rsverksamhetsdirekt\u00f6r och medlem av bolagets ledningsgrupp"},"content":{"rendered":"<p>Tia Matthews har utn\u00e4mnts till direkt\u00f6r med ansvar f\u00f6r Saga Furs Oyj:s modeaff\u00e4rsverksamhet samt till medlem av bolagets ledningsgrupp fr.o.m. den 15.2.2016.<\/p>\n<p>F\u00f6re sitt nya uppdrag har Matthews fungerat som marknadsf\u00f6ringsdirekt\u00f6r f\u00f6r Adidas Group i Finland samt som f\u00f6r\u00e4ndringskommunikationsdirekt\u00f6r f\u00f6r PwC i Sydney. F\u00f6re det har hon innehaft posten som informationschef p\u00e5 Nokia Enterprise Solutions i New York samt p\u00e5 Nokias koncerninformation i Esbo.<\/p>\n<p>Matthews&#8217; gedigna erfarenhet av internationell kommunikation och marknadsf\u00f6ring p\u00e5 ledande niv\u00e5 st\u00e4rker bolagets kompetens inom det viktiga modeaff\u00e4rsverksamhets\u00adomr\u00e5det.<\/p>\n","protected":false},"excerpt":{"rendered":"<p>Tia Matthews har utn\u00e4mnts till direkt\u00f6r med ansvar f\u00f6r Saga Furs Oyj:s modeaff\u00e4rsverksamhet samt till medlem av bolagets ledningsgrupp fr.o.m. den 15.2.2016. F\u00f6re sitt nya uppdrag har Matthews fungerat som marknadsf\u00f6ringsdirekt\u00f6r f\u00f6r Adidas Group i Finland samt som f\u00f6r\u00e4ndringskommunikationsdirekt\u00f6r f\u00f6r PwC i Sydney. F\u00f6re det har hon innehaft posten som informationschef p\u00e5 Nokia Enterprise Solutions<a class=\"excerpt-read-more\" href=\"https:\/\/www.sagafurs.com\/sv\/bolaget\/nyheter\/tia-matthews-har-utnamnts-till-modeaffarsverksamhetsdirektor-och-medlem-av-bolagets-ledningsgrupp\/\" title=\"L\u00e4sTia Matthews har utn\u00e4mnts till modeaff\u00e4rsverksamhetsdirekt\u00f6r och medlem av bolagets ledningsgrupp\">\u2026 L\u00e4s mera &raquo;<\/a><\/p>\n","protected":false},"featured_media":3477,"template":"","class_list":["post-3497","news","type-news","status-publish","has-post-thumbnail","hentry","news_category-corporate-sv"],"acf":[],"yoast_head":"<!-- This site is optimized with the Yoast SEO plugin v27.4 - https:\/\/yoast.com\/product\/yoast-seo-wordpress\/ -->\n<title>Tia Matthews har utn\u00e4mnts till modeaff\u00e4rsverksamhetsdirekt\u00f6r och medlem av bolagets ledningsgrupp - Sagafurs<\/title>\n<meta name=\"robots\" content=\"index, follow, max-snippet:-1, max-image-preview:large, max-video-preview:-1\" \/>\n<link rel=\"canonical\" href=\"https:\/\/www.sagafurs.com\/sv\/bolaget\/nyheter\/tia-matthews-har-utnamnts-till-modeaffarsverksamhetsdirektor-och-medlem-av-bolagets-ledningsgrupp\/\" \/>\n<meta property=\"og:locale\" content=\"sv_SE\" \/>\n<meta property=\"og:type\" content=\"article\" \/>\n<meta property=\"og:title\" content=\"Tia Matthews har utn\u00e4mnts till modeaff\u00e4rsverksamhetsdirekt\u00f6r och medlem av bolagets ledningsgrupp - Sagafurs\" \/>\n<meta property=\"og:description\" content=\"Tia Matthews har utn\u00e4mnts till direkt\u00f6r med ansvar f\u00f6r Saga Furs Oyj:s modeaff\u00e4rsverksamhet samt till medlem av bolagets ledningsgrupp fr.o.m. den 15.2.2016. F\u00f6re sitt nya uppdrag har Matthews fungerat som marknadsf\u00f6ringsdirekt\u00f6r f\u00f6r Adidas Group i Finland samt som f\u00f6r\u00e4ndringskommunikationsdirekt\u00f6r f\u00f6r PwC i Sydney. F\u00f6re det har hon innehaft posten som informationschef p\u00e5 Nokia Enterprise Solutions\u2026 L\u00e4s mera &raquo;\" \/>\n<meta property=\"og:url\" content=\"https:\/\/www.sagafurs.com\/sv\/bolaget\/nyheter\/tia-matthews-har-utnamnts-till-modeaffarsverksamhetsdirektor-och-medlem-av-bolagets-ledningsgrupp\/\" \/>\n<meta property=\"og:site_name\" content=\"Sagafurs\" \/>\n<meta property=\"article:modified_time\" content=\"2016-10-10T08:47:03+00:00\" \/>\n<meta property=\"og:image\" content=\"http:\/\/www.sagafurs.com\/wp-content\/uploads\/2016\/10\/Tia-Matthew_uusi-saga-1.jpg\" \/>\n\t<meta property=\"og:image:width\" content=\"690\" \/>\n\t<meta property=\"og:image:height\" content=\"518\" \/>\n\t<meta property=\"og:image:type\" content=\"image\/jpeg\" \/>\n<meta name=\"twitter:card\" content=\"summary_large_image\" \/>\n<meta name=\"twitter:label1\" content=\"Ber\u00e4knad l\u00e4stid\" \/>\n\t<meta name=\"twitter:data1\" content=\"1 minut\" \/>\n<script type=\"application\/ld+json\" class=\"yoast-schema-graph\">{\"@context\":\"https:\\\/\\\/schema.org\",\"@graph\":[{\"@type\":\"WebPage\",\"@id\":\"https:\\\/\\\/www.sagafurs.com\\\/sv\\\/bolaget\\\/nyheter\\\/tia-matthews-har-utnamnts-till-modeaffarsverksamhetsdirektor-och-medlem-av-bolagets-ledningsgrupp\\\/\",\"url\":\"https:\\\/\\\/www.sagafurs.com\\\/sv\\\/bolaget\\\/nyheter\\\/tia-matthews-har-utnamnts-till-modeaffarsverksamhetsdirektor-och-medlem-av-bolagets-ledningsgrupp\\\/\",\"name\":\"Tia Matthews har utn\u00e4mnts till modeaff\u00e4rsverksamhetsdirekt\u00f6r och medlem av bolagets ledningsgrupp - Sagafurs\",\"isPartOf\":{\"@id\":\"https:\\\/\\\/www.sagafurs.com\\\/#website\"},\"primaryImageOfPage\":{\"@id\":\"https:\\\/\\\/www.sagafurs.com\\\/sv\\\/bolaget\\\/nyheter\\\/tia-matthews-har-utnamnts-till-modeaffarsverksamhetsdirektor-och-medlem-av-bolagets-ledningsgrupp\\\/#primaryimage\"},\"image\":{\"@id\":\"https:\\\/\\\/www.sagafurs.com\\\/sv\\\/bolaget\\\/nyheter\\\/tia-matthews-har-utnamnts-till-modeaffarsverksamhetsdirektor-och-medlem-av-bolagets-ledningsgrupp\\\/#primaryimage\"},\"thumbnailUrl\":\"https:\\\/\\\/www.sagafurs.com\\\/wp-content\\\/uploads\\\/2016\\\/10\\\/Tia-Matthew_uusi-saga-1.jpg\",\"datePublished\":\"2016-01-15T09:31:08+00:00\",\"dateModified\":\"2016-10-10T08:47:03+00:00\",\"breadcrumb\":{\"@id\":\"https:\\\/\\\/www.sagafurs.com\\\/sv\\\/bolaget\\\/nyheter\\\/tia-matthews-har-utnamnts-till-modeaffarsverksamhetsdirektor-och-medlem-av-bolagets-ledningsgrupp\\\/#breadcrumb\"},\"inLanguage\":\"sv-SE\",\"potentialAction\":[{\"@type\":\"ReadAction\",\"target\":[\"https:\\\/\\\/www.sagafurs.com\\\/sv\\\/bolaget\\\/nyheter\\\/tia-matthews-har-utnamnts-till-modeaffarsverksamhetsdirektor-och-medlem-av-bolagets-ledningsgrupp\\\/\"]}]},{\"@type\":\"ImageObject\",\"inLanguage\":\"sv-SE\",\"@id\":\"https:\\\/\\\/www.sagafurs.com\\\/sv\\\/bolaget\\\/nyheter\\\/tia-matthews-har-utnamnts-till-modeaffarsverksamhetsdirektor-och-medlem-av-bolagets-ledningsgrupp\\\/#primaryimage\",\"url\":\"https:\\\/\\\/www.sagafurs.com\\\/wp-content\\\/uploads\\\/2016\\\/10\\\/Tia-Matthew_uusi-saga-1.jpg\",\"contentUrl\":\"https:\\\/\\\/www.sagafurs.com\\\/wp-content\\\/uploads\\\/2016\\\/10\\\/Tia-Matthew_uusi-saga-1.jpg\",\"width\":690,\"height\":518},{\"@type\":\"BreadcrumbList\",\"@id\":\"https:\\\/\\\/www.sagafurs.com\\\/sv\\\/bolaget\\\/nyheter\\\/tia-matthews-har-utnamnts-till-modeaffarsverksamhetsdirektor-och-medlem-av-bolagets-ledningsgrupp\\\/#breadcrumb\",\"itemListElement\":[{\"@type\":\"ListItem\",\"position\":1,\"name\":\"Home\",\"item\":\"https:\\\/\\\/www.sagafurs.com\\\/sv\\\/\"},{\"@type\":\"ListItem\",\"position\":2,\"name\":\"Tia Matthews har utn\u00e4mnts till modeaff\u00e4rsverksamhetsdirekt\u00f6r och medlem av bolagets ledningsgrupp\"}]},{\"@type\":\"WebSite\",\"@id\":\"https:\\\/\\\/www.sagafurs.com\\\/#website\",\"url\":\"https:\\\/\\\/www.sagafurs.com\\\/\",\"name\":\"Sagafurs\",\"description\":\"Sagafurs\",\"potentialAction\":[{\"@type\":\"SearchAction\",\"target\":{\"@type\":\"EntryPoint\",\"urlTemplate\":\"https:\\\/\\\/www.sagafurs.com\\\/?s={search_term_string}\"},\"query-input\":{\"@type\":\"PropertyValueSpecification\",\"valueRequired\":true,\"valueName\":\"search_term_string\"}}],\"inLanguage\":\"sv-SE\"}]}<\/script>\n<!-- \/ Yoast SEO plugin. -->","yoast_head_json":{"title":"Tia Matthews har utn\u00e4mnts till modeaff\u00e4rsverksamhetsdirekt\u00f6r och medlem av bolagets ledningsgrupp - Sagafurs","robots":{"index":"index","follow":"follow","max-snippet":"max-snippet:-1","max-image-preview":"max-image-preview:large","max-video-preview":"max-video-preview:-1"},"canonical":"https:\/\/www.sagafurs.com\/sv\/bolaget\/nyheter\/tia-matthews-har-utnamnts-till-modeaffarsverksamhetsdirektor-och-medlem-av-bolagets-ledningsgrupp\/","og_locale":"sv_SE","og_type":"article","og_title":"Tia Matthews har utn\u00e4mnts till modeaff\u00e4rsverksamhetsdirekt\u00f6r och medlem av bolagets ledningsgrupp - Sagafurs","og_description":"Tia Matthews har utn\u00e4mnts till direkt\u00f6r med ansvar f\u00f6r Saga Furs Oyj:s modeaff\u00e4rsverksamhet samt till medlem av bolagets ledningsgrupp fr.o.m. den 15.2.2016. F\u00f6re sitt nya uppdrag har Matthews fungerat som marknadsf\u00f6ringsdirekt\u00f6r f\u00f6r Adidas Group i Finland samt som f\u00f6r\u00e4ndringskommunikationsdirekt\u00f6r f\u00f6r PwC i Sydney. F\u00f6re det har hon innehaft posten som informationschef p\u00e5 Nokia Enterprise Solutions\u2026 L\u00e4s mera &raquo;","og_url":"https:\/\/www.sagafurs.com\/sv\/bolaget\/nyheter\/tia-matthews-har-utnamnts-till-modeaffarsverksamhetsdirektor-och-medlem-av-bolagets-ledningsgrupp\/","og_site_name":"Sagafurs","article_modified_time":"2016-10-10T08:47:03+00:00","og_image":[{"width":690,"height":518,"url":"http:\/\/www.sagafurs.com\/wp-content\/uploads\/2016\/10\/Tia-Matthew_uusi-saga-1.jpg","type":"image\/jpeg"}],"twitter_card":"summary_large_image","twitter_misc":{"Ber\u00e4knad l\u00e4stid":"1 minut"},"schema":{"@context":"https:\/\/schema.org","@graph":[{"@type":"WebPage","@id":"https:\/\/www.sagafurs.com\/sv\/bolaget\/nyheter\/tia-matthews-har-utnamnts-till-modeaffarsverksamhetsdirektor-och-medlem-av-bolagets-ledningsgrupp\/","url":"https:\/\/www.sagafurs.com\/sv\/bolaget\/nyheter\/tia-matthews-har-utnamnts-till-modeaffarsverksamhetsdirektor-och-medlem-av-bolagets-ledningsgrupp\/","name":"Tia Matthews har utn\u00e4mnts till modeaff\u00e4rsverksamhetsdirekt\u00f6r och medlem av bolagets ledningsgrupp - Sagafurs","isPartOf":{"@id":"https:\/\/www.sagafurs.com\/#website"},"primaryImageOfPage":{"@id":"https:\/\/www.sagafurs.com\/sv\/bolaget\/nyheter\/tia-matthews-har-utnamnts-till-modeaffarsverksamhetsdirektor-och-medlem-av-bolagets-ledningsgrupp\/#primaryimage"},"image":{"@id":"https:\/\/www.sagafurs.com\/sv\/bolaget\/nyheter\/tia-matthews-har-utnamnts-till-modeaffarsverksamhetsdirektor-och-medlem-av-bolagets-ledningsgrupp\/#primaryimage"},"thumbnailUrl":"https:\/\/www.sagafurs.com\/wp-content\/uploads\/2016\/10\/Tia-Matthew_uusi-saga-1.jpg","datePublished":"2016-01-15T09:31:08+00:00","dateModified":"2016-10-10T08:47:03+00:00","breadcrumb":{"@id":"https:\/\/www.sagafurs.com\/sv\/bolaget\/nyheter\/tia-matthews-har-utnamnts-till-modeaffarsverksamhetsdirektor-och-medlem-av-bolagets-ledningsgrupp\/#breadcrumb"},"inLanguage":"sv-SE","potentialAction":[{"@type":"ReadAction","target":["https:\/\/www.sagafurs.com\/sv\/bolaget\/nyheter\/tia-matthews-har-utnamnts-till-modeaffarsverksamhetsdirektor-och-medlem-av-bolagets-ledningsgrupp\/"]}]},{"@type":"ImageObject","inLanguage":"sv-SE","@id":"https:\/\/www.sagafurs.com\/sv\/bolaget\/nyheter\/tia-matthews-har-utnamnts-till-modeaffarsverksamhetsdirektor-och-medlem-av-bolagets-ledningsgrupp\/#primaryimage","url":"https:\/\/www.sagafurs.com\/wp-content\/uploads\/2016\/10\/Tia-Matthew_uusi-saga-1.jpg","contentUrl":"https:\/\/www.sagafurs.com\/wp-content\/uploads\/2016\/10\/Tia-Matthew_uusi-saga-1.jpg","width":690,"height":518},{"@type":"BreadcrumbList","@id":"https:\/\/www.sagafurs.com\/sv\/bolaget\/nyheter\/tia-matthews-har-utnamnts-till-modeaffarsverksamhetsdirektor-och-medlem-av-bolagets-ledningsgrupp\/#breadcrumb","itemListElement":[{"@type":"ListItem","position":1,"name":"Home","item":"https:\/\/www.sagafurs.com\/sv\/"},{"@type":"ListItem","position":2,"name":"Tia Matthews har utn\u00e4mnts till modeaff\u00e4rsverksamhetsdirekt\u00f6r och medlem av bolagets ledningsgrupp"}]},{"@type":"WebSite","@id":"https:\/\/www.sagafurs.com\/#website","url":"https:\/\/www.sagafurs.com\/","name":"Sagafurs","description":"Sagafurs","potentialAction":[{"@type":"SearchAction","target":{"@type":"EntryPoint","urlTemplate":"https:\/\/www.sagafurs.com\/?s={search_term_string}"},"query-input":{"@type":"PropertyValueSpecification","valueRequired":true,"valueName":"search_term_string"}}],"inLanguage":"sv-SE"}]}},"_links":{"self":[{"href":"https:\/\/www.sagafurs.com\/sv\/wp-json\/wp\/v2\/news\/3497","targetHints":{"allow":["GET"]}}],"collection":[{"href":"https:\/\/www.sagafurs.com\/sv\/wp-json\/wp\/v2\/news"}],"about":[{"href":"https:\/\/www.sagafurs.com\/sv\/wp-json\/wp\/v2\/types\/news"}],"version-history":[{"count":0,"href":"https:\/\/www.sagafurs.com\/sv\/wp-json\/wp\/v2\/news\/3497\/revisions"}],"wp:featuredmedia":[{"embeddable":true,"href":"https:\/\/www.sagafurs.com\/sv\/wp-json\/wp\/v2\/media\/3477"}],"wp:attachment":[{"href":"https:\/\/www.sagafurs.com\/sv\/wp-json\/wp\/v2\/media?parent=3497"}],"curies":[{"name":"wp","href":"https:\/\/api.w.org\/{rel}","templated":true}]}}