{"id":3768,"date":"2016-02-18T07:14:31","date_gmt":"2016-02-18T07:14:31","guid":{"rendered":"https:\/\/www.sagafurs.com\/sv\/corporate\/news\/saga-furs-mukana-seinajoen-nahkanayttelyssa\/"},"modified":"2016-11-10T11:19:06","modified_gmt":"2016-11-10T11:19:06","slug":"saga-furs-mukana-seinajoen-nahkanayttelyssa","status":"publish","type":"news","link":"https:\/\/www.sagafurs.com\/sv\/bolaget\/nyheter\/saga-furs-mukana-seinajoen-nahkanayttelyssa\/","title":{"rendered":"Saga Furs med p\u00e5 skinnutst\u00e4llningen i Sein\u00e4joki"},"content":{"rendered":"<p>ProFurs och Saga Furs gemensamma skinnutst\u00e4llning, som ordnades i Sein\u00e4joki-arenan den 12-13.3, \u00e4r ett av p\u00e4lsbranschens st\u00f6rsta \u00e5rliga evenemang som lockade \u00f6ver 600 bes\u00f6kare och ett fyrtiotal utst\u00e4llare. P\u00e5 programmet fanns bl.a. f\u00f6redrag om p\u00e4lsbranschens marknadsl\u00e4ge, framtidsutsikter och ekonomiska relationstal samt paneldebatter om mink- och r\u00e4vuppf\u00f6dning. Dessutom kunde farmarna utbyta \u00e5sikter och skapa nya kontakter. I modeshowen f\u00f6revisades inhemska p\u00e4lsplagg f\u00f6r olika \u00e5rstider. Vid Saga Furs m\u00e4ssavdelning kunde farmarna bekanta sig med WebSampo-avelsprogrammet och p\u00e4lsatelj\u00e9ns skapelser samt Furfix&#8217;, Fin Furlabs och ProFurs verksamhet.<\/p>\n<p>Saga Furs delade ut hederspris f\u00f6r de b\u00e4sta mink- och r\u00e4vpartierna. Priset f\u00f6r b\u00e4sta minklott gick till JJ Penttil\u00e4 Oy fr\u00e5n Kaustby och priset f\u00f6r b\u00e4sta r\u00e4vlott till Oy Bergmans P\u00e4lsfarm Ab fr\u00e5n V\u00f6r\u00e5. Vinnarna f\u00e5r m\u00f6jlighet att bes\u00f6ka p\u00e4lsm\u00e4ssan i Kastoria i Grekland inkommande maj. Dessutom delades ut specialomn\u00e4mnanden till andra meriterade farmer. I det utmanande marknadsl\u00e4get \u00e4r det allt viktigare att satsa p\u00e5 kvalitet f\u00f6r att s\u00e4kra en l\u00f6nsam aff\u00e4rsverksamhet, eftersom f\u00f6rs\u00e4ljningspriserna p\u00e5 skinn av h\u00f6g kvalitet \u00e4r betydligt b\u00e4ttre \u00e4n p\u00e5 kommersiella skinn.<\/p>\n<p>St\u00e4mningarna var positiva vid skinnutst\u00e4llningen och trots det utmanande marknadsl\u00e4get s\u00e5g man med tillf\u00f6rsikt p\u00e5 framtiden.<\/p>\n<p>18 feb. 2016<\/p>\n","protected":false},"excerpt":{"rendered":"<p>ProFurs och Saga Furs gemensamma skinnutst\u00e4llning, som ordnades i Sein\u00e4joki-arenan den 12-13.3, \u00e4r ett av p\u00e4lsbranschens st\u00f6rsta \u00e5rliga evenemang som lockade \u00f6ver 600 bes\u00f6kare och ett fyrtiotal utst\u00e4llare. P\u00e5 programmet fanns bl.a. f\u00f6redrag om p\u00e4lsbranschens marknadsl\u00e4ge, framtidsutsikter och ekonomiska relationstal samt paneldebatter om mink- och r\u00e4vuppf\u00f6dning. Dessutom kunde farmarna utbyta \u00e5sikter och skapa nya kontakter.<a class=\"excerpt-read-more\" href=\"https:\/\/www.sagafurs.com\/sv\/bolaget\/nyheter\/saga-furs-mukana-seinajoen-nahkanayttelyssa\/\" title=\"L\u00e4sSaga Furs med p\u00e5 skinnutst\u00e4llningen i Sein\u00e4joki\">\u2026 L\u00e4s mera &raquo;<\/a><\/p>\n","protected":false},"featured_media":0,"template":"","class_list":["post-3768","news","type-news","status-publish","hentry","news_category-corporate-sv"],"acf":[],"yoast_head":"<!-- This site is optimized with the Yoast SEO plugin v27.4 - https:\/\/yoast.com\/product\/yoast-seo-wordpress\/ -->\n<title>Saga Furs med p\u00e5 skinnutst\u00e4llningen i Sein\u00e4joki - Sagafurs<\/title>\n<meta name=\"robots\" content=\"index, follow, max-snippet:-1, max-image-preview:large, max-video-preview:-1\" \/>\n<link rel=\"canonical\" href=\"https:\/\/www.sagafurs.com\/sv\/bolaget\/nyheter\/saga-furs-mukana-seinajoen-nahkanayttelyssa\/\" \/>\n<meta property=\"og:locale\" content=\"sv_SE\" \/>\n<meta property=\"og:type\" content=\"article\" \/>\n<meta property=\"og:title\" content=\"Saga Furs med p\u00e5 skinnutst\u00e4llningen i Sein\u00e4joki - Sagafurs\" \/>\n<meta property=\"og:description\" content=\"ProFurs och Saga Furs gemensamma skinnutst\u00e4llning, som ordnades i Sein\u00e4joki-arenan den 12-13.3, \u00e4r ett av p\u00e4lsbranschens st\u00f6rsta \u00e5rliga evenemang som lockade \u00f6ver 600 bes\u00f6kare och ett fyrtiotal utst\u00e4llare. P\u00e5 programmet fanns bl.a. f\u00f6redrag om p\u00e4lsbranschens marknadsl\u00e4ge, framtidsutsikter och ekonomiska relationstal samt paneldebatter om mink- och r\u00e4vuppf\u00f6dning. Dessutom kunde farmarna utbyta \u00e5sikter och skapa nya kontakter.\u2026 L\u00e4s mera &raquo;\" \/>\n<meta property=\"og:url\" content=\"https:\/\/www.sagafurs.com\/sv\/bolaget\/nyheter\/saga-furs-mukana-seinajoen-nahkanayttelyssa\/\" \/>\n<meta property=\"og:site_name\" content=\"Sagafurs\" \/>\n<meta property=\"article:modified_time\" content=\"2016-11-10T11:19:06+00:00\" \/>\n<meta name=\"twitter:card\" content=\"summary_large_image\" \/>\n<meta name=\"twitter:label1\" content=\"Ber\u00e4knad l\u00e4stid\" \/>\n\t<meta name=\"twitter:data1\" content=\"1 minut\" \/>\n<script type=\"application\/ld+json\" class=\"yoast-schema-graph\">{\"@context\":\"https:\\\/\\\/schema.org\",\"@graph\":[{\"@type\":\"WebPage\",\"@id\":\"https:\\\/\\\/www.sagafurs.com\\\/sv\\\/bolaget\\\/nyheter\\\/saga-furs-mukana-seinajoen-nahkanayttelyssa\\\/\",\"url\":\"https:\\\/\\\/www.sagafurs.com\\\/sv\\\/bolaget\\\/nyheter\\\/saga-furs-mukana-seinajoen-nahkanayttelyssa\\\/\",\"name\":\"Saga Furs med p\u00e5 skinnutst\u00e4llningen i Sein\u00e4joki - Sagafurs\",\"isPartOf\":{\"@id\":\"https:\\\/\\\/www.sagafurs.com\\\/#website\"},\"datePublished\":\"2016-02-18T07:14:31+00:00\",\"dateModified\":\"2016-11-10T11:19:06+00:00\",\"breadcrumb\":{\"@id\":\"https:\\\/\\\/www.sagafurs.com\\\/sv\\\/bolaget\\\/nyheter\\\/saga-furs-mukana-seinajoen-nahkanayttelyssa\\\/#breadcrumb\"},\"inLanguage\":\"sv-SE\",\"potentialAction\":[{\"@type\":\"ReadAction\",\"target\":[\"https:\\\/\\\/www.sagafurs.com\\\/sv\\\/bolaget\\\/nyheter\\\/saga-furs-mukana-seinajoen-nahkanayttelyssa\\\/\"]}]},{\"@type\":\"BreadcrumbList\",\"@id\":\"https:\\\/\\\/www.sagafurs.com\\\/sv\\\/bolaget\\\/nyheter\\\/saga-furs-mukana-seinajoen-nahkanayttelyssa\\\/#breadcrumb\",\"itemListElement\":[{\"@type\":\"ListItem\",\"position\":1,\"name\":\"Home\",\"item\":\"https:\\\/\\\/www.sagafurs.com\\\/sv\\\/\"},{\"@type\":\"ListItem\",\"position\":2,\"name\":\"Saga Furs med p\u00e5 skinnutst\u00e4llningen i Sein\u00e4joki\"}]},{\"@type\":\"WebSite\",\"@id\":\"https:\\\/\\\/www.sagafurs.com\\\/#website\",\"url\":\"https:\\\/\\\/www.sagafurs.com\\\/\",\"name\":\"Sagafurs\",\"description\":\"Sagafurs\",\"potentialAction\":[{\"@type\":\"SearchAction\",\"target\":{\"@type\":\"EntryPoint\",\"urlTemplate\":\"https:\\\/\\\/www.sagafurs.com\\\/?s={search_term_string}\"},\"query-input\":{\"@type\":\"PropertyValueSpecification\",\"valueRequired\":true,\"valueName\":\"search_term_string\"}}],\"inLanguage\":\"sv-SE\"}]}<\/script>\n<!-- \/ Yoast SEO plugin. -->","yoast_head_json":{"title":"Saga Furs med p\u00e5 skinnutst\u00e4llningen i Sein\u00e4joki - Sagafurs","robots":{"index":"index","follow":"follow","max-snippet":"max-snippet:-1","max-image-preview":"max-image-preview:large","max-video-preview":"max-video-preview:-1"},"canonical":"https:\/\/www.sagafurs.com\/sv\/bolaget\/nyheter\/saga-furs-mukana-seinajoen-nahkanayttelyssa\/","og_locale":"sv_SE","og_type":"article","og_title":"Saga Furs med p\u00e5 skinnutst\u00e4llningen i Sein\u00e4joki - Sagafurs","og_description":"ProFurs och Saga Furs gemensamma skinnutst\u00e4llning, som ordnades i Sein\u00e4joki-arenan den 12-13.3, \u00e4r ett av p\u00e4lsbranschens st\u00f6rsta \u00e5rliga evenemang som lockade \u00f6ver 600 bes\u00f6kare och ett fyrtiotal utst\u00e4llare. P\u00e5 programmet fanns bl.a. f\u00f6redrag om p\u00e4lsbranschens marknadsl\u00e4ge, framtidsutsikter och ekonomiska relationstal samt paneldebatter om mink- och r\u00e4vuppf\u00f6dning. Dessutom kunde farmarna utbyta \u00e5sikter och skapa nya kontakter.\u2026 L\u00e4s mera &raquo;","og_url":"https:\/\/www.sagafurs.com\/sv\/bolaget\/nyheter\/saga-furs-mukana-seinajoen-nahkanayttelyssa\/","og_site_name":"Sagafurs","article_modified_time":"2016-11-10T11:19:06+00:00","twitter_card":"summary_large_image","twitter_misc":{"Ber\u00e4knad l\u00e4stid":"1 minut"},"schema":{"@context":"https:\/\/schema.org","@graph":[{"@type":"WebPage","@id":"https:\/\/www.sagafurs.com\/sv\/bolaget\/nyheter\/saga-furs-mukana-seinajoen-nahkanayttelyssa\/","url":"https:\/\/www.sagafurs.com\/sv\/bolaget\/nyheter\/saga-furs-mukana-seinajoen-nahkanayttelyssa\/","name":"Saga Furs med p\u00e5 skinnutst\u00e4llningen i Sein\u00e4joki - Sagafurs","isPartOf":{"@id":"https:\/\/www.sagafurs.com\/#website"},"datePublished":"2016-02-18T07:14:31+00:00","dateModified":"2016-11-10T11:19:06+00:00","breadcrumb":{"@id":"https:\/\/www.sagafurs.com\/sv\/bolaget\/nyheter\/saga-furs-mukana-seinajoen-nahkanayttelyssa\/#breadcrumb"},"inLanguage":"sv-SE","potentialAction":[{"@type":"ReadAction","target":["https:\/\/www.sagafurs.com\/sv\/bolaget\/nyheter\/saga-furs-mukana-seinajoen-nahkanayttelyssa\/"]}]},{"@type":"BreadcrumbList","@id":"https:\/\/www.sagafurs.com\/sv\/bolaget\/nyheter\/saga-furs-mukana-seinajoen-nahkanayttelyssa\/#breadcrumb","itemListElement":[{"@type":"ListItem","position":1,"name":"Home","item":"https:\/\/www.sagafurs.com\/sv\/"},{"@type":"ListItem","position":2,"name":"Saga Furs med p\u00e5 skinnutst\u00e4llningen i Sein\u00e4joki"}]},{"@type":"WebSite","@id":"https:\/\/www.sagafurs.com\/#website","url":"https:\/\/www.sagafurs.com\/","name":"Sagafurs","description":"Sagafurs","potentialAction":[{"@type":"SearchAction","target":{"@type":"EntryPoint","urlTemplate":"https:\/\/www.sagafurs.com\/?s={search_term_string}"},"query-input":{"@type":"PropertyValueSpecification","valueRequired":true,"valueName":"search_term_string"}}],"inLanguage":"sv-SE"}]}},"_links":{"self":[{"href":"https:\/\/www.sagafurs.com\/sv\/wp-json\/wp\/v2\/news\/3768","targetHints":{"allow":["GET"]}}],"collection":[{"href":"https:\/\/www.sagafurs.com\/sv\/wp-json\/wp\/v2\/news"}],"about":[{"href":"https:\/\/www.sagafurs.com\/sv\/wp-json\/wp\/v2\/types\/news"}],"version-history":[{"count":0,"href":"https:\/\/www.sagafurs.com\/sv\/wp-json\/wp\/v2\/news\/3768\/revisions"}],"wp:attachment":[{"href":"https:\/\/www.sagafurs.com\/sv\/wp-json\/wp\/v2\/media?parent=3768"}],"curies":[{"name":"wp","href":"https:\/\/api.w.org\/{rel}","templated":true}]}}